{"id":233771,"date":"2019-11-27T16:46:38","date_gmt":"2019-11-27T13:46:38","guid":{"rendered":"http:\/\/www.tvturk.com\/index.php\/birevim-ykb-murat-ciftci-dijital-lazim-tasarruf-elzem-anlayisindayiz\/"},"modified":"2019-11-27T16:46:38","modified_gmt":"2019-11-27T13:46:38","slug":"birevim-ykb-murat-ciftci-dijital-lazim-tasarruf-elzem-anlayisindayiz","status":"publish","type":"post","link":"http:\/\/www.tvturk.com\/index.php\/birevim-ykb-murat-ciftci-dijital-lazim-tasarruf-elzem-anlayisindayiz\/","title":{"rendered":"Birevim YKB Murat \u00c7ift\u00e7i: &#8220;Dijital laz\u0131m; tasarruf elzem anlay\u0131\u015f\u0131nday\u0131z&#8221;"},"content":{"rendered":"<p>Birevim Y\u00f6netim Kurulu Ba\u015fkan\u0131 Murat \u00c7ift\u00e7i, V\u0130ZYONER19 Zirvesinde yapt\u0131\u011f\u0131 konu\u015fmas\u0131nda, &#8220;Bug\u00fcn T\u00fcrkiye n\u00fcfusunun en az y\u00fczde 70\u2019i, konvansiyonel finans kaynaklar\u0131na eri\u015femiyor. Bu nedenle, dijital laz\u0131m; tasarruf elzem anlay\u0131\u015f\u0131nday\u0131z.&#8221; dedi.<\/p>\n<p>Geli\u015ftirdi\u011fi tasarruf odakl\u0131 faizsiz finans modeliyle ev veya araba sahibi olma hayaline \u00e7\u00f6z\u00fcm \u00fcreten Birevim, M\u00dcS\u0130AD\u2019\u0131n (M\u00fcstakil Sanayici ve \u0130\u015fadamlar\u0131 Derne\u011fi) geleneksel Vizyoner Zirvesi\u2019ne ana sponsor oldu. Birevim Y\u00f6netim Kurulu Ba\u015fkan\u0131 Murat \u00c7ift\u00e7i zirvede yapt\u0131\u011f\u0131 konu\u015fmas\u0131nda etkinli\u011fin ana sponsoru olmaktan duyduklar\u0131 memnuniyeti dile getirdi.<\/p>\n<p>\u015eirket olarak kendilerinin bu s\u00fcrecin neresinde olduklar\u0131na da de\u011finen \u00c7ift\u00e7i, &#8220;Art\u0131k t\u00fcm end\u00fcstriler deneyimi merkeze alarak yeniden konumlan\u0131yor. Dilerseniz hep birlikte 2025 y\u0131l\u0131nda modern bir ev hayal edelim. Tabi ki ak\u0131ll\u0131 cihazlar\u0131n, sanal sesli asistanlar\u0131n varl\u0131\u011f\u0131 artacak. Bunlar, elbette ki, ev ya\u015fam\u0131na b\u00fcy\u00fck faydalar sa\u011flayacak. B\u0131rakal\u0131m 2025\u2019i, gelecek y\u0131l nesnelerin interneti sayesinde 30 milyar cihaz\u0131n birbiriyle ba\u011flant\u0131l\u0131 olmas\u0131 ve 40 zettabayt veri \u00fcretmesi bekleniyor. Peki acaba bu evlerde b\u00fcy\u00fcyen \u00e7ocuklar, ne t\u00fcr deneyimlere ve hat\u0131ralara sahip olacak? Yani nerede ve ne t\u00fcr kolayl\u0131klarla ya\u015fad\u0131\u011f\u0131n\u0131z de\u011fil, g\u00fcven hissiniz, hat\u0131ralar\u0131n\u0131z ve deneyimleriniz bir evi, ev yapacak. G\u00f6r\u00fcnen o ki, dijitalle\u015fmede fiziksel unsurlara k\u0131yasla, bir evi tam anlam\u0131yla s\u0131cak bir yuvaya d\u00f6n\u00fc\u015ft\u00fcren tek \u015fey \u2019insani de\u011ferler\u2019 olacak. Konu tasarruf k\u00fclt\u00fcr\u00fc oldu\u011funda da, finans oldu\u011funda da, teknoloji oldu\u011funda da gelecek oldu\u011funda da de\u011fi\u015fmiyor; oda\u011f\u0131m\u0131z hep \u2018insan\u2019 oluyor. Bizim de oda\u011f\u0131m\u0131zda insan, insan odakl\u0131 finans ve tasarruf var. Ve bulundu\u011fumuz her ortamda b\u00f6yle hat\u0131rlatmalar yapmay\u0131 g\u00f6rev say\u0131yoruz. K\u0131sacas\u0131, dijital laz\u0131m; tasarruf elzem anlay\u0131\u015f\u0131nday\u0131z.&#8221; dedi<\/p>\n<p>\u0130nsan\u0131n en b\u00fcy\u00fck hazinesinin, sahip oldu\u011fu de\u011ferler oldu\u011funu, e\u011fer insan\u0131n elinden bu de\u011ferlerin simgesi olan anlam\u0131 al\u0131rsak, yerine ne verirsek verelim, hakl\u0131 olarak, mutlu olmayaca\u011f\u0131n\u0131 vurgulayan \u00c7ift\u00e7i, s\u00f6zlerine \u015f\u00f6yle devam etti: &#8220;Tam da bu nedenle biz, Birevim olarak, hep insan odakl\u0131l\u0131ktan s\u00f6z ediyor, bu konuda \u00f6d\u00fcn vermeden yol almaya gayret ediyoruz. T\u00fcrkiye\u2019de 23 milyon aile var. Biz \u015fu an, her ay 100 bin ki\u015fiyi tasarruf anlay\u0131\u015f\u0131 ve k\u00fclt\u00fcr\u00fcyle tan\u0131\u015ft\u0131r\u0131yoruz. Hedefimiz 5 y\u0131lda 5 milyon ailenin birlikte tasarruf finansman\u0131yla ev veya araba hayallerine kavu\u015fmas\u0131na vesile olmak. Ve bunun i\u00e7in dijitalle\u015fme yolunda \u00f6nemli yat\u0131r\u0131mlar yap\u0131yoruz. \u0130nsan\u0131 merkeze alan \u00e7\u00f6z\u00fcm odakl\u0131 sosyal politikalar geli\u015ftirmek i\u00e7in de gayret sarf ediyoruz. \u00c7\u00fcnk\u00fc bu, sadece ticari bir i\u015f de\u011fil, ayn\u0131 zamanda milli bir kalk\u0131nma modeli bizim i\u00e7in. Bak\u0131n, tam bu noktada, Cumhurba\u015fkan\u0131m\u0131z\u0131n 9 Eyl\u00fcl 2019 tarihli bir konu\u015fmas\u0131ndan al\u0131nt\u0131 yapmak isterim. Diyor ki; &#8220;Alternatif finans konusunda cesur ad\u0131mlar ataca\u011f\u0131z. Bizim medeniyetimiz ve k\u00fclt\u00fcr\u00fcm\u00fcz insan\u0131 merkeze al\u0131r. Faize ve bor\u00e7lanmaya dayal\u0131 sisteme kar\u015f\u0131 \u00e7\u0131kmam\u0131z\u0131n nedeni inanc\u0131m\u0131z\u0131n yan\u0131 s\u0131ra sistemin insani y\u00fck\u00fcn\u00fcn a\u011f\u0131rla\u015fm\u0131\u015f olmas\u0131d\u0131r.&#8221;&#8221; \u015feklinde konu\u015ftu<\/p>\n<p>&#8220;Bug\u00fcn T\u00fcrkiye n\u00fcfusunun en az y\u00fczde 70\u2019i, konvansiyonel finans kaynaklar\u0131na eri\u015femiyor&#8221;<\/p>\n<p>M\u00dcS\u0130AD Genel Ba\u015fkan\u0131 Abdurrahman Kaan\u2019\u0131n da da her f\u0131rsatta faizsiz ve de\u011ferlere uygun alternatif finans modellerinin bir an \u00f6nce hayata ge\u00e7irilmesi ve yayg\u0131nla\u015ft\u0131rmas\u0131 gerekti\u011fini ifade eden Murat \u00c7ift\u00e7i, &#8220;Bug\u00fcn T\u00fcrkiye n\u00fcfusunun en az y\u00fczde 70\u2019i, konvansiyonel finans kaynaklar\u0131na eri\u015femiyor. Bu kaynaklara eri\u015febilenler ise faiz oranlar\u0131n\u0131 y\u00fcksek buluyor ya da faizle i\u015flem yapmay\u0131 tercih etmedi\u011fi i\u00e7in, alternatif \u00e7\u00f6z\u00fcm aray\u0131\u015f\u0131na giriyor. Birevim i\u015fte bu aray\u0131\u015f\u0131n sonucunda do\u011fmu\u015f bir kurulu\u015ftur. Biz insanlara, alternatif bir finansman hizmeti sunuyoruz. Ve tasarruf k\u00fclt\u00fcr\u00fcn\u00fcn yayg\u0131nla\u015fmas\u0131 i\u00e7in elimizden gelenin en iyisini yapmaya \u00e7al\u0131\u015f\u0131yoruz. \u00c7\u00fcnk\u00fc tasarruf bilinci, bizim ku\u015fa\u011f\u0131n ivedilikle hat\u0131rlamas\u0131 ve gen\u00e7 ku\u015faklara \u00f6\u011fretmesi gereken bir konu. Tasarruf ahlak\u0131n\u0131n, payla\u015fma, dayan\u0131\u015fma bilinciyle birlikte geli\u015fti\u011fini; mutlulu\u011fun, verdik\u00e7e, b\u00f6l\u00fc\u015ft\u00fck\u00e7e, payla\u015ft\u0131k\u00e7a artt\u0131\u011f\u0131n\u0131; payla\u015ft\u0131k\u00e7a \u00e7o\u011fald\u0131\u011f\u0131n\u0131, bir fiil ya\u015fayarak \u00f6\u011frendik. Kaynaklar\u0131n h\u0131zla t\u00fckendi\u011fi bir y\u00fczy\u0131lda, tasarruflu ya\u015faman\u0131n ne denli elzem oldu\u011fu tart\u0131\u015f\u0131lmaz. Birlikte tasarruf finansman\u0131 ba\u011flam\u0131n\u0131n ulusal bir politika olarak ele al\u0131nmas\u0131 ve bunun da bir an \u00f6nce hayata ge\u00e7irilmesi gerekiyor. Mesela S\u0131f\u0131r At\u0131k Projesi \u00f6nemli bir fark\u0131ndal\u0131k olu\u015fturdu ve olu\u015fturmaya da devam ediyor. Birevim olarak \u00f6nceliklerimizi biliyor; dijitalle\u015fmek laz\u0131m, tasarruf k\u00fclt\u00fcr\u00fc elzem diyoruz.&#8221; ifadelerini kulland\u0131<\/p>\n<p>\u0130nsan Odakl\u0131 Finans ve Tasarruf Zirvesi Ocak ay\u0131nda<\/p>\n<p>De\u011ferlerin h\u0131zla t\u00fcketildi\u011fi d\u00fcnyada, Ahsen\u2019i Takv\u00eem olarak tan\u0131mlan\u0131p, \u015fereflendirilen insan\u0131n de\u011ferinin, yeniden hat\u0131rlanmas\u0131na; bir olman\u0131n birlik olman\u0131n \u00f6neminin yeniden fark\u0131na var\u0131lmas\u0131na vesile olmak istediklerinin alt\u0131n\u0131 \u00e7izen \u00c7ift\u00e7i, s\u00f6zlerini \u015f\u00f6yle tamamlad\u0131: &#8220;\u00dczerimize d\u00fc\u015fen sorumlulu\u011fu yerine getirmek, birlikte tasarruf ekonomisini ve anlay\u0131\u015f\u0131n\u0131; karar vericiler, bireyler ve toplum nezdinde yayg\u0131nla\u015ft\u0131rmak ad\u0131na her f\u0131rsatta tasarruf odakl\u0131 ulusal ve uluslararas\u0131 toplant\u0131lar d\u00fczenliyoruz. 2020 Ocak ay\u0131 i\u00e7inde yapaca\u011f\u0131m\u0131z \u0130nsan Odakl\u0131 Finans ve Tasarruf Zirvesi\u2019nin de bu konuda \u00f6nemli ad\u0131mlar at\u0131lmas\u0131 i\u00e7in vesile olaca\u011f\u0131n\u0131 umuyor ve sizleri oraya da davet etmek istiyorum.&#8221;<\/p>\n","protected":false},"excerpt":{"rendered":"<p>B\u0130REV\u0130M Y\u00d6NET\u0130M KURULU BA\u015eKANI MURAT \u00c7\u0130FT\u00c7\u0130, V\u0130ZYONER19 Z\u0130RVES\u0130NDE YAPTI\u011eI KONU\u015eMADA, &#8220;BUG\u00dcN T\u00dcRK\u0130YE N\u00dcFUSUNUN EN AZ Y\u00dcZDE 70\u2019\u0130, KONVANS\u0130YONEL F\u0130NANS KAYNAKLARINA ER\u0130\u015eEM\u0130YOR. BU NEDENLE, D\u0130J\u0130TAL LAZIM; TASARRUF ELZEM ANLAYI\u015eINDAYIZ.\u201d DED\u0130.<\/p>\n","protected":false},"author":1,"featured_media":233772,"comment_status":"closed","ping_status":"open","sticky":false,"template":"","format":"standard","meta":{"jetpack_post_was_ever_published":false,"_jetpack_newsletter_access":"","_jetpack_dont_email_post_to_subs":false,"_jetpack_newsletter_tier_id":0,"_jetpack_memberships_contains_paywalled_content":false,"_jetpack_memberships_contains_paid_content":false,"footnotes":"","jetpack_publicize_message":"","jetpack_publicize_feature_enabled":true,"jetpack_social_post_already_shared":true,"jetpack_social_options":{"image_generator_settings":{"template":"highway","default_image_id":0,"font":"","enabled":false},"version":2}},"categories":[19],"tags":[58778,2517,5545,6695,58777,6170,908,11898,45151],"class_list":["post-233771","post","type-post","status-publish","format-standard","has-post-thumbnail","hentry","category-ekonomi","tag-anlayisindayiz","tag-birevim","tag-ciftci","tag-dijital","tag-elzem","tag-lazim","tag-murat","tag-tasarruf","tag-ykb"],"jetpack_publicize_connections":[],"jetpack_featured_media_url":"https:\/\/i0.wp.com\/www.tvturk.com\/wp-content\/uploads\/2019\/11\/birevim-ykb-murat-ciftci-dijital-lazim-tasarruf-elzem-anlayisindayiz_966fd8f.jpg?fit=1000%2C666","jetpack_sharing_enabled":true,"jetpack_shortlink":"https:\/\/wp.me\/paKIfm-YOv","_links":{"self":[{"href":"http:\/\/www.tvturk.com\/index.php\/wp-json\/wp\/v2\/posts\/233771","targetHints":{"allow":["GET"]}}],"collection":[{"href":"http:\/\/www.tvturk.com\/index.php\/wp-json\/wp\/v2\/posts"}],"about":[{"href":"http:\/\/www.tvturk.com\/index.php\/wp-json\/wp\/v2\/types\/post"}],"author":[{"embeddable":true,"href":"http:\/\/www.tvturk.com\/index.php\/wp-json\/wp\/v2\/users\/1"}],"replies":[{"embeddable":true,"href":"http:\/\/www.tvturk.com\/index.php\/wp-json\/wp\/v2\/comments?post=233771"}],"version-history":[{"count":0,"href":"http:\/\/www.tvturk.com\/index.php\/wp-json\/wp\/v2\/posts\/233771\/revisions"}],"wp:featuredmedia":[{"embeddable":true,"href":"http:\/\/www.tvturk.com\/index.php\/wp-json\/wp\/v2\/media\/233772"}],"wp:attachment":[{"href":"http:\/\/www.tvturk.com\/index.php\/wp-json\/wp\/v2\/media?parent=233771"}],"wp:term":[{"taxonomy":"category","embeddable":true,"href":"http:\/\/www.tvturk.com\/index.php\/wp-json\/wp\/v2\/categories?post=233771"},{"taxonomy":"post_tag","embeddable":true,"href":"http:\/\/www.tvturk.com\/index.php\/wp-json\/wp\/v2\/tags?post=233771"}],"curies":[{"name":"wp","href":"https:\/\/api.w.org\/{rel}","templated":true}]}}