{"id":233891,"date":"2019-11-28T09:16:28","date_gmt":"2019-11-28T06:16:28","guid":{"rendered":"http:\/\/www.tvturk.com\/index.php\/ucak-bakim-personeli-samsunda-yetisiyor\/"},"modified":"2019-11-28T09:16:28","modified_gmt":"2019-11-28T06:16:28","slug":"ucak-bakim-personeli-samsunda-yetisiyor","status":"publish","type":"post","link":"http:\/\/www.tvturk.com\/index.php\/ucak-bakim-personeli-samsunda-yetisiyor\/","title":{"rendered":"U\u00e7ak bak\u0131m personeli Samsun\u2019da yeti\u015fiyor"},"content":{"rendered":"<p>Samsun \u00dcniversitesinde u\u00e7aklar\u0131n, \u00fcniversitenin kendi personelleri taraf\u0131ndan bak\u0131m onar\u0131m ve servis i\u015flemleri yap\u0131l\u0131yor. Ayr\u0131ca Havac\u0131l\u0131k ve Uzay B\u00f6l\u00fcmleri Fak\u00fcltesinde bu y\u0131l ilk kez a\u00e7\u0131lan U\u00e7ak Bak\u0131m ve Onar\u0131m B\u00f6l\u00fcm\u00fcnde 41 \u00f6\u011frenci \u2019u\u00e7ak bak\u0131m teknisyenli\u011fi e\u011fitimi\u2019 al\u0131yor.<\/p>\n<p>U\u00e7ak Bak\u0131m ve Onar\u0131m B\u00f6l\u00fcm\u00fcnde hem Y\u00fcksek \u00d6\u011fretim Kurumunun (Y\u00d6K) Lisans E\u011fitim \u00d6\u011fretim Y\u00f6netmeli\u011fine hem de Sivil Havac\u0131l\u0131k Genel M\u00fcd\u00fcrl\u00fc\u011f\u00fcn\u00fcn (SHGM) Hava Arac\u0131 Bak\u0131m Personeli Y\u00f6netmeli\u011fi (SHY-66) ve Hava Arac\u0131 Bak\u0131m E\u011fitim Kurulu\u015flar\u0131 Y\u00f6netmeli\u011fi\u2019ne (SHY-147) uygun u\u00e7ak bak\u0131m teknisyenli\u011fi e\u011fitimleri verilmeye ba\u015fland\u0131. 4 y\u0131ll\u0131k e\u011fitim-\u00f6\u011fretim program\u0131nda, \u00f6\u011frencilere SHY-66 y\u00f6netmenli\u011fi uyar\u0131nca B1.1 (T\u00fcrbin motorlu u\u00e7aklar) ve B1.2 (Piston motorlu u\u00e7aklar) lisans kategorilerinde bir u\u00e7ak teknisyenin almas\u0131 gereken t\u00fcm teorik ve pratik e\u011fitimler verilecek.<\/p>\n<p>E\u011fitim program\u0131n\u0131n 3. ve 4. y\u0131llar\u0131nda i\u015f ba\u015f\u0131 e\u011fitimlerine de yer verilecek. \u0130\u015f ba\u015f\u0131 e\u011fitimleri \u00fcniversite b\u00fcnyesindeki SHY-145 Onayl\u0131 Bak\u0131m Kurulu\u015funda verilecek. B\u00f6ylece \u00f6\u011frenciler ger\u00e7ek bak\u0131m faaliyetinde bulunarak u\u00e7ak bak\u0131m lisans\u0131 almak i\u00e7in gerekli olan tecr\u00fcbelerini e\u011fitim s\u00fcresi i\u00e7inde tamamlayabilecek ve mezuniyetle birlikte isterlerse B1.2 kategorisinde u\u00e7ak bak\u0131m lisans\u0131na sahip olabilecekler. B1.1 kategorisinde u\u00e7ak bak\u0131m lisans\u0131 almak isteyen \u00f6\u011frencilerimiz ise d\u0131\u015far\u0131dan i\u015f ba\u015f\u0131 e\u011fitimlerini tamamlayarak lisanslar\u0131na sahip olacaklar. Eyl\u00fcl ay\u0131n\u0131n sonlar\u0131na do\u011fru ba\u015flayan derslerle birlikte b\u00f6l\u00fcm\u00fcn ilk \u00f6\u011frencileri olan 41 ki\u015fi e\u011fitimlerine ba\u015flad\u0131.<\/p>\n<p>\u201cU\u00e7ak aksesuarlar\u0131 ve par\u00e7alar\u0131n\u0131n hepsi \u00f6\u011frencilerimizin emrinde olacak\u201d<\/p>\n<p>\u00d6\u011frencilerin i\u015f hayat\u0131nda kar\u015f\u0131la\u015faca\u011f\u0131 her t\u00fcrl\u00fc deneyimin b\u00f6l\u00fcmde tedarik edildi\u011fini ifade eden Samsun \u00dcniversitesi SHY-145, SHY-147 Kalite M\u00fcd\u00fcr\u00fc ve \u00f6\u011fretmen Mustafa Cephe, \u201cSamsun \u00dcniversitesi bu sezon ilk defa bu b\u00f6l\u00fcm\u00fc a\u00e7t\u0131. Bu sene ilk kez \u00f6\u011frencilerimize u\u00e7ak bak\u0131m alan\u0131nda, u\u00e7ak g\u00f6vde motoru alan\u0131nda bak\u0131m yapmalar\u0131 i\u00e7in e\u011fitimler verece\u011fiz. Kurulu\u015fumuz Y\u00d6K\u2019ten yetkili olu\u011fu gibi Sivil Havac\u0131l\u0131k Genel M\u00fcd\u00fcrl\u00fc\u011f\u00fcnden onayl\u0131 bir kurulu\u015ftur. SHY-145 onayl\u0131 bak\u0131m kurulu\u015funa sahip bir bak\u0131m e\u011fitim kurulu\u015fuyuz. Bizden mezun olan teknisyen aday\u0131 \u00f6\u011frencilerimizin \u00e7o\u011funlu\u011fu lisanslar\u0131n\u0131 al\u0131p, mezun olacak \u015fekilde uygulama yapmaktay\u0131z. Burada b\u00fct\u00fcn u\u00e7aklar\u0131n aksesuarlar\u0131n\u0131 ve par\u00e7alar\u0131n\u0131 olu\u015fturduk. \u00d6\u011frencilerin ders hayatlar\u0131 boyunca g\u00f6r\u00fcp kullanmas\u0131 gereken b\u00fct\u00fcn bak\u0131m i\u015flemlerini burada uygulataca\u011f\u0131z. Uygulamay\u0131 \u00f6\u011frenen \u00f6\u011frencilerimiz mezun olduklar\u0131nda ellerinde lisanslar\u0131 ile sivil havac\u0131l\u0131k hayat\u0131nda \u00e7al\u0131\u015fmaya ba\u015flayacaklar. Burada u\u00e7ak g\u00f6vde motoru b\u00f6l\u00fcm\u00fc var. Bu b\u00f6l\u00fcm \u00fczerine e\u011fitim verece\u011fiz. Burada bir tane tam g\u00f6vde u\u00e7a\u011f\u0131m\u0131z var. 1 motor at\u00f6lyesi, bir g\u00f6vde yap\u0131sal at\u00f6lyesi ve bir de kokpit sistemlerinin oldu\u011fu toplam 4 adet at\u00f6lyemiz var\u201d dedi.<\/p>\n<p>\u201cBuradan mezun olan \u00f6\u011frenciler tam kapasiteli bir yerde g\u00f6rev alabilir d\u00fczeye gelecekler\u201d<\/p>\n<p>B\u00f6l\u00fcmden mezun \u00f6\u011frencilerin tam kapasiteli yerlerde de g\u00f6rev alabilecek alt yap\u0131ya ve donan\u0131ma sahip olaca\u011f\u0131n\u0131n alt\u0131n\u0131 \u00e7izen Mustafa Cephe, \u201cBizim \u00f6\u011frencileri mezun etme s\u00fcremiz tam 4 y\u0131l olacak. Yani 8 d\u00f6nem ders verilecek. Planlar\u0131m\u0131za g\u00f6re derslerin yar\u0131s\u0131 teorik, yar\u0131s\u0131 da pratik deneyim olacak. Pratik deneyimlerin tamam\u0131 da at\u00f6lyede uygulamal\u0131 olarak yap\u0131lacak. Buradan mezun olan \u00f6\u011frencilerimiz tam kapasiteli bir yerde g\u00f6rev alabilirler. \u00c7\u00fcnk\u00fc biz mezuniyetlerinde lisanslar\u0131n\u0131 verecek \u015fekilde plan yap\u0131yoruz. Lisans Sivil Havac\u0131l\u0131k Genel M\u00fcd\u00fcrl\u00fc\u011f\u00fc taraf\u0131ndan verilmekte ama bizim mezun etti\u011fimizde lisans i\u00e7in gerekli olan s\u0131navlar\u0131 tamamlam\u0131\u015f, lisans almaya aday olan \u00f6\u011frencilerimiz olacak ve i\u015f ba\u015f\u0131 ve \u00e7al\u0131\u015fma s\u00fcreleri bile burada ge\u00e7ecek. Biz \u00f6\u011frencilere sivil havac\u0131l\u0131ktan lisans almak i\u00e7in gerekli olan g\u00f6rev ba\u015f\u0131 e\u011fitimini \u00f6\u011frenim hayatlar\u0131 boyunca verece\u011fiz. Mezun olduklar\u0131nda g\u00f6rev ba\u015f\u0131 sorunuyla kar\u015f\u0131la\u015fmayacaklar. Lisanslar\u0131n\u0131 almaya haz\u0131r olacak. Buradan ald\u0131klar\u0131 g\u00f6rev ba\u015f\u0131 e\u011fitimi belgesiyle ve s\u0131nav sonu\u00e7lar\u0131yla birlikte Sivil Havac\u0131l\u0131k Genel M\u00fcd\u00fcrl\u00fc\u011f\u00fc\u2019ne ba\u015fvurduklar\u0131nda lisanslar\u0131n\u0131 alacaklar. Samsun \u00dcniversitesine gelmek \u00f6\u011frenciler i\u00e7in bir avantaj\u201d diye konu\u015ftu.<\/p>\n<p>\u201cU\u00e7aklar\u0131n bak\u0131m\u0131n\u0131 ve onar\u0131m\u0131n\u0131 s\u0131k\u0131nt\u0131s\u0131z bir \u015fekilde ger\u00e7ekle\u015ftiriyoruz\u201d<\/p>\n<p>\u00dcniversitenin SHY-145 Onayl\u0131 Bak\u0131m Kurulu\u015funda u\u00e7aklar\u0131n bak\u0131m ve onar\u0131m\u0131n\u0131n s\u0131k\u0131nt\u0131s\u0131z bir \u015fekilde yap\u0131ld\u0131\u011f\u0131n\u0131 belirten Samsun \u00dcniversitesi SHY-145 Onayl\u0131 Bak\u0131m Kurulu\u015fu Bak\u0131m M\u00fcd\u00fcr\u00fc Mustafa Karaca, \u015funlar\u0131 s\u00f6yledi:<\/p>\n<p>\u201cSamsun \u00dcniversitesi olarak u\u00e7ak bak\u0131m hangar\u0131m\u0131z, Sivil Havac\u0131l\u0131k Genel M\u00fcd\u00fcrl\u00fc\u011f\u00fc SHY-145 taraf\u0131ndan onaylanm\u0131\u015ft\u0131r. Burada u\u00e7aklar\u0131n rutin bak\u0131mlar\u0131 yap\u0131l\u0131yor. Ar\u0131zalar\u0131 da gideriliyor. Bak\u0131m kurulu\u015fumuzun kapsam\u0131nda kapal\u0131 bir hangar\u0131m\u0131z mevcut. Gereklilik olarak depomuzda b\u00fct\u00fcn malzemelerimiz faal olarak ve sivil havac\u0131l\u0131k kurallar\u0131n\u0131n gerekliliklerini sa\u011flayacak \u015fekilde depolanmaktad\u0131r. Tak\u0131mhanemiz de yeterli seviyedir. \u015eu anda kendi u\u00e7aklar\u0131m\u0131z\u0131n periyodik bak\u0131mlar\u0131n\u0131 hi\u00e7bir s\u0131k\u0131nt\u0131 olmadan d\u00fczenli bir \u015fekilde ger\u00e7ekle\u015ftirebilecek kapasiteye sahibiz.\u201d<\/p>\n<p>\u201cU\u00e7aklar\u0131n s\u00fcrekli u\u00e7u\u015fa elveri\u015flilik y\u00f6netimin bize emanet\u201d<\/p>\n<p>\u00dcniversitenin SHY-M onayl\u0131 s\u00fcrekli u\u00e7u\u015fa elveri\u015flilik y\u00f6netimi kurulu\u015funda u\u00e7aklar\u0131n u\u00e7u\u015fa elveri\u015flilik ve bak\u0131m ve onar\u0131m ve servis i\u015flemleri takipleri ara vermeksizin s\u0131k\u0131 bir \u015fekilde yap\u0131ld\u0131\u011f\u0131n\u0131 belirten Samsun \u00dcniversitesi SHY-M Onayl\u0131 S\u00fcrekli U\u00e7u\u015fa  Elveri\u015flilik Y\u00f6netimi Kurulu\u015fu Teknik M\u00fcd\u00fcr\u00fc \u0130skender Develi ise, \u201cB1.1 ve B1.2 lisanslar\u0131na sahip mezunlar, T\u00fcrk Hava Yollar\u0131, T\u00fcrk Hava Kuvvetleri Hava \u0130kmal Bak\u0131m Merkezleri, \u00d6zel Havayolu \u0130\u015fletmeleri, T\u00fcrk Havac\u0131l\u0131k Uzay Sanayi (TUSA\u015e), myTECHNIC, u\u00e7u\u015f okullar\u0131, hava taksi i\u015fletmeleri gibi havac\u0131l\u0131k alan\u0131nda faaliyet g\u00f6steren di\u011fer hava arac\u0131 ve komponent bak\u0131m kurulu\u015flar\u0131nda ve \u00fcniversitelerde u\u00e7ak bak\u0131m teknisyeni olarak istihdam edilecek\u201d ifadelerini kulland\u0131.<\/p>\n","protected":false},"excerpt":{"rendered":"<p>SAMSUN \u00dcN\u0130VERS\u0130TES\u0130\u2019NDE U\u00c7AKLAR \u00dcN\u0130VERS\u0130TEN\u0130N KEND\u0130 PERSONELLER\u0130 TARAFINDAN BAKIMA ALINIP, TAM\u0130R ED\u0130L\u0130YOR. AYRICA HAVACILIK VE UZAY B\u00d6L\u00dcMLER\u0130 FAK\u00dcLTES\u0130\u2019NDE BU YIL \u0130LK KEZ A\u00c7ILAN U\u00c7AK BAKIM VE ONARIM B\u00d6L\u00dcM\u00dc\u2019NDE 41 \u00d6\u011eRENC\u0130YE BAKIM TEKN\u0130SYENL\u0130\u011e\u0130 L\u0130SANS E\u011e\u0130T\u0130M\u0130 VER\u0130LECEK.<\/p>\n","protected":false},"author":1,"featured_media":233892,"comment_status":"closed","ping_status":"open","sticky":false,"template":"","format":"standard","meta":{"jetpack_post_was_ever_published":false,"_jetpack_newsletter_access":"","_jetpack_dont_email_post_to_subs":false,"_jetpack_newsletter_tier_id":0,"_jetpack_memberships_contains_paywalled_content":false,"_jetpack_memberships_contains_paid_content":false,"footnotes":"","jetpack_publicize_message":"","jetpack_publicize_feature_enabled":true,"jetpack_social_post_already_shared":true,"jetpack_social_options":{"image_generator_settings":{"template":"highway","default_image_id":0,"font":"","enabled":false},"version":2}},"categories":[1],"tags":[2270,9603,1862,1911,14271],"class_list":["post-233891","post","type-post","status-publish","format-standard","has-post-thumbnail","hentry","category-genel","tag-bakim","tag-personeli","tag-samsunda","tag-ucak","tag-yetisiyor"],"jetpack_publicize_connections":[],"jetpack_featured_media_url":"https:\/\/i0.wp.com\/www.tvturk.com\/wp-content\/uploads\/2019\/11\/ucak-bakim-personeli-samsunda-yetisiyor_7f58b7e.jpg?fit=1000%2C666","jetpack_sharing_enabled":true,"jetpack_shortlink":"https:\/\/wp.me\/paKIfm-YQr","_links":{"self":[{"href":"http:\/\/www.tvturk.com\/index.php\/wp-json\/wp\/v2\/posts\/233891","targetHints":{"allow":["GET"]}}],"collection":[{"href":"http:\/\/www.tvturk.com\/index.php\/wp-json\/wp\/v2\/posts"}],"about":[{"href":"http:\/\/www.tvturk.com\/index.php\/wp-json\/wp\/v2\/types\/post"}],"author":[{"embeddable":true,"href":"http:\/\/www.tvturk.com\/index.php\/wp-json\/wp\/v2\/users\/1"}],"replies":[{"embeddable":true,"href":"http:\/\/www.tvturk.com\/index.php\/wp-json\/wp\/v2\/comments?post=233891"}],"version-history":[{"count":0,"href":"http:\/\/www.tvturk.com\/index.php\/wp-json\/wp\/v2\/posts\/233891\/revisions"}],"wp:featuredmedia":[{"embeddable":true,"href":"http:\/\/www.tvturk.com\/index.php\/wp-json\/wp\/v2\/media\/233892"}],"wp:attachment":[{"href":"http:\/\/www.tvturk.com\/index.php\/wp-json\/wp\/v2\/media?parent=233891"}],"wp:term":[{"taxonomy":"category","embeddable":true,"href":"http:\/\/www.tvturk.com\/index.php\/wp-json\/wp\/v2\/categories?post=233891"},{"taxonomy":"post_tag","embeddable":true,"href":"http:\/\/www.tvturk.com\/index.php\/wp-json\/wp\/v2\/tags?post=233891"}],"curies":[{"name":"wp","href":"https:\/\/api.w.org\/{rel}","templated":true}]}}