{"id":233899,"date":"2019-11-28T09:32:06","date_gmt":"2019-11-28T06:32:06","guid":{"rendered":"http:\/\/www.tvturk.com\/index.php\/ozel-prof-dr-debik-istanbul-icin-ileri-biyolojik-atik-su-aritma-tesisinin-gerekliligine-dikkat-cekti\/"},"modified":"2019-11-28T09:32:06","modified_gmt":"2019-11-28T06:32:06","slug":"ozel-prof-dr-debik-istanbul-icin-ileri-biyolojik-atik-su-aritma-tesisinin-gerekliligine-dikkat-cekti","status":"publish","type":"post","link":"http:\/\/www.tvturk.com\/index.php\/ozel-prof-dr-debik-istanbul-icin-ileri-biyolojik-atik-su-aritma-tesisinin-gerekliligine-dikkat-cekti\/","title":{"rendered":"(\u00d6zel) Prof. Dr. Debik, \u0130stanbul i\u00e7in ileri biyolojik at\u0131k su ar\u0131tma tesisinin gereklili\u011fine dikkat \u00e7ekti"},"content":{"rendered":"<p>\u201cSilahtara\u011fa \u0130leri Biyolojik At\u0131ksu Ar\u0131tma Tesisi\u201d projesinin iptal edilmesine \u00e7evre halk\u0131 isyan ederken Prof. Dr. Ey\u00fcp Debik, \u0130stanbul i\u00e7in ileri biyolojik at\u0131k su ar\u0131tma tesisinin gereklili\u011fine dikkat \u00e7ekti. \u0130ptal edilen projeyle ilgili konu\u015fan Debik, \u201cGerekli miydi ben bir \u00e7evre m\u00fchendisli\u011fi hocas\u0131 olarak gereksizdi diyemem, mutlaka gerekliydi. Membran biyoreakt\u00f6r yap\u0131ld\u0131ktan sonra, iyi i\u015fletilirse bu ar\u0131tman\u0131n akabinde olu\u015fan su Hali\u00e7\u2019in suyundan \u00e7ok daha temiz bir su olacak, bundan emin olabilirsiniz\u201d dedi.<\/p>\n<p>\u0130stanbul B\u00fcy\u00fck\u015fehir Belediye (\u0130BB) Ba\u015fkan\u0131 Ekrem \u0130mamo\u011flu\u2019nun, yap\u0131lmas\u0131 planlanan \u201cSilahtara\u011fa \u0130leri Biyolojik At\u0131ksu Ar\u0131tma Tesisi\u201d projesini iptal edip Temel Atmama T\u00f6reni d\u00fczenlemesi tepkilere neden olmu\u015ftu. Y\u0131ld\u0131z Teknik \u00dcniversitesi \u00c7evre M\u00fchendisli\u011fi B\u00f6l\u00fcm\u00fc\u2019nden Prof. Dr. Ey\u00fcp Debik, \u0130stanbul\u2019da ileri biyolojik at\u0131k su ar\u0131tma tesisinin gereklili\u011fine dikkat \u00e7ekerken \u00e7evre halk\u0131 projenin iptal edilmesine isyan etti. Debik, Yenikap\u0131\u2019daki tesisin yeterli olmad\u0131\u011f\u0131n\u0131 ifade ederken iptal edilmeseydi projenin T\u00fcrkiye i\u00e7in bu alanda bir a\u00e7\u0131l\u0131m\u0131 da sa\u011flayabilece\u011fini belirtti. \u00d6te yandan Hali\u00e7 ve iptal edilmeseydi projenin yap\u0131laca\u011f\u0131 belirtilen alan da havadan g\u00f6r\u00fcnt\u00fclendi.<\/p>\n<p>\u201c\u0130yi i\u015fletilirse \u00e7ok daha temiz ve iyi kalitede su vermi\u015f olacaks\u0131n\u0131z\u201d<\/p>\n<p>Ar\u0131tma y\u00f6ntemlerine dair bilgi veren Prof. Dr. Ey\u00fcp Debik, \u201c\u0130stanbul \u00f6rne\u011fine bakt\u0131\u011f\u0131m\u0131zda \u00e7o\u011funlukla iki tip ar\u0131tma var. Birisi mekanik ar\u0131tma; sudaki sadece kaba kirleticiler tutulur. Sonra onlar uygun noktalarda bertaraf edilir. Hala de\u015farj edece\u011fimiz noktaya g\u00f6re suyun ar\u0131t\u0131lmaya ihtiyac\u0131 varsa, biyolojik ar\u0131tma dedi\u011fimiz ar\u0131tma uygulan\u0131r. Bu y\u00f6ntemde organik madde dedi\u011fimiz kirleticiler, ar\u0131t\u0131larak \u00e7amur dedi\u011fimiz forma d\u00f6n\u00fc\u015ft\u00fcr\u00fcl\u00fcr. Bu \u00e7amur vatanda\u015flar\u0131m\u0131z\u0131n anlad\u0131\u011f\u0131 manada bir \u00e7amur de\u011fil, bunlar da tekni\u011fe uygun olarak do\u011faya zarars\u0131z hale getirilerek bertaraf edilir. Bizim mekanik ar\u0131tma tesislerini s\u00fcre\u00e7 i\u00e7inde biyolojik ar\u0131tmaya do\u011fru bir evirmemiz laz\u0131m. \u0130SK\u0130 de mekanik ar\u0131tma tesislerini biyolojik ar\u0131tmaya do\u011fru geli\u015ftirmenin \u00e7al\u0131\u015fmalar\u0131n\u0131 yapt\u0131 diye biliyorum. \u0130leri biyolojik ar\u0131tma yap\u0131ld\u0131\u011f\u0131nda iyi i\u015fletilirse tabi ki su k\u00fctlesine \u00e7ok daha temiz ve iyi kalitede bir su vermi\u015f olacaks\u0131n\u0131z. Oradaki canl\u0131 hayat\u0131n\u0131 daha az etkilemi\u015f olacaks\u0131n\u0131z\u201d dedi.<\/p>\n<p>\u201cGereksizdi diyemem, mutlaka gerekliydi\u201d<\/p>\n<p>\u201cSilahtara\u011fa \u0130leri Biyolojik At\u0131ksu Ar\u0131tma Tesisi\u201d projesinin iptal edilmesinin ard\u0131ndan megakentte ileri biyolojik at\u0131k su ar\u0131tma tesisinin gereklili\u011fini ifade eden Debik, \u201cYap\u0131lmas\u0131 gerekli ama yeri zaman\u0131 belki tekni\u011fi tart\u0131\u015f\u0131labilir bunlar ba\u015fka \u015feyler, fakat  gerekli miydi ben bir \u00e7evre m\u00fchendisli\u011fi hocas\u0131 olarak gereksizdi diyemem, mutlaka gerekliydi. E\u011fer Yenikap\u0131 Ar\u0131tma Tesisi\u2019nin yeterli olmad\u0131\u011f\u0131n\u0131 d\u00fc\u015f\u00fcn\u00fcyorsak ki ben yeterli olmad\u0131\u011f\u0131n\u0131 d\u00fc\u015f\u00fcn\u00fcyorum. \u0130lerleyen zamandaki n\u00fcfus ve debiyi d\u00fc\u015f\u00fcnd\u00fc\u011f\u00fcn\u00fcz zaman Yenikap\u0131 tamamen yetersiz hale gelecek. \u0130leri biyolojik ar\u0131tma tesislerinin mutlaka kurulmas\u0131 gerekiyor, \u015fehir i\u00e7erisinde kurulmas\u0131 gerekiyor maalesef, bunu vatanda\u015fa en az olumsuz taraf\u0131 yans\u0131yacak \u015fekilde konumland\u0131rman\u0131z gerekiyor. Atak\u00f6y \u00f6rne\u011fi; \u015fehir merkezinde at\u0131k su ar\u0131tma tesisi, bildi\u011fim kadar\u0131yla Silahtara\u011fa\u2019da yap\u0131lacak olan bu tesis yerin alt\u0131nda g\u00f6m\u00fcl\u00fc olacak b\u00fcy\u00fck bir k\u0131sm\u0131 hepsi de\u011fil ama dolay\u0131s\u0131yla bu koku ile alakal\u0131 s\u0131k\u0131nt\u0131lar giderildikten sonra insanlara \u00e7ok b\u00fcy\u00fck bir etkisinin olaca\u011f\u0131n\u0131 ben d\u00fc\u015f\u00fcnm\u00fcyorum\u201d diye konu\u015ftu.<\/p>\n<p>\u201cYap\u0131lmamas\u0131ndan ziyade de\u011ferlendirerek do\u011fru bir ar\u0131tma tesisinin yap\u0131lmas\u0131 gerekiyor\u201d<\/p>\n<p>Ar\u0131tmadan elde edilecek suyun i\u00e7me suyu g\u00f6r\u00fcn\u00fcm\u00fcnde oldu\u011funu ancak kesinlikle i\u00e7me suyu olmad\u0131\u011f\u0131n\u0131 belirterek Hali\u00e7\u2019e su de\u015farj\u0131na y\u00f6nelik konu\u015fan Debik, \u201cHali\u00e7\u2019e de\u015farj edilecek diyen var edilmeyecek diyen var. Membran biyoreakt\u00f6r yap\u0131ld\u0131ktan sonra bu ar\u0131tman\u0131n akabinde olu\u015fan su Hali\u00e7\u2019in suyundan \u00e7ok daha temiz bir su olacak, iyi i\u015fletilirse. Bundan emin olabilirsiniz, i\u00e7me suyu g\u00f6r\u00fcnt\u00fcs\u00fcnde bir su. Hali\u00e7\u2019in suyu o g\u00f6r\u00fcnt\u00fcde kesinlikle de\u011fil, bundan eminim. \u00d6yle bir su elde ediliyor. Belki bu tesis bir a\u00e7\u0131l\u0131ma da sebep olabilirdi, biyolojik ar\u0131tma ve membran tesisi \u0130stanbul\u2019da \u00f6yle bir tesis yok. Bu tesisi bir yerde yapman\u0131z gerekiyor, teknik, ekonomik a\u00e7\u0131dan bakt\u0131\u011f\u0131m\u0131zda da bu tesis belki bizim \u00fclkemizde kendi m\u00fchendisimizle, kendi firmalar\u0131m\u0131zla yapt\u0131\u011f\u0131m\u0131z bir yat\u0131r\u0131m olacak. \u0130leriye d\u00f6n\u00fck bu teknolojiyi \u00fclkemizde yayg\u0131nla\u015ft\u0131rmaya d\u00f6n\u00fck belki de \u00f6\u011frenim yeri olacak. Yap\u0131lmamas\u0131ndan ziyade yeri ve zaman\u0131 tekrar de\u011ferlendirerek do\u011fru bir ar\u0131tma tesisinin yap\u0131lmas\u0131 gerekiyor\u201d diye konu\u015ftu.<\/p>\n<p>\u201cO yap\u0131lmas\u0131n bu yap\u0131lmas\u0131n, ar\u0131tma yap\u0131lmas\u0131n ne olacak\u201d<\/p>\n<p>Y\u0131llard\u0131r Hali\u00e7 ve \u00e7evresini \u00e7ok iyi bildi\u011fini ifade ederek Silahtara\u011fa \u0130leri Biyolojik At\u0131ksu Ar\u0131tma Tesisi projesinin iptal edilmemesi gerekti\u011fini d\u00fc\u015f\u00fcnd\u00fc\u011f\u00fc belirten Ali Tersakan, \u201cMakineler \u00e7al\u0131\u015ft\u0131\u011f\u0131 halde de gene az bir \u015fey koku var. Bura doldu\u011fu zaman bu civar\u0131n her \u015feyinin bitti\u011fini say\u0131yorum. Buran\u0131n temizlenmesini \u00c7evre Bakanl\u0131\u011f\u0131n\u0131n yapmas\u0131 laz\u0131m bunlar yapamaz. G\u00fcr\u00fclt\u00fcyle geldi \u0130stanbul Belediye Ba\u015fkan\u0131 ama bunu yapamaz. Ben kar\u015f\u0131y\u0131m, \u00c7evre Bakanl\u0131\u011f\u0131 yapacak. O yap\u0131lmas\u0131n bu yap\u0131lmas\u0131n, ar\u0131tma yap\u0131lmas\u0131n ne olacak buras\u0131 doldu\u011fu zaman tarla m\u0131 olsun. Ekim alan\u0131na m\u0131 d\u00f6nd\u00fcn buras\u0131 yani, o yap\u0131lmad\u0131\u011f\u0131 zaman buras\u0131 dolar ev biter. Bu g\u00fczelli\u011fi yapt\u0131lar bunlar haz\u0131ra kondular, buray\u0131 bitirsinler. Ben buradan diyece\u011fim; \u0130stanbul B\u00fcy\u00fck\u015fehir Belediye Ba\u015fkan\u0131na gelsin buraya yaps\u0131n o tesisi\u201d diye konu\u015ftu.<\/p>\n<p>\u201cB\u00fcy\u00fck\u015fehir yapmazsa \u00c7evre Bakanl\u0131\u011f\u0131n\u0131n yapaca\u011f\u0131na inan\u0131yorum\u201d<\/p>\n<p>Hali\u00e7\u2019in ge\u00e7mi\u015ften bug\u00fcne olumlu y\u00f6nde b\u00fcy\u00fck de\u011fi\u015fim ya\u015fad\u0131\u011f\u0131n\u0131 ifade eden H\u00fcseyin \u0130nci, \u201cBen buran\u0131n yerlisiyim, \u00e7ocuklu\u011fumuz ge\u00e7ti, kokudan \u00e7\u0131kamad\u0131k, \u00e7amurdan dola\u015famad\u0131k. \u015euraya bak her g\u00fcn y\u00fcr\u00fcy\u00fc\u015f yap\u0131yoruz, buras\u0131 Etiler Sahili gibi art\u0131k, imreniyor art\u0131k insanlar. Bence yanl\u0131\u015f 3 tane var diyor ama bence yeterli de\u011fil. B\u00fcy\u00fck\u015fehir yapmazsa \u00c7evre Bakanl\u0131\u011f\u0131n\u0131n buraya yapaca\u011f\u0131na inan\u0131yorum. Art\u0131k el atmas\u0131 gerekiyor, oda sonu\u00e7ta el at\u0131yor\u201d dedi.<\/p>\n","protected":false},"excerpt":{"rendered":"<p>\u201cS\u0130LAHTARA\u011eA \u0130LER\u0130 B\u0130YOLOJ\u0130K ATIKSU ARITMA TES\u0130S\u0130\u201d PROJES\u0130N\u0130N \u0130PTAL ED\u0130LMES\u0130NE \u00c7EVRE HALKI \u0130SYAN EDERKEN PROF. DR. EY\u00dcP DEB\u0130K, \u0130STANBUL \u0130\u00c7\u0130N \u0130LER\u0130 B\u0130YOLOJ\u0130K ATIK SU ARITMA TES\u0130S\u0130N\u0130N GEREKL\u0130L\u0130\u011e\u0130NE D\u0130KKAT \u00c7EKT\u0130.<\/p>\n","protected":false},"author":1,"featured_media":233900,"comment_status":"closed","ping_status":"open","sticky":false,"template":"","format":"standard","meta":{"jetpack_post_was_ever_published":false,"_jetpack_newsletter_access":"","_jetpack_dont_email_post_to_subs":false,"_jetpack_newsletter_tier_id":0,"_jetpack_memberships_contains_paywalled_content":false,"_jetpack_memberships_contains_paid_content":false,"footnotes":"","jetpack_publicize_message":"","jetpack_publicize_feature_enabled":true,"jetpack_social_post_already_shared":true,"jetpack_social_options":{"image_generator_settings":{"template":"highway","default_image_id":0,"font":"","enabled":false},"version":2}},"categories":[1],"tags":[1073,10715,4512,21248,593,58800,1440,279,58801,44,11707,730,2750,1230],"class_list":["post-233899","post","type-post","status-publish","format-standard","has-post-thumbnail","hentry","category-genel","tag-ozel","tag-aritma","tag-atik","tag-biyolojik","tag-cekti","tag-debik","tag-dikkat","tag-dr","tag-gerekliligine","tag-icin","tag-ileri","tag-istanbul","tag-prof","tag-tesisinin"],"jetpack_publicize_connections":[],"jetpack_featured_media_url":"https:\/\/i0.wp.com\/www.tvturk.com\/wp-content\/uploads\/2019\/11\/ozel-prof-dr-debik-istanbul-icin-ileri-biyolojik-atik-su-aritma-tesisinin-gerekliligine-dikkat-cekti_c1cd1f3.jpg?fit=1000%2C666","jetpack_sharing_enabled":true,"jetpack_shortlink":"https:\/\/wp.me\/paKIfm-YQz","_links":{"self":[{"href":"http:\/\/www.tvturk.com\/index.php\/wp-json\/wp\/v2\/posts\/233899","targetHints":{"allow":["GET"]}}],"collection":[{"href":"http:\/\/www.tvturk.com\/index.php\/wp-json\/wp\/v2\/posts"}],"about":[{"href":"http:\/\/www.tvturk.com\/index.php\/wp-json\/wp\/v2\/types\/post"}],"author":[{"embeddable":true,"href":"http:\/\/www.tvturk.com\/index.php\/wp-json\/wp\/v2\/users\/1"}],"replies":[{"embeddable":true,"href":"http:\/\/www.tvturk.com\/index.php\/wp-json\/wp\/v2\/comments?post=233899"}],"version-history":[{"count":0,"href":"http:\/\/www.tvturk.com\/index.php\/wp-json\/wp\/v2\/posts\/233899\/revisions"}],"wp:featuredmedia":[{"embeddable":true,"href":"http:\/\/www.tvturk.com\/index.php\/wp-json\/wp\/v2\/media\/233900"}],"wp:attachment":[{"href":"http:\/\/www.tvturk.com\/index.php\/wp-json\/wp\/v2\/media?parent=233899"}],"wp:term":[{"taxonomy":"category","embeddable":true,"href":"http:\/\/www.tvturk.com\/index.php\/wp-json\/wp\/v2\/categories?post=233899"},{"taxonomy":"post_tag","embeddable":true,"href":"http:\/\/www.tvturk.com\/index.php\/wp-json\/wp\/v2\/tags?post=233899"}],"curies":[{"name":"wp","href":"https:\/\/api.w.org\/{rel}","templated":true}]}}