{"id":233901,"date":"2019-11-28T09:32:14","date_gmt":"2019-11-28T06:32:14","guid":{"rendered":"http:\/\/www.tvturk.com\/index.php\/dogumda-annesini-kaybeden-kuzu-anne-anne-diye-meliyor\/"},"modified":"2019-11-28T09:32:14","modified_gmt":"2019-11-28T06:32:14","slug":"dogumda-annesini-kaybeden-kuzu-anne-anne-diye-meliyor","status":"publish","type":"post","link":"http:\/\/www.tvturk.com\/index.php\/dogumda-annesini-kaybeden-kuzu-anne-anne-diye-meliyor\/","title":{"rendered":"Do\u011fumda annesini kaybeden kuzu, &#8220;Anne, anne&#8221; diye meliyor"},"content":{"rendered":"<p>Bal\u0131kesir\u2019in Bigadi\u00e7 il\u00e7esinde hayvanc\u0131l\u0131k yapan \u0130smail Can\u2019a ait koyun ikiz yavrulad\u0131ktan sonra \u00f6ld\u00fc. \u00d6ks\u00fcz kalan ikiz kuzulardan biri \u2019Anne, anne\u2019 diye meliyor.<\/p>\n<p>I\u015f\u0131klar k\u00f6y\u00fcnde hayvanc\u0131l\u0131k yapan \u0130smail Can\u2019a ait koyunlardan biri ikiz kuzu do\u011furduktan sonra \u00f6ld\u00fc. \u00d6ks\u00fcz kalan ikiz kuzulardan biri melerken \u2019Anne Anne\u2019 diye meliyor. Kuzular\u0131n sahibi \u0130smail Can duygular\u0131n\u0131 \u0130hlas Haber Ajans\u0131 (\u0130HA)\u2019 ya anlatt\u0131. Can, &#8220;Koyunculukla u\u011fra\u015f\u0131yorum. Bu kuzular\u0131n annesi 1 haftad\u0131r s\u00fcr\u00fcye gidemiyordu. Bug\u00fcn sabah yerinden kalkmad\u0131. Bu kuzular\u0131 do\u011furduktan sonra \u00f6ld\u00fc. Ba\u015f\u0131m\u0131za ilk defa b\u00f6yle bir hadise geldi. Bu kuzular \u00f6ks\u00fcz kald\u0131. Bu kuzu anne, anne diye melemeye ba\u015flad\u0131. Bu hayvan annesiz kald\u0131\u011f\u0131n\u0131 hissediyor ki anne, anne diye meliyor&#8221; \u015feklinde konu\u015ftu.<\/p>\n","protected":false},"excerpt":{"rendered":"<p>BALIKES\u0130R&#8217;\u0130N B\u0130GAD\u0130\u00c7 \u0130L\u00c7ES\u0130NDE HAYVANCILIK YAPAN \u0130SMA\u0130L CAN&#8217;A A\u0130T KOYUN \u0130K\u0130Z YAVRULADIKTAN SONRA \u00d6LD\u00dc. \u00d6KS\u00dcZ KALAN \u0130K\u0130Z KUZULARDAN B\u0130R\u0130 &#8216;ANNE, ANNE&#8217; D\u0130YE MEL\u0130YOR.<\/p>\n","protected":false},"author":1,"featured_media":233902,"comment_status":"closed","ping_status":"open","sticky":false,"template":"","format":"standard","meta":{"jetpack_post_was_ever_published":false,"_jetpack_newsletter_access":"","_jetpack_dont_email_post_to_subs":false,"_jetpack_newsletter_tier_id":0,"_jetpack_memberships_contains_paywalled_content":false,"_jetpack_memberships_contains_paid_content":false,"footnotes":"","jetpack_publicize_message":"","jetpack_publicize_feature_enabled":true,"jetpack_social_post_already_shared":true,"jetpack_social_options":{"image_generator_settings":{"template":"highway","default_image_id":0,"font":"","enabled":false},"version":2}},"categories":[1],"tags":[5582,21728,11174,43401,1211,16578,58802],"class_list":["post-233901","post","type-post","status-publish","format-standard","has-post-thumbnail","hentry","category-genel","tag-anne","tag-annesini","tag-diye","tag-dogumda","tag-kaybeden","tag-kuzu","tag-meliyor"],"jetpack_publicize_connections":[],"jetpack_featured_media_url":"https:\/\/i0.wp.com\/www.tvturk.com\/wp-content\/uploads\/2019\/11\/dogumda-annesini-kaybeden-kuzu-anne-anne-diye-meliyor_cea8526.jpg?fit=1000%2C750","jetpack_sharing_enabled":true,"jetpack_shortlink":"https:\/\/wp.me\/paKIfm-YQB","_links":{"self":[{"href":"http:\/\/www.tvturk.com\/index.php\/wp-json\/wp\/v2\/posts\/233901","targetHints":{"allow":["GET"]}}],"collection":[{"href":"http:\/\/www.tvturk.com\/index.php\/wp-json\/wp\/v2\/posts"}],"about":[{"href":"http:\/\/www.tvturk.com\/index.php\/wp-json\/wp\/v2\/types\/post"}],"author":[{"embeddable":true,"href":"http:\/\/www.tvturk.com\/index.php\/wp-json\/wp\/v2\/users\/1"}],"replies":[{"embeddable":true,"href":"http:\/\/www.tvturk.com\/index.php\/wp-json\/wp\/v2\/comments?post=233901"}],"version-history":[{"count":0,"href":"http:\/\/www.tvturk.com\/index.php\/wp-json\/wp\/v2\/posts\/233901\/revisions"}],"wp:featuredmedia":[{"embeddable":true,"href":"http:\/\/www.tvturk.com\/index.php\/wp-json\/wp\/v2\/media\/233902"}],"wp:attachment":[{"href":"http:\/\/www.tvturk.com\/index.php\/wp-json\/wp\/v2\/media?parent=233901"}],"wp:term":[{"taxonomy":"category","embeddable":true,"href":"http:\/\/www.tvturk.com\/index.php\/wp-json\/wp\/v2\/categories?post=233901"},{"taxonomy":"post_tag","embeddable":true,"href":"http:\/\/www.tvturk.com\/index.php\/wp-json\/wp\/v2\/tags?post=233901"}],"curies":[{"name":"wp","href":"https:\/\/api.w.org\/{rel}","templated":true}]}}