{"id":234025,"date":"2019-11-28T12:01:49","date_gmt":"2019-11-28T09:01:49","guid":{"rendered":"http:\/\/www.tvturk.com\/index.php\/fransiz-polisi-paristeki-gocmen-kampini-tahliye-etti\/"},"modified":"2019-11-28T12:01:49","modified_gmt":"2019-11-28T09:01:49","slug":"fransiz-polisi-paristeki-gocmen-kampini-tahliye-etti","status":"publish","type":"post","link":"http:\/\/www.tvturk.com\/index.php\/fransiz-polisi-paristeki-gocmen-kampini-tahliye-etti\/","title":{"rendered":"Frans\u0131z polisi Paris\u2019teki g\u00f6\u00e7men kamp\u0131n\u0131 tahliye etti"},"content":{"rendered":"<p>Fransa\u2019n\u0131n ba\u015fkenti Paris\u2019in kuzeyinde polis, yakla\u015f\u0131k 300 ki\u015filik bir g\u00f6\u00e7men kamp\u0131n\u0131 daha bo\u015faltt\u0131.<\/p>\n<p>Fransa\u2019n\u0131n ba\u015fkent Paris\u2019teki yasad\u0131\u015f\u0131 bir g\u00f6\u00e7men kamp\u0131 daha tahliye edildi. Frans\u0131z polisler Paris\u2019in kuzeyindeki Porte d\u2019Aubervilliers\u2019de yakla\u015f\u0131k 300 g\u00f6\u00e7meni kamp alan\u0131ndan \u00e7\u0131kard\u0131. Polis taraf\u0131ndan yap\u0131lan a\u00e7\u0131klamada g\u00f6\u00e7menlerin bar\u0131naklara yerle\u015ftirilece\u011fi belirtildi.<\/p>\n<p>Fransa\u2019n\u0131n kuzeyindeki Calais kentindeki b\u00fcy\u00fck bir g\u00f6\u00e7men kamp\u0131n\u0131n 2016\u2019da tahliye edilmesinin ard\u0131ndan, g\u00f6\u00e7menler Paris\u2019e ge\u00e7mi\u015fti. Birka\u00e7 ay sonra farkl\u0131 b\u00f6lgelerde ortaya \u00e7\u0131kan m\u00fclteci kamplar\u0131 tek tek da\u011f\u0131t\u0131lm\u0131\u015ft\u0131.<\/p>\n<p>Frans\u0131z h\u00fck\u00fcmeti bu ay\u0131n ba\u015f\u0131nda \u00fclkeye g\u00f6\u00e7men giri\u015fini ve kabul\u00fcn\u00fc zorla\u015ft\u0131ran, 20 maddelik tedbir paketini a\u00e7\u0131klam\u0131\u015ft\u0131. Buna g\u00f6re, \u00fclkedeki t\u00fcm yasad\u0131\u015f\u0131 g\u00f6\u00e7men kamplar\u0131 y\u0131l sonuna kadar polis taraf\u0131ndan bo\u015falt\u0131lacak.<\/p>\n<p>\u00d6te yandan, 7 Kas\u0131m\u2019da Paris\u2019in Porte de la Chapelle b\u00f6lgesindeki yakla\u015f\u0131k bin 600 ki\u015filik g\u00f6\u00e7men kamp\u0131 tahliye edilmi\u015fti.<\/p>\n","protected":false},"excerpt":{"rendered":"<p>FRANSA\u2019NIN BA\u015eKENT\u0130 PAR\u0130S\u2019\u0130N KUZEY\u0130NDE POL\u0130S, YAKLA\u015eIK 300 K\u0130\u015e\u0130L\u0130K B\u0130R G\u00d6\u00c7MEN KAMPINI DAHA BO\u015eALTTI.<\/p>\n","protected":false},"author":1,"featured_media":234026,"comment_status":"closed","ping_status":"open","sticky":false,"template":"","format":"standard","meta":{"jetpack_post_was_ever_published":false,"_jetpack_newsletter_access":"","_jetpack_dont_email_post_to_subs":false,"_jetpack_newsletter_tier_id":0,"_jetpack_memberships_contains_paywalled_content":false,"_jetpack_memberships_contains_paid_content":false,"footnotes":"","jetpack_publicize_message":"","jetpack_publicize_feature_enabled":true,"jetpack_social_post_already_shared":true,"jetpack_social_options":{"image_generator_settings":{"template":"highway","default_image_id":0,"font":"","enabled":false},"version":2}},"categories":[10],"tags":[207,8320,1009,25261,41288,1675,153],"class_list":["post-234025","post","type-post","status-publish","format-standard","has-post-thumbnail","hentry","category-dunya","tag-etti","tag-fransiz","tag-gocmen","tag-kampini","tag-paristeki","tag-polisi","tag-tahliye"],"jetpack_publicize_connections":[],"jetpack_featured_media_url":"https:\/\/i0.wp.com\/www.tvturk.com\/wp-content\/uploads\/2019\/11\/fransiz-polisi-paristeki-gocmen-kampini-tahliye-etti_c2ebb96.jpg?fit=1000%2C750","jetpack_sharing_enabled":true,"jetpack_shortlink":"https:\/\/wp.me\/paKIfm-YSB","_links":{"self":[{"href":"http:\/\/www.tvturk.com\/index.php\/wp-json\/wp\/v2\/posts\/234025","targetHints":{"allow":["GET"]}}],"collection":[{"href":"http:\/\/www.tvturk.com\/index.php\/wp-json\/wp\/v2\/posts"}],"about":[{"href":"http:\/\/www.tvturk.com\/index.php\/wp-json\/wp\/v2\/types\/post"}],"author":[{"embeddable":true,"href":"http:\/\/www.tvturk.com\/index.php\/wp-json\/wp\/v2\/users\/1"}],"replies":[{"embeddable":true,"href":"http:\/\/www.tvturk.com\/index.php\/wp-json\/wp\/v2\/comments?post=234025"}],"version-history":[{"count":0,"href":"http:\/\/www.tvturk.com\/index.php\/wp-json\/wp\/v2\/posts\/234025\/revisions"}],"wp:featuredmedia":[{"embeddable":true,"href":"http:\/\/www.tvturk.com\/index.php\/wp-json\/wp\/v2\/media\/234026"}],"wp:attachment":[{"href":"http:\/\/www.tvturk.com\/index.php\/wp-json\/wp\/v2\/media?parent=234025"}],"wp:term":[{"taxonomy":"category","embeddable":true,"href":"http:\/\/www.tvturk.com\/index.php\/wp-json\/wp\/v2\/categories?post=234025"},{"taxonomy":"post_tag","embeddable":true,"href":"http:\/\/www.tvturk.com\/index.php\/wp-json\/wp\/v2\/tags?post=234025"}],"curies":[{"name":"wp","href":"https:\/\/api.w.org\/{rel}","templated":true}]}}