{"id":234087,"date":"2019-11-28T13:17:21","date_gmt":"2019-11-28T10:17:21","guid":{"rendered":"http:\/\/www.tvturk.com\/index.php\/turk-arsivciler-dernegi-baskani-arsivcilerin-ozluk-haklarinin-verilmesini-istiyoruz\/"},"modified":"2019-11-28T13:17:21","modified_gmt":"2019-11-28T10:17:21","slug":"turk-arsivciler-dernegi-baskani-arsivcilerin-ozluk-haklarinin-verilmesini-istiyoruz","status":"publish","type":"post","link":"http:\/\/www.tvturk.com\/index.php\/turk-arsivciler-dernegi-baskani-arsivcilerin-ozluk-haklarinin-verilmesini-istiyoruz\/","title":{"rendered":"T\u00fcrk Ar\u015fivciler Derne\u011fi Ba\u015fkan\u0131: &#8220;Ar\u015fivcilerin \u00f6zl\u00fck haklar\u0131n\u0131n verilmesini istiyoruz&#8221;"},"content":{"rendered":"<p>14\u2019\u00fcnc\u00fc Ar\u015fivcilik G\u00fcn\u00fc dolay\u0131s\u0131yla d\u00fczenlenen etkinlikte konu\u015fan T\u00fcrk Ar\u015fivciler Derne\u011fi Ba\u015fkan\u0131 Mehmet Akif Terzi, &#8220;Cumhurba\u015fkanl\u0131\u011f\u0131m\u0131zca \u00e7\u0131kart\u0131lan 11 numaral\u0131 kararname ile devlet ar\u015fivleri personeline uzman ve uzman yard\u0131mc\u0131l\u0131\u011f\u0131 kadrosu tahsis edilmi\u015fti. Kararname halen uygulanmad\u0131, kararnamenin icab\u0131n\u0131n yerine getirilmesini istiyoruz&#8221; dedi.<\/p>\n<p>Hazine-i Evrak\u2019\u0131n kurulu\u015funun 173\u2019\u00fcnc\u00fc y\u0131ld\u00f6n\u00fcm\u00fc ve 14\u2019\u00fcnc\u00fc Ar\u015fivcilik G\u00fcn\u00fc dolay\u0131s\u0131yla d\u00fczenlenen \u2019Kuvve-i Haf\u0131zadan Yapay Zekaya\u2019 isimli etkinlik Marmara \u00dcniversitesi Rekt\u00f6rl\u00fck Binas\u0131\u2019nda ger\u00e7ekle\u015fti. Etkinlik; Marmara \u00dcniversitesi, \u0130stanbul \u00dcniversitesi, \u0130stanbul Medeniyet \u00dcniversitesi Bilgi Belge Y\u00f6netimi b\u00f6l\u00fcmleri ve T\u00fcrk Ar\u015fivciler Derne\u011fi i\u015fbirli\u011fi i\u00e7erisinde d\u00fczenlendi.<\/p>\n<p>\u2019Kuvve-i Haf\u0131zadan Yapay Zekaya\u2019 isimli etkinlikte g\u00fcn\u00fcm\u00fczde yapay zeka uygulamalar\u0131, bilgi saklamada yapay zekan\u0131n riskinin de\u011ferlendirilmesi, elektronik ortamda ki\u015fisel verilerin korunmas\u0131 ve yeni nesil ar\u015fivcilik gibi konular ele al\u0131nd\u0131.<\/p>\n<p>&#8220;Ar\u015fiv bir milletin haf\u0131zas\u0131d\u0131r&#8221;<\/p>\n<p>Program\u0131n a\u00e7\u0131l\u0131\u015f konu\u015fmas\u0131n\u0131 yapan T\u00fcrk Ar\u015fivciler Derne\u011fi Ba\u015fkan\u0131 Mehmet Akif Terzi, &#8220;Devletler ve kurumlar ar\u015fivleriyle vard\u0131r. Ge\u00e7mi\u015flerini unutan devletler yok olmaya mahkumdur. T\u00fcrkiye Osmanl\u0131\u2019n\u0131n miras\u00e7\u0131s\u0131 olarak yoluna devam etmektedir. Elimizde d\u00fcnyada kimsede olmayan veri kayna\u011f\u0131 var, ar\u015fivimiz var. Bu ar\u015fivler \u00fclke gelece\u011finin \u015fekillenmesinde kullan\u0131lmas\u0131 gereken ar\u015fivlerdir. Ge\u00e7mi\u015ften ders al\u0131p gelece\u011fe ad\u0131m atmal\u0131y\u0131z. Ar\u015fiv bir milletin haf\u0131zas\u0131d\u0131r&#8221; diye konu\u015ftu.<\/p>\n<p>&#8220;Ar\u015fiv personeline \u00f6zl\u00fck haklar\u0131n\u0131n verilmesini istiyoruz&#8221;<\/p>\n<p>Ar\u015fivcilerin \u00f6zl\u00fck haklar\u0131 ile ilgili taleplerini de dile getiren Terzi, &#8220;T\u00fcrk Ar\u015fivciler Derne\u011fi\u2019nin Cumhurba\u015fkanl\u0131\u011f\u0131\u2019na ba\u011flanmas\u0131n\u0131n ard\u0131ndan 11 numaral\u0131 kararname ile devlet ar\u015fivleri personeline uzman ve uzman yard\u0131mc\u0131l\u0131\u011f\u0131 kadrosu tahsis edilmi\u015fti. Ancak gelinen noktada bu kadrolar\u0131n halen personele tahsisleri yap\u0131lmam\u0131\u015f ve kararnamenin icab\u0131 yerine getirilmemi\u015ftir. Cumhurba\u015fkan\u0131m\u0131zdan konunun takip\u00e7isi olmas\u0131n\u0131 rica ediyoruz. Emektar, cefakar personele \u00f6zl\u00fck haklar\u0131n\u0131n verilmesini istiyoruz. T\u00fcrk Ar\u015fivciler Derne\u011fi olarak ar\u015fivcilik mesle\u011finin y\u00fccelmesi i\u00e7in elimizden gelen gayreti sarf edece\u011fiz\u201d s\u00f6zlerini ifade etti.<\/p>\n<p>Program Milli Savunma \u00dcniversitesi Rekt\u00f6r\u00fc Erhan Afyoncu\u2019nun konu\u015fmas\u0131 ve paneller ile devam ediyor. Afyoncu da yapt\u0131\u011f\u0131 konu\u015fmada ar\u015fivlerin milletler i\u00e7in \u00f6neminden bahsederek mevcut ar\u015fivlerimizin dahi tasnif edilmesi gerekti\u011fini s\u00f6yledi. Afyoncu ayr\u0131ca ar\u015fivlerin tarih\u00e7ili\u011fin kalbi oldu\u011funa dikkat \u00e7ekti.<\/p>\n","protected":false},"excerpt":{"rendered":"<p>T\u00dcRK AR\u015e\u0130VC\u0130LER DERNE\u011e\u0130 BA\u015eKANI MEHMET AK\u0130F TERZ\u0130, &#8220;AR\u015e\u0130VC\u0130LER\u0130N \u00d6ZL\u00dcK HAKLARININ VER\u0130LMES\u0130N\u0130 \u0130ST\u0130YORUZ&#8221;  DED\u0130.<\/p>\n","protected":false},"author":1,"featured_media":234088,"comment_status":"closed","ping_status":"open","sticky":false,"template":"","format":"standard","meta":{"jetpack_post_was_ever_published":false,"_jetpack_newsletter_access":"","_jetpack_dont_email_post_to_subs":false,"_jetpack_newsletter_tier_id":0,"_jetpack_memberships_contains_paywalled_content":false,"_jetpack_memberships_contains_paid_content":false,"footnotes":"","jetpack_publicize_message":"","jetpack_publicize_feature_enabled":true,"jetpack_social_post_already_shared":true,"jetpack_social_options":{"image_generator_settings":{"template":"highway","default_image_id":0,"font":"","enabled":false},"version":2}},"categories":[1],"tags":[58844,58843,216,6333,20555,2674,20554,957,25866],"class_list":["post-234087","post","type-post","status-publish","format-standard","has-post-thumbnail","hentry","category-genel","tag-arsivcilerin","tag-arsivciler","tag-baskani","tag-dernegi","tag-haklarinin","tag-istiyoruz","tag-ozluk","tag-turk","tag-verilmesini"],"jetpack_publicize_connections":[],"jetpack_featured_media_url":"https:\/\/i0.wp.com\/www.tvturk.com\/wp-content\/uploads\/2019\/11\/turk-arsivciler-dernegi-baskani-arsivcilerin-ozluk-haklarinin-verilmesini-istiyoruz_c9e0796.jpg?fit=1000%2C638","jetpack_sharing_enabled":true,"jetpack_shortlink":"https:\/\/wp.me\/paKIfm-YTB","_links":{"self":[{"href":"http:\/\/www.tvturk.com\/index.php\/wp-json\/wp\/v2\/posts\/234087","targetHints":{"allow":["GET"]}}],"collection":[{"href":"http:\/\/www.tvturk.com\/index.php\/wp-json\/wp\/v2\/posts"}],"about":[{"href":"http:\/\/www.tvturk.com\/index.php\/wp-json\/wp\/v2\/types\/post"}],"author":[{"embeddable":true,"href":"http:\/\/www.tvturk.com\/index.php\/wp-json\/wp\/v2\/users\/1"}],"replies":[{"embeddable":true,"href":"http:\/\/www.tvturk.com\/index.php\/wp-json\/wp\/v2\/comments?post=234087"}],"version-history":[{"count":0,"href":"http:\/\/www.tvturk.com\/index.php\/wp-json\/wp\/v2\/posts\/234087\/revisions"}],"wp:featuredmedia":[{"embeddable":true,"href":"http:\/\/www.tvturk.com\/index.php\/wp-json\/wp\/v2\/media\/234088"}],"wp:attachment":[{"href":"http:\/\/www.tvturk.com\/index.php\/wp-json\/wp\/v2\/media?parent=234087"}],"wp:term":[{"taxonomy":"category","embeddable":true,"href":"http:\/\/www.tvturk.com\/index.php\/wp-json\/wp\/v2\/categories?post=234087"},{"taxonomy":"post_tag","embeddable":true,"href":"http:\/\/www.tvturk.com\/index.php\/wp-json\/wp\/v2\/tags?post=234087"}],"curies":[{"name":"wp","href":"https:\/\/api.w.org\/{rel}","templated":true}]}}