{"id":234091,"date":"2019-11-28T13:17:35","date_gmt":"2019-11-28T10:17:35","guid":{"rendered":"http:\/\/www.tvturk.com\/index.php\/yatirimlarla-buyuyen-cukurovada-en-buyuk-risk-sel\/"},"modified":"2019-11-28T13:17:35","modified_gmt":"2019-11-28T10:17:35","slug":"yatirimlarla-buyuyen-cukurovada-en-buyuk-risk-sel","status":"publish","type":"post","link":"http:\/\/www.tvturk.com\/index.php\/yatirimlarla-buyuyen-cukurovada-en-buyuk-risk-sel\/","title":{"rendered":"Yat\u0131r\u0131mlarla b\u00fcy\u00fcyen \u00c7ukurova\u2019da en b\u00fcy\u00fck risk: &#8220;Sel&#8221;"},"content":{"rendered":"<p>\u00c7ukurova Kalk\u0131nma Ajans\u0131 (\u00c7KA) taraf\u0131ndan Adana ve Mersin\u2019deki kritik altyap\u0131lar\u0131n risk de\u011ferlendirmesi \u00fczerine D\u00fcnya Bankas\u0131 ile ortak proje ger\u00e7ekle\u015ftirildi. Projenin sonu\u00e7lar\u0131n\u0131 a\u00e7\u0131klayan GTE Carbon Direkt\u00f6r\u00fc M. Kemal Demirkol, \u00c7ukurova B\u00f6lgesi i\u00e7in en \u00f6nemli riskin sel oldu\u011funu s\u00f6yledi.<\/p>\n<p>Kritik altyap\u0131lar\u0131n afetlere y\u00f6nelik risk de\u011ferlendirmesinin ger\u00e7ekle\u015ftirildi\u011fi &#8220;\u00c7ukurova Kritik Altyap\u0131 Risk De\u011ferlendirmesi&#8221; projesi ge\u00e7en ay tamamland\u0131. Proje sonu\u00e7lar\u0131 \u00c7ukurova Kalk\u0131nma Ajans\u0131 ve AFAD ortakl\u0131\u011f\u0131nda kentteki bir otelde kamu kurum ve kurulu\u015flar\u0131, oda ve borsalar, \u00fcniversiteler ve ajans temsilcileri ile payla\u015f\u0131ld\u0131.<\/p>\n<p>A\u00e7\u0131l\u0131\u015fta konu\u015fan \u00c7KA Genel Sekreteri Lutfi Altunsu, \u00c7ukurova\u2019n\u0131n \u00fcretim \u00fcss\u00fc haline gelmesinin \u00f6nemli oldu\u011funu ancak riskleri de\u011ferlendirmek zorunda olduklar\u0131n\u0131 s\u00f6yledi. Altunsu, \u201cD\u00fcnya, 150 bin y\u0131l boyunca 1 derece \u0131s\u0131nm\u0131\u015fken, son 150 y\u0131lda ortalama s\u0131cakl\u0131k 1 dereceden fazla artt\u0131. Adana ve Mersin de son y\u0131llarda sel, dolu ve s\u0131cak hava gibi afetlerle s\u0131k s\u0131k an\u0131l\u0131r oldu. 11\u2019inci kalk\u0131nma plan\u0131nda afet y\u00f6netimi ayr\u0131 bir ba\u015fl\u0131kta ele al\u0131nm\u0131\u015f ve afetlere kar\u015f\u0131 toplumsal bilincin art\u0131r\u0131lmas\u0131 can ve mal kayb\u0131n\u0131n asgari d\u00fczeye indirilmesi temel ama\u00e7 olarak belirlenmi\u015ftir\u201d diye konu\u015ftu.<\/p>\n<p>\u201cKa\u00e7ak yap\u0131larla m\u00fccadeleyi beceremedim\u201d<\/p>\n<p>Adana B\u00fcy\u00fck\u015fehir Belediye Ba\u015fkan\u0131 Zeydan Karalar ise Seyhan Belediye Ba\u015fkan\u0131 oldu\u011fu d\u00f6nemden bu zamana kadar ka\u00e7ak yap\u0131larla m\u00fccadele edemedi\u011fini s\u00f6yleyerek, \u201cO kadar \u00e7ok b\u00fcy\u00fck depremler ya\u015fad\u0131k ama denetimsiz ve k\u00f6t\u00fc bir yap\u0131la\u015fma devam ediyor. Ben Seyhan Belediye Ba\u015fkan\u0131yken ola\u011fan\u00fcst\u00fc bir ka\u00e7ak yap\u0131yla kar\u015f\u0131la\u015ft\u0131m ve m\u00fccadele etmeye \u00e7al\u0131\u015ft\u0131m ama bunu \u00e7ok beceremedim. \u00d6zellikle Adana ve benzer kentlerde yurtta\u015f\u0131m\u0131z yasa ve kanun dinlemiyor. Bin metrekare in\u015faat ruhsat\u0131 alm\u0131\u015f vatanda\u015f 3 bin metrekare in\u015faat yap\u0131yor. 3 kez in\u015faat\u0131 durdurmam\u0131za ra\u011fmen ben yapar\u0131m bana kimse kar\u0131\u015famaz diyebiliyor\u201d ifadelerini kulland\u0131.<\/p>\n<p>\u201cSel ve kurakl\u0131k depremden daha \u00f6nemli\u201d<\/p>\n<p>Adana Valisi Mahmut Demirta\u015f ise sel ve kurakl\u0131\u011f\u0131n depremden daha \u00f6nemli bir do\u011fal afet oldu\u011funu aktararak \u015funlar\u0131 s\u00f6yledi:<\/p>\n<p>\u201c\u0130klim de\u011fi\u015fikli\u011fiyle birlikte ortaya \u00e7\u0131kan meteorolojik afetler, \u00f6ng\u00f6remedi\u011fimiz ve s\u0131kl\u0131\u011f\u0131 gittik\u00e7e artan afetler olarak nitelendirilmekte ve insano\u011flunu hem sosyolojik hem de ekonomik a\u00e7\u0131dan ciddi bir bi\u00e7imde etkilenmektedir. Aktif fay hatlar\u0131 \u00fczerinde bulunan ve b\u00fcy\u00fck depremlere maruz kalan \u00fclkemizde, son d\u00f6nemde ya\u015fanan Adana-Ceyhan, G\u00f6lc\u00fck-Marmara ve Van depremleri, haf\u0131zalar\u0131m\u0131zdaki canl\u0131l\u0131\u011f\u0131n\u0131 hala korumaktad\u0131r. \u201cKritik Altyap\u0131\u201d kavram\u0131 da son y\u0131llarda d\u00fcnyan\u0131n hemen her yerinde tart\u0131\u015f\u0131lmakta olan kavramlardan biri haline gelmi\u015ftir.\u201d<\/p>\n<p>\u201c\u00c7ukurova i\u00e7in en \u00f6nemli risk sel g\u00f6r\u00fcn\u00fcyor&#8221;<\/p>\n<p>A\u00e7\u0131l\u0131\u015f konu\u015fmalar\u0131n\u0131n ard\u0131ndan \u00c7ukurova Kritik Altyap\u0131 Risk De\u011ferlendirmesi projesinin sonu\u00e7lar\u0131n\u0131 GTE Carbon Direkt\u00f6r\u00fc M. Kemal Demirkol a\u00e7\u0131klad\u0131. Demirkol, fark\u0131ndal\u0131\u011f\u0131n artt\u0131r\u0131lmas\u0131 gerekti\u011fini belirterek, \u201c\u00c7ukurova hem ula\u015f\u0131m, tar\u0131m ve enerji sekt\u00f6rlerinde gittik\u00e7e b\u00fcy\u00fcyen bir merkez. \u0130klim de\u011fi\u015fikli\u011fiyle ilgili farkl\u0131 risklerle kar\u015f\u0131 kar\u015f\u0131ya. 2022 y\u0131l\u0131nda \u00c7ukurova yakla\u015f\u0131k 13 bin megavatl\u0131k kurulu bir g\u00fcce sahip olacak. Bunun yakla\u015f\u0131k 6-7 bin megavat\u0131n\u0131 ba\u015fka b\u00f6lgelere ihra\u00e7 edecek. Burada bir problem oldu\u011funda di\u011fer b\u00f6lgeleri de etkileyecek. Boru hatlar\u0131yla ilgili sorun oldu\u011fu zaman T\u00fcrkiye\u2019deki ihra\u00e7 edilen petrol\u00fcn y\u00fczde 40\u2019\u0131 Ceyhan\u2019dan ihra\u00e7 ediliyor. Buradaki kesinti sadece T\u00fcrkiye\u2019yi de\u011fil ihra\u00e7 edilen b\u00f6lgeleri de etkileyecek. \u00c7ukurova b\u00f6lgesi i\u00e7in deprem, kas\u0131rga, dolu, sel ve ya\u011f\u0131\u015f kaynakl\u0131 heyelan gibi tehlikeler belirledik. En \u00f6nemli risk \u00c7ukurova i\u00e7in sel g\u00f6r\u00fcn\u00fcyor\u201d ifadelerini kulland\u0131.<\/p>\n<p>Toplant\u0131 ak\u015fam 18.00\u2019a kadar s\u00fcrecek.<\/p>\n","protected":false},"excerpt":{"rendered":"<p>GTE CARBON D\u0130REKT\u00d6R\u00dc M. KEMAL DEM\u0130RKOL, \u00c7UKUROVA B\u00d6LGES\u0130 \u0130\u00c7\u0130N EN \u00d6NEML\u0130 R\u0130SK\u0130N SEL OLDU\u011eUNU S\u00d6YLED\u0130.<\/p>\n","protected":false},"author":1,"featured_media":234092,"comment_status":"closed","ping_status":"open","sticky":false,"template":"","format":"standard","meta":{"jetpack_post_was_ever_published":false,"_jetpack_newsletter_access":"","_jetpack_dont_email_post_to_subs":false,"_jetpack_newsletter_tier_id":0,"_jetpack_memberships_contains_paywalled_content":false,"_jetpack_memberships_contains_paid_content":false,"footnotes":"","jetpack_publicize_message":"","jetpack_publicize_feature_enabled":true,"jetpack_social_post_already_shared":true,"jetpack_social_options":{"image_generator_settings":{"template":"highway","default_image_id":0,"font":"","enabled":false},"version":2}},"categories":[1],"tags":[695,545,15856,33272,15121,23408],"class_list":["post-234091","post","type-post","status-publish","format-standard","has-post-thumbnail","hentry","category-genel","tag-sel","tag-buyuk","tag-buyuyen","tag-cukurovada","tag-risk","tag-yatirimlarla"],"jetpack_publicize_connections":[],"jetpack_featured_media_url":"https:\/\/i0.wp.com\/www.tvturk.com\/wp-content\/uploads\/2019\/11\/yatirimlarla-buyuyen-cukurovada-en-buyuk-risk-sel_cea8526.jpg?fit=1000%2C891","jetpack_sharing_enabled":true,"jetpack_shortlink":"https:\/\/wp.me\/paKIfm-YTF","_links":{"self":[{"href":"http:\/\/www.tvturk.com\/index.php\/wp-json\/wp\/v2\/posts\/234091","targetHints":{"allow":["GET"]}}],"collection":[{"href":"http:\/\/www.tvturk.com\/index.php\/wp-json\/wp\/v2\/posts"}],"about":[{"href":"http:\/\/www.tvturk.com\/index.php\/wp-json\/wp\/v2\/types\/post"}],"author":[{"embeddable":true,"href":"http:\/\/www.tvturk.com\/index.php\/wp-json\/wp\/v2\/users\/1"}],"replies":[{"embeddable":true,"href":"http:\/\/www.tvturk.com\/index.php\/wp-json\/wp\/v2\/comments?post=234091"}],"version-history":[{"count":0,"href":"http:\/\/www.tvturk.com\/index.php\/wp-json\/wp\/v2\/posts\/234091\/revisions"}],"wp:featuredmedia":[{"embeddable":true,"href":"http:\/\/www.tvturk.com\/index.php\/wp-json\/wp\/v2\/media\/234092"}],"wp:attachment":[{"href":"http:\/\/www.tvturk.com\/index.php\/wp-json\/wp\/v2\/media?parent=234091"}],"wp:term":[{"taxonomy":"category","embeddable":true,"href":"http:\/\/www.tvturk.com\/index.php\/wp-json\/wp\/v2\/categories?post=234091"},{"taxonomy":"post_tag","embeddable":true,"href":"http:\/\/www.tvturk.com\/index.php\/wp-json\/wp\/v2\/tags?post=234091"}],"curies":[{"name":"wp","href":"https:\/\/api.w.org\/{rel}","templated":true}]}}