{"id":234109,"date":"2019-11-28T13:46:22","date_gmt":"2019-11-28T10:46:22","guid":{"rendered":"http:\/\/www.tvturk.com\/index.php\/tbmm-baskani-sentop-42-afrika-parlamenterler-birligi-konferasinda-konustu\/"},"modified":"2019-11-28T13:46:22","modified_gmt":"2019-11-28T10:46:22","slug":"tbmm-baskani-sentop-42-afrika-parlamenterler-birligi-konferasinda-konustu","status":"publish","type":"post","link":"http:\/\/www.tvturk.com\/index.php\/tbmm-baskani-sentop-42-afrika-parlamenterler-birligi-konferasinda-konustu\/","title":{"rendered":"TBMM Ba\u015fkan\u0131 \u015eentop, 42. Afrika Parlamenterler Birli\u011fi Konferas\u0131\u2019nda konu\u015ftu"},"content":{"rendered":"<p>TBMM Ba\u015fkan\u0131 Mustafa \u015eentop, Cibuti\u2019de ger\u00e7ekle\u015ftirilen 42. Afrika Parlamenterler Birli\u011fi Konferas\u0131\u2019nda konu\u015ftu. \u015eentop, S-400\u2019lerin kullan\u0131lmamas\u0131 y\u00f6n\u00fcnde ABD\u2019den yap\u0131lan a\u00e7\u0131klamalara, \u201cAmerika bir yandan s\u00f6z\u00fcn\u00fc yerine getirmeyip di\u011fer yandan da T\u00fcrkiye\u2019nin sat\u0131n ald\u0131\u011f\u0131 S-400 f\u00fcze sistemi i\u00e7in kullan\u0131lmas\u0131n uyar\u0131s\u0131n\u0131 dillendirmektedir\u201d dedi.<\/p>\n<p>TBMM Ba\u015fkan\u0131 Mustafa \u015eentop, Cibuti\u2019de ger\u00e7ekle\u015ftirilen 42. Afrika Parlamenterler Birli\u011fi Konferas\u0131\u2019na kat\u0131ld\u0131. Konu\u015fmas\u0131na, \u0130stanbul\u2019dan, Ankara\u2019dan ve Afrika dostu Cumhurba\u015fkan\u0131 Erdo\u011fan\u2019dan selamlar getirdi\u011fini belirterek ba\u015flayan \u015eentop, Cibuti\u2019de meydana gelen sel felaketinde hayat\u0131n\u0131 kaybedenler i\u00e7in ba\u015fsa\u011fl\u0131\u011f\u0131 ve yaral\u0131lar i\u00e7in acil \u015fifalar diledi. T\u00fcrkiye\u2019nin, Afrika k\u0131tas\u0131na verdi\u011fi \u00f6nemi anlatan Meclis Ba\u015fkan\u0131 \u015eentop, k\u0131tadaki en b\u00fcy\u00fck yat\u0131r\u0131mc\u0131 \u00fclke olmasa da, kamu ve \u00f6zel sekt\u00f6r\u00fcn t\u00fcm yat\u0131r\u0131mlar\u0131 d\u00fc\u015f\u00fcn\u00fcld\u00fc\u011f\u00fcnde, yat\u0131r\u0131mlar\u0131 ile en fazla istihdam olu\u015fturan \u00fclke konumunda oldu\u011funa dikkat \u00e7ekti. \u015eentop, \u201cNeokoloniyal emelleri olan \u00fclkeler, ne yaz\u0131k ki halen, Afrika dahil her k\u0131tada milletlerin kendi kaderlerini tayin etmesinden rahats\u0131zl\u0131k duymaktad\u0131r. Bu \u00fclkeler, milletlerin demokratik se\u00e7imler ile i\u015fba\u015f\u0131na getirdi\u011fi h\u00fck\u00fcmetlerine m\u00fcdahale etmeyi hala kendilerine hak g\u00f6rmektedir. Bir\u00e7ok bat\u0131l\u0131 devlet, demokrasiyi sadece kendi \u00e7\u0131karlar\u0131na hizmet eden bir ara\u00e7 olarak g\u00f6r\u00fcyor. \u00d6zg\u00fcrl\u00fc\u011f\u00fc sadece kendilerine has bir hak olarak addediyor. Refah, huzur ve kalk\u0131nma sadece kendilerinde olsun istiyor. Kendilerine, kendi vatanda\u015flar\u0131na hak g\u00f6rd\u00fcklerini, Afrika ve di\u011fer co\u011frafyalar i\u00e7in l\u00fcks g\u00f6r\u00fcyorlar\u201d dedi. Bat\u0131l\u0131 devletlerin, bug\u00fcnlerde kolonyal ve \u0131rk\u00e7\u0131 ge\u00e7mi\u015flerinden pi\u015fmanl\u0131klar\u0131n\u0131 dile getirmelerine de i\u015faret eden TBMM Ba\u015fkan\u0131 \u015eentop, bat\u0131l\u0131 \u00fclkelere, \u201cSamimiyseniz Afrika \u00fclkelerinin bor\u00e7lar\u0131n\u0131 silin\u201d \u00e7a\u011fr\u0131s\u0131nda bulundu.<\/p>\n<p>\u201cPetrole h\u00fccum, alt\u0131na h\u00fccum\u201d<\/p>\n<p>G\u00fcn\u00fcm\u00fczde hala \u201cpetrole h\u00fccum, alt\u0131na h\u00fccum\u201d slogan\u0131yla yola \u00e7\u0131kan doymak bilmez emperyalist i\u015ftahlar\u0131n Orta Do\u011fu\u2019yu, Do\u011fu Akdeniz\u2019i, Afrika\u2019y\u0131 \u00e7at\u0131\u015fmalar\u0131n merkezi haline getirmeye \u00e7al\u0131\u015ft\u0131\u011f\u0131n\u0131 s\u00f6yleyen Meclis Ba\u015fkan\u0131 \u015eentop, demokrasi ve insan haklar\u0131 kavramlar\u0131n\u0131n da stratejik b\u00f6lgeleri kontrol etmenin ve do\u011fal rezerv i\u015ftah\u0131n\u0131n maskesine d\u00f6n\u00fc\u015ft\u00fcr\u00fcld\u00fc\u011f\u00fcn\u00fc belirtti.<\/p>\n<p>Birle\u015fmi\u015f Milletlere ele\u015ftiri<\/p>\n<p>Irak\u2019a, Suriye\u2019ye, Afrika\u2019ya uygulan\u0131p onlarca karar\u0131n\u0131 tan\u0131mayan \u0130srail\u2019e BM kararlar\u0131n\u0131n uygulanmay\u0131\u015f\u0131na vurgu yapan TBMM Ba\u015fkan\u0131 \u015eentop, aradan y\u00fczy\u0131llar ge\u00e7se de emperyalist bak\u0131\u015f a\u00e7\u0131s\u0131n\u0131n de\u011fi\u015fmedi\u011fine dikkat \u00e7ekti. \u015eentop, s\u00f6zlerini \u015f\u00f6yle s\u00fcrd\u00fcrd\u00fc:<\/p>\n<p>\u201cTam bu noktada, uluslararas\u0131 camian\u0131n ve \u00f6rg\u00fctlerin varl\u0131k sebeplerinin ve varolu\u015f ama\u00e7lar\u0131n\u0131n yeniden g\u00f6zden ge\u00e7irilmesi zaruretini bir kez daha dikkatlerinize sunmak istiyorum. Ne yaz\u0131k ki bug\u00fcn uluslararas\u0131 \u00f6rg\u00fctlerin bir k\u0131sm\u0131, \u00f6zellikle de Birle\u015fmi\u015f Milletler, kurulu\u015f ama\u00e7lar\u0131nda \u00f6ng\u00f6r\u00fclen misyonu yerine getirmekten \u00e7ok uzakt\u0131r. Nitekim Say\u0131n Cumhurba\u015fkan\u0131m\u0131z Recep Tayyip Erdo\u011fan bu durumu, \u2018d\u00fcnya be\u015ften b\u00fcy\u00fckt\u00fcr\u2019 itiraz\u0131yla ifade etmi\u015ftir. Bu itiraz do\u011fal olarak \u00f6zellikle de yeni d\u00fcnya d\u00fczeninin t\u00fcm y\u00fck\u00fc \u00fczerine y\u00fcklenen milletlerde hakl\u0131 bir yank\u0131 uyand\u0131rm\u0131\u015ft\u0131r. Bizlerin birlik i\u00e7inde, beraberce hareket etmemizden de rahats\u0131zl\u0131k duyuyorlar. Birimiz kalk\u0131nma ve refah yolunda ilerledi\u011finde, d\u00fcnya be\u015ften b\u00fcy\u00fckt\u00fcr dedi\u011finde, ellerindeki her imkan\u0131 kullanarak darbelerle, i\u00e7 sava\u015f tahrikleriyle bizleri sindirmek istiyorlar. Bunun en ac\u0131 \u00f6rne\u011fini, Fetullah\u00e7\u0131 Ter\u00f6r \u00d6rg\u00fct\u00fc\u2019n\u00fcn (FET\u00d6\u2019n\u00fcn), hain darbe giri\u015fimi ile 15 Temmuz 2016 tarihinde \u00fclkemizde ya\u015fad\u0131k. Kendi sava\u015f u\u00e7aklar\u0131m\u0131z kendi Meclisimizi bombalad\u0131. Kendi tanklar\u0131m\u0131z vatanda\u015flar\u0131m\u0131z\u0131 hunharca ezdi. Kendi askerimiz oldu\u011funu sand\u0131\u011f\u0131m\u0131z hainler milletimizi kur\u015funlad\u0131. Ancak ne mutlu bizlere ve asil milletimize ki, kan\u0131m\u0131z ve can\u0131m\u0131z pahas\u0131na bu ter\u00f6ristlere gereken cevab\u0131 verdik.\u201d<\/p>\n<p>Afrika \u00fclkelerine FET\u00d6 okullar\u0131 \u00e7a\u011fr\u0131s\u0131<\/p>\n<p>FET\u00d6\u2019n\u00fcn Afrika \u00fclkelerinde faaliyetlerine devam etti\u011fine i\u015faret eden \u015eentop, \u201cSizlerden de istirham\u0131m\u0131z s\u00f6zde e\u011fitim, sa\u011fl\u0131k kurulu\u015flar\u0131 veya sivil toplum \u00f6rg\u00fct\u00fc gibi kisveler alt\u0131nda baz\u0131 Afrika \u00fclkelerinde faaliyetlerine devam etti\u011fini bildi\u011fimiz Fetullah\u00e7\u0131 Ter\u00f6r \u00d6rg\u00fct\u00fc\u2019n\u00fcn uzant\u0131lar\u0131na kar\u015f\u0131 m\u00fcteyakk\u0131z olman\u0131zd\u0131r. Zira bu \u00f6rg\u00fct sadece T\u00fcrkiye i\u00e7in de\u011fil faaliyet g\u00f6sterdi\u011fi t\u00fcm \u00fclkeler i\u00e7in tehdit te\u015fkil etmektedir\u201d ifadelerini kulland\u0131.<\/p>\n<p>\u201cT\u00fcrkiye g\u00fcvenli b\u00f6lge olu\u015fturuncaya kadar askeri varl\u0131\u011f\u0131yla kararl\u0131l\u0131\u011f\u0131n\u0131 s\u00fcrd\u00fcrecek&#8221;<\/p>\n<p>\u00dclkelerin g\u00fcvenli\u011fini tehdit eden bir ba\u015fka \u00f6rg\u00fct\u00fcn de DEA\u015e oldu\u011funu kaydeden TBMM Ba\u015fkan\u0131 \u015eentop, T\u00fcrkiye\u2019nin DEA\u015e ve PKK\u2019n\u0131n Suriye uzant\u0131s\u0131 YPG ile m\u00fccadelesi i\u00e7in ba\u015flatt\u0131\u011f\u0131 Bar\u0131\u015f P\u0131nar\u0131 Harekat\u0131\u2019na dikkat \u00e7ekti. Harekat\u0131n amac\u0131n\u0131n b\u00f6lgedeki ter\u00f6ristleri etkisiz hale getirmek ve T\u00fcrkiye s\u0131n\u0131rlar\u0131n\u0131n g\u00fcvenli\u011fini sa\u011flamak oldu\u011funu hat\u0131rlatan \u015eentop, \u201cT\u00fcrkiye t\u00fcm ter\u00f6r \u00f6rg\u00fctleri ile bu kararl\u0131kla m\u00fccadelesini s\u00fcrd\u00fcrecektir. Bug\u00fcn i\u00e7in Amerika ve Rusya, b\u00f6lgeden ter\u00f6r unsurlar\u0131n\u0131n \u00e7ekilmesine dair verdikleri s\u00f6zleri, taahh\u00fctleri tam olarak yerine getirmi\u015f de\u011fil. T\u00fcrkiye, kendi s\u0131n\u0131r\u0131nda g\u00fcvenli bir b\u00f6lge olu\u015fturuncaya kadar askeri varl\u0131\u011f\u0131yla da kararl\u0131l\u0131\u011f\u0131n\u0131 s\u00fcrd\u00fcrecektir\u201d diye konu\u015ftu.<\/p>\n<p>Amerika\u2019ya S-400 uyar\u0131s\u0131<\/p>\n<p>\u201cAmerika, bir yandan s\u00f6z\u00fcn\u00fc yerine getirmeyip, di\u011fer yandan da T\u00fcrkiye\u2019nin sat\u0131n ald\u0131\u011f\u0131 S-400 f\u00fcze sistemi i\u00e7in, kullan\u0131lmas\u0131n uyar\u0131s\u0131n\u0131 dillendirmektedir\u201d diyen TBMM Ba\u015fkan\u0131 \u015eentop, \u201cKendi planlar\u0131n\u0131 uygulamaya \u00e7al\u0131\u015f\u0131yorlar. T\u00fcrkiye\u2019nin g\u00fcvenli\u011fini d\u00fc\u015f\u00fcnd\u00fckleri yok. Her zaman oldu\u011fu gibi sadece kendi \u00e7\u0131kar hesaplar\u0131n\u0131n pe\u015findeler. T\u00fcrkiye sa\u011fa sola bakmadan milletinin ve b\u00f6lgenin g\u00fcvenli\u011fi i\u00e7in gerekli g\u00f6rd\u00fc\u011f\u00fc her ad\u0131m\u0131 teredd\u00fcts\u00fcz atacakt\u0131r\u201d dedi.<\/p>\n<p>Emine Erdo\u011fan\u2019\u0131n Afrikal\u0131 kad\u0131nlar i\u00e7in ba\u015flatt\u0131\u011f\u0131 projeye destek \u00e7a\u011fr\u0131s\u0131<\/p>\n<p>TBMM Ba\u015fkan\u0131 \u015eentop, Cumhurba\u015fkan\u0131 Erdo\u011fan\u2019\u0131n 2015 ve 2016\u2019da baz\u0131 Afrika \u00fclkelerine ger\u00e7ekle\u015ftirdi\u011fi ziyaretler sonras\u0131nda e\u015fi Emine Erdo\u011fan \u00f6nc\u00fcl\u00fc\u011f\u00fcnde, Afrikal\u0131 kad\u0131nlar\u0131n el eme\u011fi \u00fcr\u00fcnlerinin kar amac\u0131 g\u00fctmeksizin T\u00fcrkiye\u2019de sat\u0131l\u0131p elde edilecek gelirlerin Afrikal\u0131 kad\u0131nlara g\u00f6nderilmesini ama\u00e7layan projeye destek istedi. Bu kapsamda Afrika El Sanatlar\u0131 Pazar\u0131 ve K\u00fclt\u00fcr Evi\u2019nin a\u00e7\u0131ld\u0131\u011f\u0131n\u0131 kaydeden \u015eentop, Afrikal\u0131 kad\u0131nlar\u0131n el eme\u011fi \u00fcr\u00fcnlerin T\u00fcrk Havayollar\u0131 ile i\u015fbirli\u011fi i\u00e7inde \u00fccretsiz ta\u015f\u0131naca\u011f\u0131n\u0131 ifade ederek, \u201cBu projeye siz parlamenterlerin de sahip \u00e7\u0131kmas\u0131n\u0131 arzu ediyorum. Afrikal\u0131 kad\u0131nlar ile T\u00fcrkiye ve T\u00fcrkiyeli kad\u0131nlar aras\u0131nda \u00f6nemli bir k\u00f6pr\u00fc olacak bu projenin kad\u0131nlara duyurulmas\u0131nda, onlar\u0131n ilgisinin y\u00f6nlendirilmesinde katk\u0131lar\u0131n\u0131z\u0131 bekliyorum\u201d dedi.<\/p>\n","protected":false},"excerpt":{"rendered":"<p>TBMM BA\u015eKANI MUSTAFA \u015eENTOP, 42. AFR\u0130KA PARLAMENTERLER KONFERANSI&#8217;NDA KONU\u015eTU<\/p>\n","protected":false},"author":1,"featured_media":234110,"comment_status":"closed","ping_status":"open","sticky":false,"template":"","format":"standard","meta":{"jetpack_post_was_ever_published":false,"_jetpack_newsletter_access":"","_jetpack_dont_email_post_to_subs":false,"_jetpack_newsletter_tier_id":0,"_jetpack_memberships_contains_paywalled_content":false,"_jetpack_memberships_contains_paid_content":false,"footnotes":"","jetpack_publicize_message":"","jetpack_publicize_feature_enabled":true,"jetpack_social_post_already_shared":true,"jetpack_social_options":{"image_generator_settings":{"template":"highway","default_image_id":0,"font":"","enabled":false},"version":2}},"categories":[10],"tags":[32357,8755,216,668,58850,4045,55616,18442,3424],"class_list":["post-234109","post","type-post","status-publish","format-standard","has-post-thumbnail","hentry","category-dunya","tag-32357","tag-afrika","tag-baskani","tag-birligi","tag-konferasinda","tag-konustu","tag-parlamenterler","tag-sentop","tag-tbmm"],"jetpack_publicize_connections":[],"jetpack_featured_media_url":"https:\/\/i0.wp.com\/www.tvturk.com\/wp-content\/uploads\/2019\/11\/tbmm-baskani-sentop-42-afrika-parlamenterler-birligi-konferasinda-konustu_5c29742.jpg?fit=1000%2C685","jetpack_sharing_enabled":true,"jetpack_shortlink":"https:\/\/wp.me\/paKIfm-YTX","_links":{"self":[{"href":"http:\/\/www.tvturk.com\/index.php\/wp-json\/wp\/v2\/posts\/234109","targetHints":{"allow":["GET"]}}],"collection":[{"href":"http:\/\/www.tvturk.com\/index.php\/wp-json\/wp\/v2\/posts"}],"about":[{"href":"http:\/\/www.tvturk.com\/index.php\/wp-json\/wp\/v2\/types\/post"}],"author":[{"embeddable":true,"href":"http:\/\/www.tvturk.com\/index.php\/wp-json\/wp\/v2\/users\/1"}],"replies":[{"embeddable":true,"href":"http:\/\/www.tvturk.com\/index.php\/wp-json\/wp\/v2\/comments?post=234109"}],"version-history":[{"count":0,"href":"http:\/\/www.tvturk.com\/index.php\/wp-json\/wp\/v2\/posts\/234109\/revisions"}],"wp:featuredmedia":[{"embeddable":true,"href":"http:\/\/www.tvturk.com\/index.php\/wp-json\/wp\/v2\/media\/234110"}],"wp:attachment":[{"href":"http:\/\/www.tvturk.com\/index.php\/wp-json\/wp\/v2\/media?parent=234109"}],"wp:term":[{"taxonomy":"category","embeddable":true,"href":"http:\/\/www.tvturk.com\/index.php\/wp-json\/wp\/v2\/categories?post=234109"},{"taxonomy":"post_tag","embeddable":true,"href":"http:\/\/www.tvturk.com\/index.php\/wp-json\/wp\/v2\/tags?post=234109"}],"curies":[{"name":"wp","href":"https:\/\/api.w.org\/{rel}","templated":true}]}}