{"id":234119,"date":"2019-11-28T13:48:30","date_gmt":"2019-11-28T10:48:30","guid":{"rendered":"http:\/\/www.tvturk.com\/index.php\/baskan-aydin-ogretmenleri-unutmadi\/"},"modified":"2019-11-28T13:48:30","modified_gmt":"2019-11-28T10:48:30","slug":"baskan-aydin-ogretmenleri-unutmadi","status":"publish","type":"post","link":"http:\/\/www.tvturk.com\/index.php\/baskan-aydin-ogretmenleri-unutmadi\/","title":{"rendered":"Ba\u015fkan Ayd\u0131n \u00f6\u011fretmenleri unutmad\u0131"},"content":{"rendered":"<p>Bursa\u2019n\u0131n Yeni\u015fehir Belediye Ba\u015fkan\u0131 Davut Ayd\u0131n, il\u00e7ede bulunan 600 \u00f6\u011fretmene yemek verdi.<\/p>\n<p>\u00d6\u011fretmenler onuruna verilen yeme\u011fe kat\u0131lanlara te\u015fekk\u00fcr eden Yeni\u015fehir Belediye Ba\u015fkan\u0131 Davut Ayd\u0131n, \u00f6\u011fretmenlerle ayn\u0131 sofray\u0131 payla\u015fmaktan b\u00fcy\u00fck memnuniyet duydu\u011funu anlatt\u0131. \u00d6\u011fretmenli\u011fin sevgi ile ba\u015flayan, \u015fefkat ve b\u00fcy\u00fck bir sab\u0131r ile icr\u00e2 edilen kutsal bir meslek oldu\u011funu vurgulayan Ayd\u0131n, &#8220;\u0130nsan d\u00fcnyaya g\u00f6zlerini a\u00e7t\u0131\u011f\u0131 andan itibaren anne kuca\u011f\u0131nda ba\u015flayan e\u011fitim s\u00fcreci, bir s\u00fcre sonra okul s\u0131ralar\u0131nda onlar\u0131 anne baba \u015fefkatiyle kucaklayan \u00e7ok de\u011ferli \u00f6\u011fretmenlerimizle s\u00fcrer. Bizler, \u00f6\u011fretmenlerimizin ve \u00f6\u011frencilerimizin daima yan\u0131nday\u0131z. Onlar\u0131n refah ve mutlulu\u011fu i\u00e7in her t\u00fcrl\u00fc deste\u011fi vermeye haz\u0131r\u0131z. Sizler hayal edin, bizler uygulayal\u0131m. Gelece\u011fimizi birlikte in\u015fa edelim&#8221; dedi.<\/p>\n<p>\u00d6\u011fretmenlerin bu \u00fclkeyi y\u00f6netecek nesiller yeti\u015ftirirken, ayn\u0131 zamanda \u00fclkenin gelece\u011fini in\u015fa etti\u011fini s\u00f6yleyen Ba\u015fkan Ayd\u0131n, &#8220;\u00d6\u011fretmenlik g\u00f6revinin zorlu ve sab\u0131rla \u00f6r\u00fcl\u00fc bir yoldan ge\u00e7ti\u011fini biliyoruz. \u00d6\u011fretmenlerimize destek vermek i\u00e7in elimizden ne geliyorsa ger\u00e7ekle\u015ftirmeye gayret ediyoruz&#8221; diye konu\u015ftu.<\/p>\n<p>Belediyenin \u00f6\u011fretmenler onuruna d\u00fczenledi\u011fi yemek davetine Kaymakam Suat Seyito\u011flu, Belediye Ba\u015fkan\u0131 Davut Ayd\u0131n, Garnizon Komutan\u0131 Albay Kadri Bahtiyar, Milli E\u011fitim M\u00fcd\u00fcr\u00fc Musa Ayaz, belediye daire amirleri ve il\u00e7ede g\u00f6rev yapan \u00f6\u011fretmenler kat\u0131ld\u0131.<\/p>\n","protected":false},"excerpt":{"rendered":"<p>BAS<\/p>\n","protected":false},"author":1,"featured_media":234120,"comment_status":"closed","ping_status":"open","sticky":false,"template":"","format":"standard","meta":{"jetpack_post_was_ever_published":false,"_jetpack_newsletter_access":"","_jetpack_dont_email_post_to_subs":false,"_jetpack_newsletter_tier_id":0,"_jetpack_memberships_contains_paywalled_content":false,"_jetpack_memberships_contains_paid_content":false,"footnotes":"","jetpack_publicize_message":"","jetpack_publicize_feature_enabled":true,"jetpack_social_post_already_shared":true,"jetpack_social_options":{"image_generator_settings":{"template":"highway","default_image_id":0,"font":"","enabled":false},"version":2}},"categories":[1],"tags":[426,100,923,5472],"class_list":["post-234119","post","type-post","status-publish","format-standard","has-post-thumbnail","hentry","category-genel","tag-aydin","tag-baskan","tag-ogretmenleri","tag-unutmadi"],"jetpack_publicize_connections":[],"jetpack_featured_media_url":"https:\/\/i0.wp.com\/www.tvturk.com\/wp-content\/uploads\/2019\/11\/baskan-aydin-ogretmenleri-unutmadi_d2983c8.jpg?fit=960%2C640","jetpack_sharing_enabled":true,"jetpack_shortlink":"https:\/\/wp.me\/paKIfm-YU7","_links":{"self":[{"href":"http:\/\/www.tvturk.com\/index.php\/wp-json\/wp\/v2\/posts\/234119","targetHints":{"allow":["GET"]}}],"collection":[{"href":"http:\/\/www.tvturk.com\/index.php\/wp-json\/wp\/v2\/posts"}],"about":[{"href":"http:\/\/www.tvturk.com\/index.php\/wp-json\/wp\/v2\/types\/post"}],"author":[{"embeddable":true,"href":"http:\/\/www.tvturk.com\/index.php\/wp-json\/wp\/v2\/users\/1"}],"replies":[{"embeddable":true,"href":"http:\/\/www.tvturk.com\/index.php\/wp-json\/wp\/v2\/comments?post=234119"}],"version-history":[{"count":0,"href":"http:\/\/www.tvturk.com\/index.php\/wp-json\/wp\/v2\/posts\/234119\/revisions"}],"wp:featuredmedia":[{"embeddable":true,"href":"http:\/\/www.tvturk.com\/index.php\/wp-json\/wp\/v2\/media\/234120"}],"wp:attachment":[{"href":"http:\/\/www.tvturk.com\/index.php\/wp-json\/wp\/v2\/media?parent=234119"}],"wp:term":[{"taxonomy":"category","embeddable":true,"href":"http:\/\/www.tvturk.com\/index.php\/wp-json\/wp\/v2\/categories?post=234119"},{"taxonomy":"post_tag","embeddable":true,"href":"http:\/\/www.tvturk.com\/index.php\/wp-json\/wp\/v2\/tags?post=234119"}],"curies":[{"name":"wp","href":"https:\/\/api.w.org\/{rel}","templated":true}]}}