{"id":234139,"date":"2019-11-28T14:17:21","date_gmt":"2019-11-28T11:17:21","guid":{"rendered":"http:\/\/www.tvturk.com\/index.php\/bakan-soyludan-11-fransiz-deasli-aciklamasi\/"},"modified":"2019-11-28T14:17:21","modified_gmt":"2019-11-28T11:17:21","slug":"bakan-soyludan-11-fransiz-deasli-aciklamasi","status":"publish","type":"post","link":"http:\/\/www.tvturk.com\/index.php\/bakan-soyludan-11-fransiz-deasli-aciklamasi\/","title":{"rendered":"Bakan Soylu\u2019dan 11 Frans\u0131z DEA\u015e\u2019l\u0131 a\u00e7\u0131klamas\u0131"},"content":{"rendered":"<p>\u0130zmir\u2019de \u201cG\u00f6\u00e7, G\u00fcvenlik ve Sosyal Uyum B\u00f6lgesel \u00dcst D\u00fczey \u00c7al\u0131\u015ftaylar\u0131 Ege B\u00f6lgesi\u201d toplant\u0131s\u0131nda konu\u015fan \u0130\u00e7i\u015fleri Bakan\u0131 S\u00fcleyman Soylu, DEA\u015e\u2019l\u0131lar\u0131n \u00fclkelerine iade s\u00fcrecinin devam etti\u011fini, bu hafta Bel\u00e7ika ve \u0130rlanda\u2019ya iadelerin olaca\u011f\u0131n\u0131, 11 Frans\u0131z vatanda\u015f\u0131 DEA\u015e\u2019l\u0131n\u0131n da aral\u0131k ba\u015f\u0131nda \u00fclkelerine g\u00f6nderileceklerini a\u00e7\u0131klad\u0131.<\/p>\n<p>\u0130\u00e7i\u015fleri Bakan\u0131 S\u00fcleyman Soylu, G\u00f6\u00e7 \u0130daresi Genel M\u00fcd\u00fcrl\u00fc\u011f\u00fc Uyum ve \u0130leti\u015fim Daire Ba\u015fkanl\u0131\u011f\u0131 ve Birle\u015fmi\u015f Milletler M\u00fclteciler Y\u00fcksek Komiserli\u011fi B\u00fcrosu (BMMYK) i\u015fbirli\u011finde \u0130zmir\u2019de d\u00fczenlenen \u201cG\u00f6\u00e7, G\u00fcvenlik ve Sosyal Uyum B\u00f6lgesel \u00dcst D\u00fczey \u00c7al\u0131\u015ftaylar\u0131 Ege B\u00f6lgesi\u201d toplant\u0131s\u0131na kat\u0131ld\u0131. \u0130zmir Valisi Erol Ayy\u0131ld\u0131z, \u0130zmir \u0130l Emniyet M\u00fcd\u00fcr\u00fc H\u00fcseyin A\u015fk\u0131n, G\u00f6\u00e7 \u0130daresi Genel M\u00fcd\u00fcr\u00fc Abdullah Ayaz, \u0130zmir B\u00fcy\u00fck\u015fehir Belediye Ba\u015fkan\u0131 Tun\u00e7 Soyer ve BMMYK T\u00fcrkiye Temsilcisi Vekili Jean Marie Garelli de haz\u0131r bulundu.<\/p>\n<p>\u201cDEA\u015e\u2019l\u0131lar\u0131 \u00fclkelerine iade s\u00fcrecimiz de aynen devam ediyor\u201d<\/p>\n<p>PKK, PYD ve DEA\u015e\u2019\u0131n etkinlikleri bitirmedi\u011fi s\u00fcrece, g\u00f6\u00e7\u00fc durdurmak veya tersine \u00e7evirebilmenin m\u00fcmk\u00fcn olmad\u0131\u011f\u0131n\u0131 dile getiren Bakan Soylu, \u201cHem g\u00f6\u00e7 olmas\u0131n, hem de ter\u00f6r \u00f6rg\u00fctlerine para ve silah verirseniz bunlar daha \u00e7ok konu\u015fulur. T\u00fcrkiye g\u00f6\u00e7 y\u00f6netiminde samimidir. \u00c7\u00fcnk\u00fc ter\u00f6rle m\u00fccadelede ciddidir. Bu \u00fc\u00e7 operasyonla her iki ter\u00f6r \u00f6rg\u00fct\u00fcne de keskin darbeler vurduk. Bug\u00fcn DEA\u015e\u2019l\u0131lar\u0131 \u00fclkelerine iade s\u00fcrecimiz de aynen devam ediyor. Mesela bu hafta Bel\u00e7ika ve \u0130rlanda\u2019ya iadelerimiz olacak. 11 Frans\u0131z vatanda\u015f\u0131 DEA\u015e\u2019l\u0131y\u0131 da aral\u0131k ba\u015f\u0131nda \u00fclkelerine g\u00f6nderiyoruz. Tabii bu i\u015fin de kendine ait bir prosed\u00fcr\u00fc var, \u00f6yle geli\u015fig\u00fczel u\u00e7aklara doldurup g\u00f6nderemiyorsunuz. Muhataplar\u0131n\u0131zla halletmeniz gereken birtak\u0131m i\u015flemler oluyor. Dolay\u0131s\u0131yla bunlar\u0131 bir s\u00fcre\u00e7 i\u00e7inde peyderpey g\u00f6nderiyoruz. Bizim burada yapt\u0131\u011f\u0131m\u0131z\u0131 \u00f6zetlersek; bu b\u00f6lgelerde huzur ve g\u00fcveni sa\u011flay\u0131p oraya bir geri d\u00f6n\u00fc\u015f sa\u011flamaya \u00e7al\u0131\u015f\u0131yoruz. K\u0131smen b\u00f6yle bir ak\u0131\u015f olu\u015fturduk. Mesela \u015fu an i\u00e7in \u00fclkelerine geri d\u00f6nen Suriyeli m\u00fclteci say\u0131s\u0131 370 bin. Birileri yeterli bulmayabilir ama \u00f6nemli olan, bu ak\u0131\u015f\u0131n bir \u015fekilde v\u00fccut bulmu\u015f olmas\u0131d\u0131r. \u00d6te yandan \u00e7ok ciddi bir d\u00fczensiz g\u00f6\u00e7men bask\u0131s\u0131 alt\u0131nday\u0131z ve bu durum giderek art\u0131yor. Ge\u00e7en y\u0131l 268 binle tamamlam\u0131\u015ft\u0131k, cuma rakam\u0131 405 bindi. \u015eimdi 420-430 bin\u201d diye konu\u015ftu.<\/p>\n<p>Arap\u00e7a tabela konusu<\/p>\n<p>Uyum politikalar\u0131n\u0131 ele\u015ftirenler oldu\u011funu, 2011\u2019den beri net stratejilerinin bulundu\u011funu s\u00f6yleyen Bakan Soylu, \u201cKay\u0131t alt\u0131nda s\u0131n\u0131r i\u00e7i ve d\u0131\u015f\u0131nda d\u00fcnyan\u0131n parma\u011f\u0131n\u0131 \u0131s\u0131rd\u0131\u011f\u0131 kamplar\u0131 tesis ettik. Hem kendi hem bizim dillerimizle olu\u015fturmaya \u00e7al\u0131\u015ft\u0131k. Her \u00e7ocu\u011fun ve ailenin sa\u011fl\u0131k takibi yapt\u0131k. Kamp i\u00e7i ve d\u0131\u015f\u0131nda e\u011fitim politikas\u0131 dizayn ettik. Uyumun en \u00f6nemli aya\u011f\u0131 dildir. Yeterli mi, elbette yapmam\u0131z gereken \u00e7ok i\u015f var ve yap\u0131yoruz da.  \u2018Arap\u00e7a tabelalar\u0131 niye kald\u0131rd\u0131n\u0131z?\u2019 diyorlar. Sebebi uyum politikas\u0131n\u0131n bir par\u00e7as\u0131. TSE\u2019nin kural\u0131 var ona g\u00f6re yap\u0131yoruz. Bunu uyumla\u015ft\u0131rmak i\u00e7in yap\u0131yoruz. Her \u015feyi siyasalla\u015ft\u0131rmaya o kadar al\u0131\u015fm\u0131\u015fs\u0131z ki 7-8 se\u00e7im olunca gak siyaset guk siyaset. Bunu bir kenara b\u0131rakal\u0131m. \u00dcretmeye, herkesin daha fazla kendi sorumlulu\u011funu yerine getirmeye \u00e7al\u0131\u015fan d\u00f6nemi hep birlikte kucaklamak zorunday\u0131z. Ve ba\u015fard\u0131k. Tabelalar\u0131n\u0131n dedi\u011fimiz orana gelmesinde y\u00fczde 98 ba\u015far\u0131 yakalad\u0131k. Ba\u015farmasayd\u0131k; ge\u00e7en bir vilayette bir \u00e7ocuk cinsel tacize u\u011frad\u0131. Hemen dediler ki \u2018Suriyeliler yapt\u0131.\u2019 Kendini bilmezce Suriyeli d\u00fckkanlar\u0131 tabeladan tan\u0131yarak parampar\u00e7a ettiler. Sonra Suriyeli \u00e7\u0131kmad\u0131, cezaevinden izinle gelmi\u015f yerle\u015fik insan \u00e7\u0131kt\u0131. Bu d\u00fcnyan\u0131n \u00f6teki d\u00fcnyas\u0131 da var\u201d dedi.<\/p>\n<p>\u201cO eve yap\u0131lan i\u015fareti kendi evime yap\u0131lm\u0131\u015f bir i\u015faret olarak g\u00f6r\u00fcyorum\u201d<\/p>\n<p>\u0130zmir Gaziemir\u2019deki Alevi vatanda\u015flara y\u00f6nelik duvar yaz\u0131s\u0131 hakk\u0131nda da konu\u015fan Bakan Soylu, \u015fu a\u00e7\u0131klamay\u0131 yapt\u0131: \u201cD\u00fcn \u0130zmir\u2019de ev i\u015faretlendi. O eve yap\u0131lan i\u015fareti kendi evime yap\u0131lm\u0131\u015f bir i\u015faret olarak g\u00f6r\u00fcyorum. Bu kadar net. Biz b\u00fcy\u00fck bir milletiz. Bizim arkada\u015flar\u0131m\u0131z o ki\u015fiyi bulacaklar. \u0130\u00e7i\u015fleri Bakanl\u0131\u011f\u0131 olarak bizatihi taraf\u0131z bu konuda. O ki\u015fi ortaya \u00e7\u0131kacak ve bedelini \u00f6deyecek. Bakanl\u0131k d\u00f6nemimde bir elin parmaklar\u0131 kadar b\u00f6yle olay oldu, Bakanl\u0131k olarak hi\u00e7biri faili me\u00e7hul olmad\u0131. Ya bir \u00e7ocuk oldu ya da bir provokasyonu sa\u011flamak i\u00e7in ger\u00e7ekle\u015ftirmeye \u00e7al\u0131\u015fan insanlar oldu. hepsini bulduk. Bizim buna m\u00fcsaade etmemiz, bunun \u00fczerine yatmam\u0131z m\u00fcmk\u00fcn de\u011fil. Biz bunu buluruz. Bu milletin huzurunu bozmaya kimsenin huzur bozmas\u0131na m\u00fcsaade etmeyiz.\u201d<\/p>\n<p>\u201cVekalet sava\u015flar\u0131nda d\u00fcnyan\u0131n kayb\u0131,  1. ve 2. D\u00fcnya Sava\u015f\u0131\u2019ndan daha \u00e7ok bir maliyetle kar\u015f\u0131m\u0131zda\u201d<\/p>\n<p>Bakan Soylu, g\u00f6\u00e7 konusunun sadece T\u00fcrkiye\u2019ye ait de\u011fil k\u00fcresel bir mesele oldu\u011funu belirterek \u015f\u00f6yle konu\u015ftu: \u201cBu t\u00fcr toplant\u0131larda zaman zaman k\u00fcresel g\u00f6\u00e7 rakam konu\u015fuyoruz. Esas\u0131nda rakam bir sonu\u00e7. Salondaki herkes, 21. y\u00fczy\u0131l\u0131 b\u00f6yle mi bekliyor muydu merak ediyorum. Avrupa\u2019n\u0131n olu\u015fturdu\u011fu atmosfer asl\u0131nda t\u00fcm insanl\u0131\u011f\u0131 bir umuda, bar\u0131\u015fa, t\u00fcm insanl\u0131\u011f\u0131n problemleriyle ilgilenebilecek yap\u0131la\u015fmaya do\u011fru evriliyordu. Bug\u00fcn durum b\u00f6yle mi? 40 y\u0131ll\u0131k perspektiften bahsediyorum; s\u0131n\u0131rla a\u00e7\u0131lm\u0131\u015f, Avrupa i\u00e7inde pasaport neredeyse ortadan kalkm\u0131\u015f, b\u00f6yle bir modelleme m\u00fcmk\u00fcnken Londra merkezinde, Paris sokaklar\u0131nda, d\u00fcnyan\u0131n bir\u00e7ok geli\u015fmi\u015f \u00fclkelerin \u015fehirlerinde, metrolarda, al\u0131\u015fveri\u015f merkezleri \u00f6nlerinde \u00f6zel hareket polislerin bulundu\u011fu, a\u011f\u0131r silahlar\u0131n te\u015fhir edildi\u011fi bir d\u00fcnya tablosu ile karl\u0131 kar\u015f\u0131yay\u0131z. Bu da bir sonu\u00e7. Afganistan\u2019da, Pakistan\u2019dan sa\u011fl\u0131\u011fa eri\u015fmek, g\u0131daya eri\u015fmek, e\u011fitime eri\u015fmek, adalete eri\u015fmek, Asya\u2019dan Afrika\u2019ya ve d\u00fcnyan\u0131n bir\u00e7ok b\u00f6lgesinde gelir e\u015fitsizli\u011finin s\u00fcrekli artt\u0131\u011f\u0131 ve bu dengenin bir t\u00fcrl\u00fc oturtulamad\u0131\u011f\u0131 21. y\u00fczy\u0131l ilk \u00e7eyre\u011fini ya\u015f\u0131yoruz. Bir d\u00fcnya sava\u015f\u0131 ya\u015famad\u0131k, ya\u015fam\u0131yoruz. 1. ve 2. D\u00fcnya Sava\u015f\u0131\u2019ndan sonra 3. D\u00fcnya Sava\u015f\u0131 g\u00f6rmedik ama vekalet sava\u015flar\u0131nda d\u00fcnyan\u0131n kayb\u0131,  1. ve 2. D\u00fcnya Sava\u015f\u0131\u2019ndan daha \u00e7ok bir maliyetle kar\u015f\u0131m\u0131zda.\u201d<\/p>\n<p>\u201cBiz \u00fcretmedik, Amerika \u00fcretti\u201d<\/p>\n<p>Konu\u015fmas\u0131nda bat\u0131ya y\u00fcklenen Bakan Soylu, \u015funlar\u0131 s\u00f6yledi: \u201cB\u00fct\u00fcn hissedarlar\u0131n g\u00f6\u00e7 yollar\u0131n\u0131 tetiklemesi ve g\u00f6\u00e7\u00fc tetiklemesi, bunun kar\u015f\u0131l\u0131\u011f\u0131nda son 400 y\u0131ld\u0131r d\u00fcnyaya egemen oldu\u011funu iddia eden Avrupa\u2019da y\u00fckselen yabanc\u0131 d\u00fc\u015fmanl\u0131\u011f\u0131 hi\u00e7birimizin g\u00f6z\u00fcnden ka\u00e7m\u0131yor. Vekalet sava\u015flar\u0131n\u0131n sebebi biz de\u011filiz. Emperyalizmin ac\u0131mas\u0131z bir \u015fekilde s\u00f6m\u00fcrd\u00fc\u011f\u00fc \u00fclkelerin yerine yeni bir durum ikame edebilmek i\u00e7in radikalle\u015fmeyi istismar etmektedir. Bug\u00fcn d\u00fcnyada radikalle\u015fme varsa sebebi emperyalizmdir. El Kaide, PKK, PYD\u2019yi biz \u00fcretmedik Amerika \u00fcretti. DEA\u015e\u2019\u0131 biz \u00fcretmedik. Amerika ve bat\u0131n\u0131n maalesef ac\u0131mas\u0131z politikalar\u0131 \u00fcretti. Milyonlarca insan Afganistan, Pakistan ve Asya i\u00e7lerinden T\u00fcrkiye\u2019ye ve Avrupa\u2019ya bir\u00e7ok riski g\u00f6z \u00f6n\u00fcne alarak ka\u00e7ak\u00e7\u0131lara, bazen ter\u00f6r \u00f6rg\u00fctlerine teslim olarak bir yerden bir yere gitmek istiyor sava\u015ftan ka\u00e7mak i\u00e7in. Sadece Asya i\u00e7lerinden de\u011fil, Afrika\u2019dan g\u00f6\u00e7 rotas\u0131 ile beraber d\u00fcnyan\u0131n bir\u00e7ok noktas\u0131na Akdeniz gibi, T\u00fcrkiye gibi g\u00f6\u00e7 rotalar\u0131n\u0131 kullanarak ula\u015fmak istiyorlar. Venezuela\u2019dan Kolombiya\u2019ya 4 milyon insan gidiyor. Meksika\u2019dan Amerika\u2019ya, Hindistan\u2019dan Yeni Zelanda ve Avustralya\u2019ya, do\u011fu Avrupa\u2019dan bat\u0131 Avrupa\u2019ya. Bunlar\u0131n hepsinin sebebi biz miyiz? D\u00fcnyan\u0131n bug\u00fcnk\u00fc sisteminin bunu y\u00f6netemedi\u011fi apa\u00e7\u0131k bir ger\u00e7ektir.\u201d<\/p>\n<p>\u201cBM\u2019nin yakla\u015f\u0131m\u0131 bir nebze daha insani\u201d<\/p>\n<p>G\u00f6\u00e7 konusunda Birle\u015fmi\u015f Milletlerin (BM) bak\u0131\u015f\u0131n\u0131n bir nebze daha insani oldu\u011funu kaydeden Soylu, Avrupa Birli\u011finin (AB) hem durumun fark\u0131nda olmad\u0131\u011f\u0131n\u0131 hem de bununla y\u00fczle\u015fecek cesareti, bilgisi, iste\u011finin s\u00f6z konusu olmad\u0131\u011f\u0131n\u0131 s\u00f6yledi. Soylu, s\u00f6zlerini \u015f\u00f6yle s\u00fcrd\u00fcrd\u00fc: \u201cDurum budur. B\u00f6yle bir tabloyla kar\u015f\u0131 kar\u015f\u0131yay\u0131z. Vekalet sava\u015flar\u0131n\u0131n ya\u015fand\u0131\u011f\u0131, gelir e\u015fitsizli\u011finin insan\u0131n her noktas\u0131na dokundu\u011fu tablonun sonucu milyonlarca rakamlarla bizi kar\u015f\u0131 kar\u015f\u0131ya b\u0131rakmaktad\u0131r. D\u00fcnyada zorla yerinden edilmi\u015f 70.8 milyon insan var. Bu dengesizlik devam etti\u011fi s\u00fcrece, bu vekalet sava\u015flar\u0131 tiyatrosu, gelir e\u015fitsizli\u011fine geli\u015fmi\u015f \u00fclkeler duyars\u0131z kal\u0131nd\u0131\u011f\u0131 s\u00fcrece devam edecek. \u00c7ok bilinmeyenli denklem de\u011fil. E\u011fer kaynak \u00fclkelerine y\u00f6nelik iyile\u015ftirme programlar\u0131 uygulanmazsa, kaynak \u00fclkeleri ile ilgili d\u00fczensiz g\u00f6\u00e7 de\u011fil, d\u00fczenli g\u00f6\u00e7e y\u00f6nelik ciddi ad\u0131mlar at\u0131lma konusunda d\u00fcnya taraf\u0131ndan bir irade ortaya konulmazsa d\u00fcnyan\u0131n tamam\u0131 g\u00f6\u00e7 tarlas\u0131na d\u00f6necektir.\u201d<\/p>\n<p>\u201cSeferberlik hali olarak ele almak en do\u011fru politika\u201d<\/p>\n<p>\u201cVizyoner olmayan y\u00f6neticilerin, sadece \u00f6n\u00fcndeki 5 y\u0131ll\u0131k siyasi gelece\u011fini d\u00fc\u015f\u00fcnen y\u00f6neticilerin insanl\u0131ktan nasibini almam\u0131\u015f medeniyetinin kendilerini var etmeyi mecbur etti\u011fi, zorlad\u0131\u011f\u0131 de\u011ferlerden ar\u0131nm\u0131\u015f y\u00f6neticilerin \u00fcretti\u011fi bu d\u00fcnyada bundan ba\u015fka hi\u00e7bir sonu\u00e7 olmayaca\u011f\u0131n\u0131 s\u00f6ylemek istiyorum\u201d diyen Soylu, \u201c200 bine yak\u0131n Afganl\u0131 sadece bug\u00fcn T\u00fcrkiye\u2019de var. 70 bine yak\u0131n Pakistanl\u0131 ka\u00e7an g\u00f6\u00e7men olarak bu y\u0131l T\u00fcrkiye\u2019ye geldi. Asr\u0131m\u0131z\u0131n en yak\u0131c\u0131 meselelerinden biri budur. Bu mesele rutini normal bakmak, d\u00fcnyan\u0131n bu meselelere bakmaktan imtina etti\u011fi bir d\u00f6nemde bizi yaln\u0131zla\u015ft\u0131r\u0131r. Bu meseleyi seferberlik hali olarak ele almak, belki de T\u00fcrkiye\u2019nin en ba\u015f\u0131ndan beri yapt\u0131\u011f\u0131 en do\u011fru ve stratejik politikad\u0131r. B\u00fct\u00fcn Avrupa\u2019da ve muhataplar\u0131ma meselenin sadece Suriye olmad\u0131\u011f\u0131n\u0131, Pakistan, Afganistan meselesinin de g\u00f6\u00e7 ak\u0131m\u0131n\u0131n en \u00f6nemli ayaklar\u0131ndan biri oldu\u011funu s\u00f6ylememe ra\u011fmen anlam\u0131\u015f de\u011filler. Ta ki Yunanistan\u2019a ge\u00e7enlerin y\u00fczde 50\u2019sinden fazlas\u0131n\u0131n Afganl\u0131 olduklar\u0131n\u0131 anlayana ve g\u00f6rene kadar\u201d dedi.<\/p>\n<p>\u201cYeni bir d\u00f6nem ya\u015f\u0131yoruz\u201d<\/p>\n<p>\u201cSuriye i\u00e7 sava\u015f\u0131n\u0131 \u00e7\u0131karan biz de\u011filiz ama maliyetleri ve sonu\u00e7lar\u0131yla kar\u015f\u0131 kar\u015f\u0131ya kalan biziz\u201d diyen Soylu, \u201cS\u00fcrekli ele\u015ftiriliyor Tayyip Erdo\u011fan. Ne i\u00e7in ele\u015ftiriliyor? S\u0131rt\u0131m\u0131z\u0131 m\u0131 d\u00f6nseydik? Ne yapaca\u011f\u0131z, ki\u015fi ba\u015f\u0131 gelir seviyemiz bin 500 dolardan 10 bin dolara \u00e7\u0131kt\u0131 diye s\u0131n\u0131r\u0131n \u00f6teki taraf\u0131ndaki karde\u015flerimizi unutacak m\u0131y\u0131z? Mahallede ya\u015farken b\u00fcy\u00fcklerimiz kom\u015fusunun ba\u015f\u0131na gelen olayda s\u0131rt\u0131n\u0131 m\u0131 d\u00f6nd\u00fc, bize \u00f6yle mi \u00f6\u011fretti? B\u00fcy\u00fck bir problemle kar\u015f\u0131 kar\u015f\u0131ya d\u00fcnya. Sadece biz de\u011filiz. \u00d6yle d\u00fcnyan\u0131n sorunlar\u0131n\u0131 co\u011frafyam\u0131za y\u0131kmak, sorun ve u\u011fra\u015f alanlar\u0131n\u0131 bu co\u011frafyam\u0131z i\u00e7erisinde bar\u0131nd\u0131rmak ve kendilerini bundan yoksun b\u0131rakmak gibi bir politikan\u0131n art\u0131k sona erdi\u011fini buradan iletmek istiyorum. Yeni bir d\u00f6nem ya\u015f\u0131yoruz. \u0130lk kez sorunlar\u0131n bizim co\u011frafyaya y\u0131k\u0131ld\u0131\u011f\u0131 bir d\u00fcnya de\u011fil. Dikkat ederseniz sorunlar art\u0131k onlar\u0131n alan\u0131na y\u0131k\u0131lmaya ba\u015fl\u0131yor. Eskiden g\u00fcneydeki ter\u00f6r koridoru meselesi sadece bizim meselemizdi. \u015eimdi kimse kusura bakmas\u0131n hem Amerika, hem Rusya, hem Avrupa\u2019n\u0131n meselesi. Demek ki ilgilenmek durumundalar. Petrollerden, yer alt\u0131 kaynaklar\u0131ndan istifa et, sonra T\u00fcrkiye gibi \u00fclkeler problemler u\u011fra\u015fs\u0131n, sen kendini problemlerden hari\u00e7 tut. Yang\u0131n\u0131n kendine sirayet etmemesinin teminini yapmaya \u00e7al\u0131\u015f\u0131yor. Yeni bir d\u00f6nem ya\u015f\u0131yoruz. Bu d\u00f6nem sorumluluklar\u0131m\u0131z\u0131n tamamen iyi y\u00f6neti\u015fimin ortaya konulmas\u0131 gereken, iyi bir entegrasyonun ve koordinasyonun ortaya konulmas\u0131 gereken, e\u011fer aksarsa maliyetlerinin ge\u00e7en y\u00fczy\u0131l maliyetlerinden \u00e7ok daha b\u00fcy\u00fck \u015fekilde \u00f6n\u00fcm\u00fcze gelece\u011fi bir d\u00f6nemin i\u00e7indeyiz\u201d ifadelerini kulland\u0131. Soylu konu\u015fmas\u0131n\u0131n devam\u0131nda ayn\u0131 konuya de\u011finerek, \u201cSorunlar\u0131n bizim \u00fczerimize y\u0131k\u0131ld\u0131\u011f\u0131 bir d\u00f6nem de\u011fil, sorunlar\u0131n g\u00f6\u011f\u00fcsleyip sorunlar\u0131 bizim \u00fczerimize y\u0131kanlarla beraber onlar\u0131n da payla\u015fmas\u0131 laz\u0131m geldi\u011fi bir d\u00f6nemi hep birlikte g\u00f6r\u00fcyoruz\u201d dedi.<\/p>\n<p>\u201cG\u00f6\u00e7 stratejisi ve belgesi ortaya koyduk\u201d<\/p>\n<p>T\u00fcrkiye\u2019nin 2011\u2019de Suriye i\u00e7 sava\u015f\u0131 ile kar\u015f\u0131 kar\u015f\u0131ya kald\u0131\u011f\u0131 andan itibaren bir g\u00f6\u00e7 stratejisi ve belgesi ortaya koydu\u011funu s\u00f6yleyen Bakan Soylu, \u201cBiz bu konuya uzak de\u011filiz. Y\u0131llarca Musevilere ev sahipli\u011fi yapt\u0131k. Sadece insan oldu\u011fumuz i\u00e7in. Naim filmini izlediniz mi bilmiyorum. 7 y\u0131lda ilk kez film seyrettim. Orada ya\u015fananlar, anlat\u0131lanlar o d\u00f6nemin gen\u00e7 bir siyaset\u00e7isi olarak hat\u0131rl\u0131yorum. Gen\u00e7lik kollar\u0131ndayd\u0131m, rahmetli Demirel \u0130stanbul\u2019da bir konu\u015fma yapt\u0131, \u2018T\u00fcrkiye kald\u0131ramaz b\u00f6yle bir maliyeti\u2019 dedi. T\u00fcrkiye bunu f\u0131rsata \u00e7evirdi, \u015fimdi onlar\u0131n her biri bizim b\u00fcy\u00fck zenginli\u011fimiz. Bu y\u00fczden ilk refleksi ortaya koyabildik\u201d diye konu\u015ftu.<\/p>\n<p>\u201cSadece Suriye de\u011fil\u201d<\/p>\n<p>G\u00f6\u00e7 meselesine \u00fclkemizde sadece Suriyeli meselesi olarak bak\u0131ld\u0131\u011f\u0131n\u0131 ifade eden Bakan Soylu, \u201cDenklemden Suriyeliler \u00e7\u0131kar\u0131rsak veya Suriye i\u00e7 sava\u015f\u0131 hi\u00e7 ya\u015fanmam\u0131\u015f olsayd\u0131 hem bizde hem de d\u00fcnyada g\u00f6\u00e7 meselesi olacakt\u0131. D\u00fcnyada sosyal huzursuzluk, ter\u00f6r ve \u015fiddet tek bir yerde ya\u015fanm\u0131yor. Ekonomik s\u0131k\u0131nt\u0131, fakirlik, geli\u015fmi\u015f \u00fclkelerin ekonomik boyunduru\u011fu alt\u0131nda ezilmesi sadece d\u00fcnyan\u0131n tek bir yerinde ya\u015fanm\u0131yor. Yakalad\u0131\u011f\u0131m\u0131z d\u00fczensiz g\u00f6\u00e7menler noktas\u0131nda Afganistan, Irak, Orta Asya \u00fclkelerinden, Afrika\u2019n\u0131n ad\u0131n\u0131 duymad\u0131\u011f\u0131m\u0131z \u00fclkelerinden gelen insanlar var\u201d diyerek uyum politikalar\u0131ndan bahsetti.<\/p>\n<p>\u201cKom\u015fular\u0131n\u0131z kimler olacakt\u0131 d\u00fc\u015f\u00fcn\u00fcn\u201d<\/p>\n<p>Bakan Soylu konu\u015fmas\u0131nda \u015funlar\u0131 kaydetti: \u201cSuriye meselesi farkl\u0131 sonu\u00e7lar do\u011furur, geri d\u00f6n\u00fc\u015fler artar, g\u00fcvenli b\u00f6lge olu\u015fturman\u0131n meseleye kataca\u011f\u0131 farkl\u0131 boyutlar olur. Orada siyasi istikrar\u0131n sa\u011flanmas\u0131n\u0131n, ter\u00f6r \u00f6rg\u00fctlerinin oralardan temizlenmesinin farkl\u0131 etkileri olur. Mesela T\u00fcrkiye bug\u00fcn bir yandan g\u00f6\u00e7\u00fc y\u00f6netmeye \u00e7al\u0131\u015f\u0131yor, bir yandan b\u00f6lgede istikrar\u0131n ve huzur ortam\u0131n\u0131n tesisi i\u00e7in \u00e7al\u0131\u015f\u0131yor. Zeytin Dal\u0131, Bar\u0131\u015f P\u0131nar\u0131 Harekat\u0131 olmasayd\u0131 kom\u015fular\u0131n\u0131z kimler olacakt\u0131 d\u00fc\u015f\u00fcn\u00fcn. Bir devlet kurmak istiyorlar. \u0130ran, T\u00fcrkiye, Irak ve Suriye. Kim yapmak istiyor bunu; bir ter\u00f6r \u00f6rg\u00fct\u00fc. Buna m\u00fcsaade mi etmeliyiz? Dedelerimiz, kahramanlar\u0131m\u0131z bize nas\u0131l bakarlar? Biz kan\u0131m\u0131z\u0131 d\u00f6kt\u00fck bunun i\u00e7in. Torunlar\u0131m\u0131z bizi nas\u0131l g\u00f6r\u00fcr? B\u00fcy\u00fck bir sorumluluk i\u00e7indeyiz. Cudi\u2019de ge\u00e7en 2 ton sevk edilmek \u00fczere bulunan patlay\u0131c\u0131 bulundu. Bir \u015fehrin her il\u00e7esini havaya u\u00e7urabilecek kadar. Neyle kar\u015f\u0131 kar\u015f\u0131ya oldu\u011fumuzu biliyoruz. Bu patlay\u0131c\u0131lar\u0131 bunlara biz vermedik. Bar\u0131\u015f i\u00e7in verdiklerini s\u00f6yl\u00fcyorlar. Zaten d\u00fcnyada zaten kim ne halt yiyorsa bar\u0131\u015f i\u00e7in, karde\u015flik i\u00e7in yap\u0131yor.\u201d<\/p>\n<p>\u201cBizim bak\u0131\u015f\u0131m\u0131zla bat\u0131n\u0131n s\u00f6zde bak\u0131\u015f\u0131 aras\u0131nda \u00e7ok ciddi bir fark var\u201d<\/p>\n<p>Zeytin Dal\u0131 ve F\u0131rat Kalkan\u0131 Harekat\u0131 alan\u0131nda \u015fu an 1,5 milyon insan ya\u015fad\u0131\u011f\u0131n\u0131 dile getiren Bakan Soylu, \u015f\u00f6yle devam etti: \u201cKendileri y\u00f6netiyor, kendileri \u00fcretiyor. Biz sadece onlara dan\u0131\u015fmanl\u0131k yap\u0131yoruz. Okullar, hastaneler, adalet, emniyet \u00e7al\u0131\u015f\u0131yor. Bizim bak\u0131\u015f\u0131m\u0131zla bat\u0131n\u0131n s\u00f6zde bak\u0131\u015f\u0131 aras\u0131nda \u00e7ok ciddi bir fark vard\u0131r. Biz hi\u00e7bir zaman s\u00f6m\u00fcrgesi millet olmad\u0131k, olmayaca\u011f\u0131z da. T\u00fcrkiye\u2019de Suriyeli s\u0131\u011f\u0131nmac\u0131lar\u0131n ald\u0131\u011f\u0131 e\u011fitim 95\u2019lere vard\u0131. D\u00fcnyada 60\u2019\u0131 ge\u00e7en yoktur. E\u011fitimden sa\u011fl\u0131\u011fa; i\u015finden meslekle\u015fmeye; sosyal politikalardan t\u00fcm hayat\u0131n alanlar\u0131na kadar ger\u00e7ekle\u015ftirmek i\u00e7in T\u00fcrkiye2011 y\u0131l\u0131n\u0131n ilk g\u00fcn\u00fcnden itibaren \u00f6nemli bir politika ortaya koyuyor. T\u00fcrkiye\u2019de kim varsa yabanc\u0131, hepsinin biyometrik bilgileri bizde. Avrupa, Amerika pe\u015fimizde ko\u015ftu \u2018bu bilgileri verin\u2019 diye.\u201d<\/p>\n<p>\u201cBurada \u00fclke \u00e7\u0131kar\u0131 de\u011fil insanl\u0131k \u00e7\u0131kar\u0131 var\u201d<\/p>\n<p>D\u00fcnyan\u0131n g\u00f6\u00e7 meselesini diplomatik mesele olarak g\u00f6rd\u00fc\u011f\u00fcn\u00fc vurgulayan Bakan Soylu, \u201cBurada \u00fclke \u00e7\u0131kar\u0131 de\u011fil insanl\u0131k \u00e7\u0131kar\u0131 var. Bat\u0131n\u0131n anlamad\u0131\u011f\u0131 budur. Bat\u0131, kendi \u00fclke \u00e7\u0131kar\u0131 ve insanl\u0131k \u00e7\u0131kar\u0131 aras\u0131nda karar verdi\u011finde \u00e7\u00f6z\u00fclecek. Her \u015feyi Euro ve Dolar g\u00f6rd\u00fckleri i\u00e7in, kendi medeniyetlerine put \u015feklinde bakt\u0131klar\u0131 i\u00e7in bug\u00fcn yan\u0131l\u0131yorlar. Bunlar\u0131 s\u00f6yl\u00fcyorum; \u00e7\u00fcnk\u00fc Ege Denizinde \u00f6len insanlar\u0131n ve \u00e7ocuklar\u0131n say\u0131s\u0131 2 bini buldu. Buna \u2018dur\u2019 dememiz laz\u0131m. Su\u00e7suz, g\u00fcnahs\u0131z ve masum \u00e7ocuklar. D\u00fcnya \u00e7i\u00e7ek b\u00f6cek d\u00fcnyas\u0131 de\u011fil. Bu tablolar\u0131n hepsiyle kar\u015f\u0131 kar\u015f\u0131ya kal\u0131yoruz. Avrupa\u2019n\u0131n cici sosyetesi de\u011fil, biz kar\u015f\u0131 kar\u015f\u0131ya kal\u0131yoruz. G\u00f6\u00e7\u00fc insani \u015fekilde durdurmak, d\u00fcnya \u00f6l\u00e7e\u011finde kabul edilebilir seviyeye getirmek istiyorsak g\u00f6\u00e7e kaynakl\u0131k eden \u00fclkelerde huzur ve istikrar\u0131 sa\u011flamam\u0131z \u015fartt\u0131r\u201d a\u00e7\u0131klamas\u0131nda bulundu.<\/p>\n<p>\u201cManip\u00fclasyonlar ve provokasyonlar\u201d<\/p>\n<p>Suriyelilere y\u00f6nelik \u00f6nyarg\u0131lar\u0131n bulundu\u011funu kaydeden Bakan Soylu, bu konuya ili\u015fkin de \u015funlar\u0131 s\u00f6yledi: \u201cG\u00f6\u00e7\u00fcn en b\u00fcy\u00fck tehlikesi, en zay\u0131f karn\u0131, \u00f6nyarg\u0131lard\u0131r. G\u00f6\u00e7 meselesi, \u00f6nyarg\u0131lara a\u00e7\u0131k; manip\u00fclasyonlara, provokasyonlara ve korkulara a\u00e7\u0131k bir aland\u0131r. Mesela g\u00f6\u00e7 konusunda yerle\u015fik toplumlarda s\u0131kl\u0131kla verilen tepki, g\u00f6\u00e7le birlikte asayi\u015fin bozuldu\u011fu veya su\u00e7 oran\u0131n\u0131 artt\u0131\u011f\u0131 y\u00f6n\u00fcndedir. Oysa yap\u0131lan pek \u00e7ok ara\u015ft\u0131rmaya ra\u011fmen, g\u00f6\u00e7 ve su\u00e7 oran\u0131 aras\u0131nda pozitif bir ili\u015fkiye rastlanabilmi\u015f de\u011fildir. \u00dclkemizde de Suriyelilerin kar\u0131\u015ft\u0131\u011f\u0131 su\u00e7 oran\u0131, ortalama bir T\u00fcrk vatanda\u015f\u0131n yar\u0131s\u0131 kadard\u0131r. Bunu rakamlardan ve olay raporlar\u0131ndan a\u00e7\u0131k\u00e7a g\u00f6r\u00fcyoruz. Bunlar\u0131n da b\u00fcy\u00fck \u00e7o\u011funlu\u011fu kendi aralar\u0131ndaki veya aile i\u00e7inde ya\u015fanan olaylard\u0131r. Kar\u015f\u0131m\u0131zda, \u0131\u015f\u0131k h\u0131z\u0131yla provakasyon \u00fcretmeye haz\u0131r, deyim yerindeyse fitne i\u00e7in eli klavyede, birtak\u0131m insanlar var. Bunlar aras\u0131nda bilin\u00e7li, organize yap\u0131lar da var. \u015eu an m\u00fccadele etti\u011fimiz FET\u00d6 ve PKK ter\u00f6r \u00f6rg\u00fctleri gibi \u00f6rg\u00fctlerin bu noktada g\u00f6revlendirdi\u011fi ki\u015filer ve ekipler var. Fakat daha da \u00f6nemlisi konunun bu hassasiyetini sorumsuzca ka\u015f\u0131yan, g\u00fcnl\u00fck siyasi kayg\u0131larla geli\u015fig\u00fczel a\u00e7\u0131klamalar yapan ve bu fitne gruplar\u0131na alan a\u00e7an, zemin haz\u0131rlayan ki\u015filer var.\u201d<\/p>\n<p>\u201cAkla hayale gelmeyen daha bir s\u00fcr\u00fc sa\u00e7ma sapan yalanlar \u00fcrettiler\u201d<\/p>\n<p>\u201cT\u00fcrkiye\u2019nin Suriye politikas\u0131n\u0131 ele\u015ftirmek ba\u015fka bir \u015feydir, g\u00f6\u00e7 meselesinde bir \u00e7at\u0131\u015fma zeminine \u00e7anak tutmak, ba\u015fka bir \u015feydir\u201d diyen Soylu \u015f\u00f6yle devam etti: \u201cBug\u00fcne kadar bunu defalarca denediler. \u00d6yle ki, bakanl\u0131k olarak \u2018Suriyeliler meselesinde do\u011fru bilinen yanl\u0131\u015flar\u2019 diye afi\u015fler, bro\u015f\u00fcrler ve sosyal medya payla\u015f\u0131mlar\u0131 yapmak zorunda kald\u0131k. S\u0131rf bu fitnelerle m\u00fccadele i\u00e7in bir s\u00fcr\u00fc zaman ve emek harcad\u0131k. \u2018Maa\u015f al\u0131yorlar\u2019 dediler, \u2018hastanede \u00f6ncelikleri var\u2019 dediler, \u2018\u00fcniversitelere s\u0131navs\u0131z giri\u015f haklar\u0131 var\u2019 dediler, \u2018telefon faturalar\u0131n\u0131 devlet \u00f6d\u00fcyor\u2019 dediler. Akla hayale gelmeyen daha bir s\u00fcr\u00fc sa\u00e7ma sapan yalanlar \u00fcrettiler. Tabii g\u00f6\u00e7 konusunda \u00f6nyarg\u0131y\u0131 etkileyen \u00f6nemli bir etken de medyan\u0131n tavr\u0131d\u0131r. Ara\u015ft\u0131rmalar g\u00f6stermektedir ki;  g\u00f6\u00e7menlerle ilgili tutumlar\u0131n \u015fekillenmesinde say\u0131sal somut ger\u00e7eklerden ziyade, medyan\u0131n \u015fekillendi\u011fi ki\u015fisel alg\u0131lar daha belirleyici olmaktad\u0131r.\u201d<\/p>\n<p>Bakan Soylu, program\u0131n ard\u0131ndan Harmandal\u0131 Geri G\u00f6nderme Merkezi ziyareti ger\u00e7ekle\u015ftirdi.<\/p>\n","protected":false},"excerpt":{"rendered":"<p>\u0130\u00c7\u0130\u015eLER\u0130 BAKANI S\u00dcLEYMAN SOYLU, \u0130ZM\u0130R\u2019DE D\u00dcZENLENEN \u201cG\u00d6\u00c7, G\u00dcVENL\u0130K VE SOSYAL UYUM B\u00d6LGESEL \u00dcST D\u00dcZEY \u00c7ALI\u015eTAYLARI EGE B\u00d6LGES\u0130\u201d TOPLANTISINA KATILDI<\/p>\n","protected":false},"author":1,"featured_media":234140,"comment_status":"closed","ping_status":"open","sticky":false,"template":"","format":"standard","meta":{"jetpack_post_was_ever_published":false,"_jetpack_newsletter_access":"","_jetpack_dont_email_post_to_subs":false,"_jetpack_newsletter_tier_id":0,"_jetpack_memberships_contains_paywalled_content":false,"_jetpack_memberships_contains_paid_content":false,"footnotes":"","jetpack_publicize_message":"","jetpack_publicize_feature_enabled":true,"jetpack_social_post_already_shared":true,"jetpack_social_options":{"image_generator_settings":{"template":"highway","default_image_id":0,"font":"","enabled":false},"version":2}},"categories":[1],"tags":[1072,742,6814,8320,4689],"class_list":["post-234139","post","type-post","status-publish","format-standard","has-post-thumbnail","hentry","category-genel","tag-aciklamasi","tag-bakan","tag-deasli","tag-fransiz","tag-soyludan"],"jetpack_publicize_connections":[],"jetpack_featured_media_url":"https:\/\/i0.wp.com\/www.tvturk.com\/wp-content\/uploads\/2019\/11\/bakan-soyludan-11-fransiz-deasli-aciklamasi_de77400.jpg?fit=1000%2C668","jetpack_sharing_enabled":true,"jetpack_shortlink":"https:\/\/wp.me\/paKIfm-YUr","_links":{"self":[{"href":"http:\/\/www.tvturk.com\/index.php\/wp-json\/wp\/v2\/posts\/234139","targetHints":{"allow":["GET"]}}],"collection":[{"href":"http:\/\/www.tvturk.com\/index.php\/wp-json\/wp\/v2\/posts"}],"about":[{"href":"http:\/\/www.tvturk.com\/index.php\/wp-json\/wp\/v2\/types\/post"}],"author":[{"embeddable":true,"href":"http:\/\/www.tvturk.com\/index.php\/wp-json\/wp\/v2\/users\/1"}],"replies":[{"embeddable":true,"href":"http:\/\/www.tvturk.com\/index.php\/wp-json\/wp\/v2\/comments?post=234139"}],"version-history":[{"count":0,"href":"http:\/\/www.tvturk.com\/index.php\/wp-json\/wp\/v2\/posts\/234139\/revisions"}],"wp:featuredmedia":[{"embeddable":true,"href":"http:\/\/www.tvturk.com\/index.php\/wp-json\/wp\/v2\/media\/234140"}],"wp:attachment":[{"href":"http:\/\/www.tvturk.com\/index.php\/wp-json\/wp\/v2\/media?parent=234139"}],"wp:term":[{"taxonomy":"category","embeddable":true,"href":"http:\/\/www.tvturk.com\/index.php\/wp-json\/wp\/v2\/categories?post=234139"},{"taxonomy":"post_tag","embeddable":true,"href":"http:\/\/www.tvturk.com\/index.php\/wp-json\/wp\/v2\/tags?post=234139"}],"curies":[{"name":"wp","href":"https:\/\/api.w.org\/{rel}","templated":true}]}}