{"id":234191,"date":"2019-11-28T15:32:11","date_gmt":"2019-11-28T12:32:11","guid":{"rendered":"http:\/\/www.tvturk.com\/index.php\/ahmet-cuneyt-selcuk-turkiye-aslinda-essiz-bolgesel-yonetim-ussu-ve-ihracat-ussu\/"},"modified":"2019-11-28T15:32:11","modified_gmt":"2019-11-28T12:32:11","slug":"ahmet-cuneyt-selcuk-turkiye-aslinda-essiz-bolgesel-yonetim-ussu-ve-ihracat-ussu","status":"publish","type":"post","link":"http:\/\/www.tvturk.com\/index.php\/ahmet-cuneyt-selcuk-turkiye-aslinda-essiz-bolgesel-yonetim-ussu-ve-ihracat-ussu\/","title":{"rendered":"Ahmet C\u00fcneyt Sel\u00e7uk: &#8220;T\u00fcrkiye, asl\u0131nda e\u015fsiz b\u00f6lgesel y\u00f6netim \u00fcss\u00fc ve ihracat \u00fcss\u00fc&#8221;"},"content":{"rendered":"<p>T\u00fcrkiye Cumhurba\u015fkanl\u0131\u011f\u0131 Yat\u0131r\u0131m B\u00fcrosu Ba\u015f Proje Y\u00f6neticisi Ahmet C\u00fcneyt Sel\u00e7uk, Bo\u011fazi\u00e7i Zirvesi\u2019nde \u2019T\u00fcrkiye\u2019de Etki Yat\u0131r\u0131mc\u0131l\u0131\u011f\u0131 Ekosistemi\u2019 raporunun tan\u0131t\u0131m\u0131n\u0131 yapt\u0131.<\/p>\n<p>Bu sene \u0130stanbul\u2019da 10\u2019uncu kez d\u00fczenlenen ve  Cumhurba\u015fkanl\u0131\u011f\u0131 himayelerinde yap\u0131lan Bo\u011fazi\u00e7i Zirvesi\u2019nin 2\u2019nci g\u00fcn\u00fcnde \u2019S\u00fcrd\u00fcr\u00fclebilir Kalk\u0131nma S\u00fcrecinde Geli\u015fmekte Olan Piyasalarda Etki Yat\u0131r\u0131mc\u0131l\u0131\u011f\u0131n\u0131n Rol\u00fc\u2019 isimli panel \u00f6ncesinde T\u00fcrkiye Cumhurba\u015fkanl\u0131\u011f\u0131 Yat\u0131r\u0131m B\u00fcrosu Ba\u015f Proje Y\u00f6neticisi Ahmet C\u00fcneyt Sel\u00e7uk, \u2019T\u00fcrkiye\u2019de Etki Yat\u0131r\u0131mc\u0131l\u0131\u011f\u0131 Ekosistemi\u2019 raporunun tan\u0131t\u0131m\u0131n\u0131 yapt\u0131. Tan\u0131t\u0131ma D\u0131\u015fi\u015fleri Bakanl\u0131\u011f\u0131 \u00c7ok Tarafl\u0131 Ekonomik \u0130\u015fler Genel M\u00fcd\u00fcr Yard\u0131mc\u0131s\u0131 Mustafa Osman Turan, Birle\u015fmi\u015f Milletler Kalk\u0131nma Program\u0131 (UNDP), \u0130stanbul Uluslararas\u0131 \u00d6zel Sekt\u00f6r ve Kalk\u0131nma Merkezi (IICPSD) Direkt\u00f6r Yard\u0131mc\u0131s\u0131 G\u00fcl\u00e7in Sal\u0131ngan ve davetliler kat\u0131ld\u0131.<\/p>\n<p>Sel\u00e7uk, T\u00fcrkiye\u2019yi uluslararas\u0131 yat\u0131r\u0131mlar a\u00e7\u0131s\u0131ndan cazip k\u0131lan 3 temel neden oldu\u011funu s\u00f6yledi Bunlar\u0131n g\u00fc\u00e7l\u00fc i\u00e7 pazar, jeostratejik  konum ve T\u00fcrkiye\u2019nin yat\u0131r\u0131mc\u0131 dostu yat\u0131r\u0131m ortam\u0131 oldu\u011funu belirtti.<\/p>\n<p>&#8220;T\u00fcrkiye, son 17 y\u0131lda toplam 210 milyar dolar uluslararas\u0131 do\u011frudan yat\u0131r\u0131m \u00e7ekti&#8221;<\/p>\n<p>Ge\u00e7ti\u011fimiz y\u0131l T\u00fcrkiye\u2019ye yap\u0131lan do\u011frudan yat\u0131r\u0131mlara de\u011finen Ahmet C\u00fcneyt Sel\u00e7uk, &#8220;2018 y\u0131l\u0131nda d\u00fcnya genelinde do\u011frudan yat\u0131r\u0131mlar y\u00fczde 13 oran\u0131nda d\u00fc\u015ferken, T\u00fcrkiye\u2019de y\u00fczde 14 oran\u0131nda y\u00fckseli\u015f ya\u015fad\u0131k. 2018 y\u0131l\u0131nda T\u00fcrkiye\u2019nin \u00e7ekmi\u015f oldu\u011fu do\u011frudan yat\u0131r\u0131m tutar\u0131 13.2 milyar dolar ger\u00e7ekle\u015fti. T\u00fcrkiye son 17 y\u0131lda toplam 210 milyar dolar uluslararas\u0131 do\u011frudan yat\u0131r\u0131m \u00e7ekti. Sergilenen bu g\u00fc\u00e7l\u00fc performans\u0131n k\u00fcresel yat\u0131r\u0131mc\u0131lar\u0131n T\u00fcrkiye\u2019ye olan g\u00fcveninin bir g\u00f6stergesi olarak g\u00f6r\u00fcyoruz&#8221; dedi.<\/p>\n<p>&#8220;Yap\u0131lan projeksiyonlar g\u00f6re 2050 senesinde T\u00fcrkiye\u2019nin n\u00fcfusu 105 milyon olacak&#8221;<\/p>\n<p>T\u00fcrkiye\u2019yi uluslararas\u0131 yat\u0131r\u0131mlar a\u00e7\u0131s\u0131ndan cazip k\u0131lan 3 temel neden oldu\u011funu vurgulayan Sel\u00e7uk, \u2019\u2019Birincisi g\u00fc\u00e7l\u00fc i\u00e7 pazar. T\u00fcrkiye, ya\u015f ortalamas\u0131 32 olan 82 milyonluk n\u00fcfusuyla yat\u0131r\u0131mc\u0131lar\u0131 i\u00e7in cazip ve dinamik i\u00e7 pazara sahip. Avrupa\u2019da 82 milyonluk n\u00fcfusumuzla Almanya\u2019n\u0131n ard\u0131nda 2\u2019nci s\u0131raday\u0131z. Bizim ya\u015f ortalamam\u0131z 32, Avrupa Birli\u011fi \u00fclkelerinin ya\u015f ortalamas\u0131 42. N\u00fcfusumuz art\u0131yor, yap\u0131lan projeksiyonlar g\u00f6re 2050 senesinde T\u00fcrkiye\u2019nin n\u00fcfusu 105 milyon olacak. Dolays\u0131yla T\u00fcrkiye\u2019ye yat\u0131r\u0131m yapan yat\u0131r\u0131mc\u0131lar yaln\u0131z T\u00fcrkiye\u2019nin bug\u00fcn\u00fcne de\u011fil, ayn\u0131 zamanda gelece\u011fine yat\u0131r\u0131m yapmaktad\u0131rlar\u2019\u2019 \u015feklinde konu\u015ftu.<\/p>\n<p>\u2019\u2019T\u00fcrkiye, asl\u0131nda e\u015fsiz b\u00f6lgesel y\u00f6netim \u00fcss\u00fc ve ihracat \u00fcss\u00fc\u2019\u2019<\/p>\n<p>T\u00fcrkiye\u2019yi cazip k\u0131lan 2\u2019nci temel unsurun jeostratejik konum oldu\u011funu belirten Sel\u00e7uk, \u2019\u2019T\u00fcrkiye do\u011fusu, bat\u0131s\u0131, kuzeyi ve g\u00fcneyi aras\u0131nda bir k\u00f6pr\u00fc. Bu yaln\u0131z co\u011frafi anlamda de\u011fil, etraf\u0131ndaki co\u011frafyalarla diplomatik ve politik ba\u011flara sahip. Etraf\u0131nda ya\u015fayan co\u011frafyalarla ve halklarla tarihi, k\u00fclt\u00fcrel, dil tabanl\u0131 ya da din tabanl\u0131 ba\u011flara sahip. Bu, T\u00fcrkiye\u2019yi asl\u0131nda e\u015fsiz b\u00f6lgesel y\u00f6netim \u00fcss\u00fc ve ihracat \u00fcss\u00fc yap\u0131yor. T\u00fcrkiye\u2019ye yat\u0131r\u0131m yapan yabanc\u0131lar yaln\u0131zca T\u00fcrkiye marketine de\u011fil, etraf\u0131ndaki zengin i\u00e7 pazarlara da yapm\u0131\u015f oluyorlar\u2019\u2019 diye konu\u015ftu.<\/p>\n<p>&#8220;D\u00fcnya Bankas\u0131\u2019n\u0131n her y\u0131l yay\u0131nlad\u0131\u011f\u0131 i\u015f yapma kolayl\u0131\u011f\u0131 endeksinde T\u00fcrkiye, 33\u2019\u00fcnc\u00fc s\u0131rada&#8221;<\/p>\n<p>Sel\u00e7uk, \u015f\u00f6yle devam etti: &#8220;\u00dc\u00e7\u00fcnc\u00fc ve son temel \u00f6zellik ise T\u00fcrkiye\u2019nin yat\u0131r\u0131mc\u0131 dostu yat\u0131r\u0131m ortam\u0131. Son 17 y\u0131ld\u0131r T\u00fcrkiye\u2019nin yat\u0131r\u0131m ortam\u0131n\u0131 iyile\u015ftirmek i\u00e7in s\u00fcrekli reformlar yap\u0131yoruz. Bu \u00e7al\u0131\u015fmalar\u0131m\u0131z\u0131n meyvelerini al\u0131yoruz. D\u00fcnya Bankas\u0131\u2019n\u0131n her y\u0131l yay\u0131nlad\u0131\u011f\u0131 i\u015f yapma kolayl\u0131\u011f\u0131 endeksinde T\u00fcrkiye son rapora 10 basamak birden y\u00fckselerek 33\u2019\u00fcnc\u00fc s\u0131raya yerle\u015fti. Bir \u00f6nceki y\u0131lda 17 basamak y\u00fckselerek 60\u2019\u0131nc\u0131 s\u0131radan 43\u2019\u00fcnc\u00fc s\u0131raya y\u00fckselmi\u015fti. Yani son 2 y\u0131lda T\u00fcrkiye\u2019nin D\u00fcnya Bankas\u0131 i\u015f yapama kolayl\u0131\u011f\u0131 endeksinde 60\u2019\u0131nc\u0131 s\u0131radan 33\u2019\u00fcnc\u00fc s\u0131raya gelmi\u015f oldu. Bu \u00e7ok \u00f6nemli bir geli\u015fmedir\u2019\u2019.<\/p>\n<p>&#8220;T\u00fcrkiye\u2019nin etki yat\u0131r\u0131mc\u0131l\u0131\u011f\u0131n\u0131 a\u00e7\u0131s\u0131ndan da \u00f6nemli bir potansiyel arz etti\u011fi g\u00f6r\u00fc\u015f\u00fcndeyiz&#8221;<\/p>\n<p>Uluslararas\u0131 yat\u0131r\u0131mc\u0131lar\u0131n, yat\u0131r\u0131mlar\u0131nda sosyal boyutu daha fazla \u00f6nemsemeye ba\u015flad\u0131klar\u0131n\u0131 bildiren Sel\u00e7uk, &#8220;Uluslararas\u0131 yat\u0131r\u0131mlarla alakal\u0131 olarak \u00f6zellikle son y\u0131llarda g\u00f6zlemlemekte oldu\u011fumuzu bir trend var. Gerek stratejik yat\u0131r\u0131mc\u0131lar gerekse fon seviyesinde yat\u0131r\u0131m yapan finansal yat\u0131r\u0131mc\u0131lar, yapacaklar\u0131 yat\u0131r\u0131m\u0131n sosyal boyutunu daha fazla \u00f6nemsemeye ba\u015flad\u0131lar. Kad\u0131n istihdam\u0131, yenilebilir enerji \u00fcretimi ve kullan\u0131m\u0131, \u00e7evreye daha duyarl\u0131 \u00fcretim metotlar\u0131 ve insan hayat\u0131na dokunan sa\u011fl\u0131k teknolojileri gibi konular eskiye g\u00f6re daha \u00f6n planda. Hatta Birlemi\u015f Milletlerin ortay koydu\u011fu s\u00fcrd\u00fcr\u00fclebilir kalk\u0131nma hedefleri do\u011frultusunda sadece etki yat\u0131r\u0131mc\u0131l\u0131\u011f\u0131 \u00e7er\u00e7evesinde yat\u0131r\u0131m yapan \u00f6zel sermaye ve giri\u015fim fonlar\u0131 da var. \u0130\u015fte bu noktada T\u00fcrkiye\u2019nin etki yat\u0131r\u0131mc\u0131l\u0131\u011f\u0131n\u0131 a\u00e7\u0131s\u0131ndan da \u00f6nemli bir potansiyel arz etti\u011fi g\u00f6r\u00fc\u015f\u00fcndeyiz. Bu potansiyelin d\u00f6k\u00fcmante edilmesi ve T\u00fcrkiye i\u00e7inde bu konuda fark\u0131ndal\u0131k olu\u015fturulmas\u0131 halinde etki yat\u0131r\u0131mc\u0131l\u0131\u011f\u0131 \u00e7er\u00e7evesinde yat\u0131r\u0131m yapan fonlardan T\u00fcrkiye\u2019nin daha fazla pay alabilece\u011fini \u00f6n g\u00f6r\u00fcyoruz. Bu nedenle T\u00fcrkiye\u2019nin etki yat\u0131r\u0131mc\u0131l\u0131\u011f\u0131n\u0131n ekosistemine konu olan raporun \u00f6nemli bir bo\u015flu\u011fu dolduraca\u011f\u0131 ve T\u00fcrkiye\u2019nin etki yat\u0131r\u0131mc\u0131l\u0131\u011f\u0131 pazar\u0131ndan daha fazla pay almas\u0131n\u0131 sa\u011flayaca\u011f\u0131 kanaatindeyiz&#8221; a\u00e7\u0131klamas\u0131nda bulundu.<\/p>\n<p>&#8220;Etki yat\u0131r\u0131mc\u0131l\u0131\u011f\u0131 inan\u0131lmaz \u015fekilde artarak b\u00fcy\u00fcyor&#8221;<\/p>\n<p>G\u00fcl\u00e7in Sal\u0131ngan ise \u015f\u00f6yle konu\u015ftu: &#8220;Etki yat\u0131r\u0131mc\u0131l\u0131\u011f\u0131 inan\u0131lmaz \u015fekilde artarak b\u00fcy\u00fcyor. T\u00fcrkiye\u2019deki potansiyeli ve f\u0131rsatlar\u0131 g\u00f6sterebilmek i\u00e7in D\u0131\u015fi\u015fleri Bakanl\u0131\u011f\u0131\u2019n\u0131n \u00f6nc\u00fcl\u00fc\u011f\u00fcnde payda\u015f analizi \u00e7al\u0131\u015fmas\u0131 yapt\u0131k. Bu \u00e7al\u0131\u015fman\u0131n 3 tane ana hedefi var; birinci uluslararas\u0131 etki yat\u0131r\u0131mc\u0131lara T\u00fcrkiye\u2019deki potansiyeli g\u00f6stermek. \u0130kincisi halihaz\u0131rda T\u00fcrkiye\u2019de etkiyi \u00f6nceliklendirerek yat\u0131r\u0131m yapan kurulu\u015flar\u0131n i\u015f modellerini etki yat\u0131r\u0131mc\u0131l\u0131\u011f\u0131 ile \u00f6rt\u00fc\u015ft\u00fcrmek. \u00dc\u00e7\u00fcnc\u00fcs\u00fc ise finansal eri\u015fimde zorluk \u00e7eken sosyal ve \u00e7evresel etki olu\u015fturan i\u015f modeline sahip \u015firketlere etki yat\u0131r\u0131mc\u0131l\u0131\u011f\u0131n\u0131 bir alternatif olarak sunmak&#8221;.<\/p>\n","protected":false},"excerpt":{"rendered":"<p>AHMET C\u00dcNEYT SEL\u00c7UK<\/p>\n","protected":false},"author":1,"featured_media":234192,"comment_status":"closed","ping_status":"open","sticky":false,"template":"","format":"standard","meta":{"jetpack_post_was_ever_published":false,"_jetpack_newsletter_access":"","_jetpack_dont_email_post_to_subs":false,"_jetpack_newsletter_tier_id":0,"_jetpack_memberships_contains_paywalled_content":false,"_jetpack_memberships_contains_paid_content":false,"footnotes":"","jetpack_publicize_message":"","jetpack_publicize_feature_enabled":true,"jetpack_social_post_already_shared":true,"jetpack_social_options":{"image_generator_settings":{"template":"highway","default_image_id":0,"font":"","enabled":false},"version":2}},"categories":[19],"tags":[12679,3634,4167,8559,14301,48,4454,453,18601,246],"class_list":["post-234191","post","type-post","status-publish","format-standard","has-post-thumbnail","hentry","category-ekonomi","tag-aslinda","tag-ahmet","tag-bolgesel","tag-cuneyt","tag-essiz","tag-ihracat","tag-selcuk","tag-turkiye","tag-ussu","tag-yonetim"],"jetpack_publicize_connections":[],"jetpack_featured_media_url":"https:\/\/i0.wp.com\/www.tvturk.com\/wp-content\/uploads\/2019\/11\/ahmet-cuneyt-selcuk-turkiye-aslinda-essiz-bolgesel-yonetim-ussu-ve-ihracat-ussu_ba6f3de.jpg?fit=1000%2C666","jetpack_sharing_enabled":true,"jetpack_shortlink":"https:\/\/wp.me\/paKIfm-YVh","_links":{"self":[{"href":"http:\/\/www.tvturk.com\/index.php\/wp-json\/wp\/v2\/posts\/234191","targetHints":{"allow":["GET"]}}],"collection":[{"href":"http:\/\/www.tvturk.com\/index.php\/wp-json\/wp\/v2\/posts"}],"about":[{"href":"http:\/\/www.tvturk.com\/index.php\/wp-json\/wp\/v2\/types\/post"}],"author":[{"embeddable":true,"href":"http:\/\/www.tvturk.com\/index.php\/wp-json\/wp\/v2\/users\/1"}],"replies":[{"embeddable":true,"href":"http:\/\/www.tvturk.com\/index.php\/wp-json\/wp\/v2\/comments?post=234191"}],"version-history":[{"count":0,"href":"http:\/\/www.tvturk.com\/index.php\/wp-json\/wp\/v2\/posts\/234191\/revisions"}],"wp:featuredmedia":[{"embeddable":true,"href":"http:\/\/www.tvturk.com\/index.php\/wp-json\/wp\/v2\/media\/234192"}],"wp:attachment":[{"href":"http:\/\/www.tvturk.com\/index.php\/wp-json\/wp\/v2\/media?parent=234191"}],"wp:term":[{"taxonomy":"category","embeddable":true,"href":"http:\/\/www.tvturk.com\/index.php\/wp-json\/wp\/v2\/categories?post=234191"},{"taxonomy":"post_tag","embeddable":true,"href":"http:\/\/www.tvturk.com\/index.php\/wp-json\/wp\/v2\/tags?post=234191"}],"curies":[{"name":"wp","href":"https:\/\/api.w.org\/{rel}","templated":true}]}}