{"id":234221,"date":"2019-11-28T16:02:46","date_gmt":"2019-11-28T13:02:46","guid":{"rendered":"http:\/\/www.tvturk.com\/index.php\/turkiye-ekonomisi-cesur-adimlarla-yukselise-gecti\/"},"modified":"2019-11-28T16:02:46","modified_gmt":"2019-11-28T13:02:46","slug":"turkiye-ekonomisi-cesur-adimlarla-yukselise-gecti","status":"publish","type":"post","link":"http:\/\/www.tvturk.com\/index.php\/turkiye-ekonomisi-cesur-adimlarla-yukselise-gecti\/","title":{"rendered":"T\u00fcrkiye ekonomisi, cesur ad\u0131mlarla y\u00fckseli\u015fe ge\u00e7ti"},"content":{"rendered":"<p>\u0130talyan Ticaret ve Sanayi Odas\u0131 Derne\u011fi Ba\u015fkan\u0131 Livio Manzini, T\u00fcrkiye\u2019nin att\u0131\u011f\u0131 cesur ad\u0131mlarla kur volatilitesini, enflasyonu ve \u00f6demeler dengesi a\u00e7\u0131\u011f\u0131n\u0131 dizginlemeyi ba\u015fard\u0131\u011f\u0131n\u0131 ve y\u00fckseli\u015fe ge\u00e7ti\u011fini s\u00f6yledi.<\/p>\n<p>\u2018Tekrar ivme kazanan T\u00fcrk ekonomisi \u0131\u015f\u0131\u011f\u0131nda T\u00fcrkiye-\u0130talya ticari ili\u015fkilerinde yeni f\u0131rsatlar\u2019 konulu ekonomik forumda konu\u015fan \u0130talya B\u00fcy\u00fckel\u00e7isi Massimo Gaiani, ge\u00e7ti\u011fimiz y\u0131l iki \u00fclke aras\u0131ndaki ticaret hacminin 20 milyar dolara yak\u0131n olarak ger\u00e7ekle\u015fti\u011fini ve \u0130talya\u2019n\u0131n  T\u00fcrkiye\u2019nin Avrupa\u2019da en b\u00fcy\u00fck 2\u2019nci, d\u00fcnyada ise 5\u2019inci ticaret orta\u011f\u0131 konumunda oldu\u011funu s\u00f6yledi.<\/p>\n<p>T\u00fcrkiye ve \u0130talya aras\u0131ndaki ticaretin \u00f6nemine vurgu yapan \u0130talya B\u00fcy\u00fckel\u00e7isi Massimo Gaiani, \u201c2018 y\u0131l\u0131nda iki \u00fclke aras\u0131ndaki ticaret hacmi 20 milyar dolara yak\u0131n ger\u00e7ekle\u015fti. \u0130talya, T\u00fcrkiye\u2019nin Avrupa\u2019da en b\u00fcy\u00fck 2\u2019nci, d\u00fcnyada ise 5\u2019inci ticaret orta\u011f\u0131 konumunda. Ayr\u0131ca, 2019 y\u0131l\u0131nda \u0130talya T\u00fcrk ihracat\u0131n\u0131n d\u00fcnya genelinde en b\u00fcy\u00fck 3\u2019\u00fcnc\u00fc pazar\u0131 oldu\u201d dedi.<\/p>\n<p>\u0130talya\u2019dan T\u00fcrkiye\u2019ye 2018 y\u0131l\u0131nda gelen yat\u0131r\u0131mlara de\u011finen Gaiani, \u201c\u0130talya, 500 milyon euronun \u00fczerine \u00e7\u0131karak T\u00fcrkiye\u2019ye d\u00fcnya \u00e7ap\u0131nda en fazla do\u011frudan yat\u0131r\u0131m sa\u011flayan \u00fclke oldu. Ayr\u0131ca, \u0130talyan ve T\u00fcrk \u015firketlerinin i\u015fbirli\u011fi Asya, Afrika ve Orta Do\u011fu gibi \u00fc\u00e7\u00fcnc\u00fc d\u00fcnya \u00fclke pazarlar\u0131ndaki rekabet\u00e7iliklerini art\u0131rabilir. Kendimizi bu t\u00fcrden i\u015fbirliklerini kolayla\u015ft\u0131rmaya adad\u0131k. Asyal\u0131 ortaklar\u0131n a\u011f\u0131rl\u0131\u011f\u0131n\u0131 dengelemek ve Ku\u015fak-Yol \u0130nisiyatifi (BRI) sayesinde olu\u015fan devasa f\u0131rsatlardan faydalanmak i\u00e7in \u0130talya ve T\u00fcrkiye\u2019nin birlikte \u00e7al\u0131\u015fmas\u0131 gerekti\u011fine kesinlikle eminim. \u0130talya, T\u00fcrkiye\u2019nin Avrupal\u0131 bak\u0131\u015f a\u00e7\u0131s\u0131n\u0131 her daim destekliyor ve Ankara\u2019n\u0131n kabul\u00fcn\u00fcn iptaline de kar\u015f\u0131 \u00e7\u0131k\u0131yor\u201d diye konu\u015ftu.<\/p>\n<p>Livio Manzini de, &#8220;T\u00fcrkiye att\u0131\u011f\u0131 cesur ad\u0131mlarla kur volatilitesini, enflasyonu ve \u00f6demeler dengesi a\u00e7\u0131\u011f\u0131n\u0131 dizginlemeyi ba\u015fard\u0131. Ekonomik gerilemenin dibini buldu ve yukar\u0131 gidi\u015f ba\u015flad\u0131. Bunun yan\u0131nda siyasi olarak da 2023\u2019e kadar se\u00e7imin olmamas\u0131 \u00fclkeye ilave bir istikrar getiriyor. Ekonominin tekrar b\u00fcy\u00fcmeye ba\u015flamas\u0131ndan dolay\u0131 burada faaliyet g\u00f6steren veya T\u00fcrkiye ile ticaret yapan \u015firketler 2020 senesine ve sonras\u0131na \u00e7ok daha iyimser g\u00f6zle bakabiliyor&#8221; dedi.<\/p>\n<p>Son senelerde \u00e7ok tarafl\u0131 ticaret anla\u015fmalar\u0131 yolu ile ticareti ve yat\u0131r\u0131m\u0131 art\u0131rman\u0131n yolunun t\u0131kand\u0131\u011f\u0131n\u0131n g\u00f6r\u00fcld\u00fc\u011f\u00fcn\u00fc anlatan Manzini, \u015f\u00f6yle devam etti:<\/p>\n<p>&#8220;Avrupa Birli\u011fi (AB) ile T\u00fcrkiye aras\u0131ndaki mevcut G\u00fcmr\u00fck Birli\u011fi anla\u015fmas\u0131n\u0131n g\u00fcncelleme ve derinle\u015ftirme m\u00fczakerelerinin halen ba\u015flamam\u0131\u015f olmas\u0131 \u00fcz\u00fcc\u00fc. \u0130\u015fte b\u00f6yle bir ortamda ikili ili\u015fkilerin \u00f6nemi \u00e7ok daha \u00f6n plana \u00e7\u0131k\u0131yor. \u0130talya ve T\u00fcrkiye\u2019nin ikili ticaret ve yat\u0131r\u0131m potansiyeli mevcut durumun \u00e7ok daha y\u00fcksek seviyesinde bulunuyor. 1960\u2019l\u0131 y\u0131llardan bu yana T\u00fcrkiye\u2019ye yat\u0131r\u0131m yapan \u0130talyan sermayesi aral\u0131ks\u0131z olarak yat\u0131r\u0131mlar\u0131na devam ediyor. \u0130talyan sermayesi T\u00fcrkiye\u2019ye olan g\u00fcvenini her zaman kan\u0131tlad\u0131\u201d.<\/p>\n<p>\u0130talyan Ticaret ve Sanayi Odas\u0131 Derne\u011fi Genel Sekreteri Fatih Ay\u00e7in de, &#8220;Amac\u0131m\u0131z, T\u00fcrkiye ile \u0130talya aras\u0131ndaki ili\u015fkileri masaya yat\u0131rmak, mevcut durumun foto\u011fraf\u0131n\u0131 \u00e7ekmek, T\u00fcrkiye\u2019de faaliyet g\u00f6steren \u0130talyan \u015firketlerinin \u00f6n\u00fcm\u00fczdeki d\u00f6neme ili\u015fkin beklentilerini anlamaya \u00e7al\u0131\u015fmak, onlara \u0131\u015f\u0131k tutmak. \u0130talya\u2019yla \u00e7al\u0131\u015fan T\u00fcrk firmalar\u0131na destek olmak da bizim do\u011fal g\u00f6revimiz. Avrupa\u2019da i\u015fini geli\u015ftirmek isteyen yat\u0131r\u0131mc\u0131lar i\u00e7in en ideal yat\u0131r\u0131m b\u00f6lgesi \u0130talya. \u0130talya lojistik olarak \u00e7ok kolay ula\u015f\u0131labilen bir yer. Avrupa pazar\u0131na \u00fcr\u00fcn sat\u0131labilecek bir merkez. T\u00fcrk yat\u0131r\u0131mc\u0131lar\u0131 bunu d\u00fc\u015f\u00fcnmelidir&#8221; dedi.<\/p>\n<p>T\u00fcrkiye ile ortakl\u0131k kurmu\u015f olan \u00f6nemli \u0130talyan firmalar\u0131 aras\u0131nda yer alan Ferrero \u00c7ikolatalar\u0131\u2019n\u0131n T\u00fcrkiye Genel M\u00fcd\u00fcr\u00fc Azmi G\u00fcm\u00fc\u015fl\u00fco\u011flu, T\u00fcrkiye operasyonunda ge\u00e7ti\u011fimiz y\u0131l t\u00fcm zorluklara ra\u011fmen rekor k\u0131rd\u0131klar\u0131 bir y\u0131l oldu\u011funu belirtti. T\u00fczel ki\u015filik olarak ilk defa 150 milyon TL\u2019nin \u00fczerinde kar ve 1 milyar TL ciro elde ettiklerini anlatan G\u00fcm\u00fc\u015fl\u00fco\u011flu, \u201cT\u00fcrkiye ve \u0130talya Amerika\u2019ya ve hatta di\u011fer Avrupa \u00fclkelerine g\u00f6re olduk\u00e7a fazla ortak k\u00fclt\u00fcrel unsura sahip iki \u00fclke. \u00dcretim anlam\u0131nda ise, te\u015fvikler ve hammaddeye yak\u0131nl\u0131k olduk\u00e7a cazip iken, bunun yan\u0131nda i\u015f g\u00fcc\u00fc maliyetleriyle d\u00fcnyada rekabet\u00e7i seviyedeyiz. T\u00fcrkiye\u2019de iyi e\u011fitimli bir gen\u00e7 n\u00fcfus var, \u00f6rne\u011fin Ferrero olarak \u015firketimizin ya\u015f ortalamas\u0131 31 ve hepsi iyi \u00fcniversitelerden mezun, benzer bir tablo \u00fclke genelinde de mevcut\u201d dedi.<\/p>\n","protected":false},"excerpt":{"rendered":"<p>\u0130TALYAN T\u0130CARET VE SANAY\u0130 ODASI DERNE\u011e\u0130 BA\u015eKANI L\u0130V\u0130O MANZ\u0130N\u0130, T\u00dcRK\u0130YE\u2019N\u0130N ATTI\u011eI CESUR ADIMLARLA KUR VOLAT\u0130L\u0130TES\u0130N\u0130, ENFLASYONU VE \u00d6DEMELER DENGES\u0130 A\u00c7I\u011eINI D\u0130ZG\u0130NLEMEY\u0130 BA\u015eARDI\u011eINI VE Y\u00dcKSEL\u0130\u015eE GE\u00c7T\u0130\u011e\u0130N\u0130 S\u00d6YLED\u0130.<\/p>\n","protected":false},"author":1,"featured_media":234222,"comment_status":"closed","ping_status":"open","sticky":false,"template":"","format":"standard","meta":{"jetpack_post_was_ever_published":false,"_jetpack_newsletter_access":"","_jetpack_dont_email_post_to_subs":false,"_jetpack_newsletter_tier_id":0,"_jetpack_memberships_contains_paywalled_content":false,"_jetpack_memberships_contains_paid_content":false,"footnotes":"","jetpack_publicize_message":"","jetpack_publicize_feature_enabled":true,"jetpack_social_post_already_shared":true,"jetpack_social_options":{"image_generator_settings":{"template":"highway","default_image_id":0,"font":"","enabled":false},"version":2}},"categories":[1],"tags":[5014,18366,4606,1512,453,40104],"class_list":["post-234221","post","type-post","status-publish","format-standard","has-post-thumbnail","hentry","category-genel","tag-adimlarla","tag-cesur","tag-ekonomisi","tag-gecti","tag-turkiye","tag-yukselise"],"jetpack_publicize_connections":[],"jetpack_featured_media_url":"https:\/\/i0.wp.com\/www.tvturk.com\/wp-content\/uploads\/2019\/11\/turkiye-ekonomisi-cesur-adimlarla-yukselise-gecti_d5317a3.jpg?fit=711%2C1000","jetpack_sharing_enabled":true,"jetpack_shortlink":"https:\/\/wp.me\/paKIfm-YVL","_links":{"self":[{"href":"http:\/\/www.tvturk.com\/index.php\/wp-json\/wp\/v2\/posts\/234221","targetHints":{"allow":["GET"]}}],"collection":[{"href":"http:\/\/www.tvturk.com\/index.php\/wp-json\/wp\/v2\/posts"}],"about":[{"href":"http:\/\/www.tvturk.com\/index.php\/wp-json\/wp\/v2\/types\/post"}],"author":[{"embeddable":true,"href":"http:\/\/www.tvturk.com\/index.php\/wp-json\/wp\/v2\/users\/1"}],"replies":[{"embeddable":true,"href":"http:\/\/www.tvturk.com\/index.php\/wp-json\/wp\/v2\/comments?post=234221"}],"version-history":[{"count":0,"href":"http:\/\/www.tvturk.com\/index.php\/wp-json\/wp\/v2\/posts\/234221\/revisions"}],"wp:featuredmedia":[{"embeddable":true,"href":"http:\/\/www.tvturk.com\/index.php\/wp-json\/wp\/v2\/media\/234222"}],"wp:attachment":[{"href":"http:\/\/www.tvturk.com\/index.php\/wp-json\/wp\/v2\/media?parent=234221"}],"wp:term":[{"taxonomy":"category","embeddable":true,"href":"http:\/\/www.tvturk.com\/index.php\/wp-json\/wp\/v2\/categories?post=234221"},{"taxonomy":"post_tag","embeddable":true,"href":"http:\/\/www.tvturk.com\/index.php\/wp-json\/wp\/v2\/tags?post=234221"}],"curies":[{"name":"wp","href":"https:\/\/api.w.org\/{rel}","templated":true}]}}