{"id":23423,"date":"2019-02-12T01:05:55","date_gmt":"2019-02-11T22:05:55","guid":{"rendered":"http:\/\/www.tvturk.com\/index.php\/firen-balatalari-az-kalsin-tiri-yakacakti\/"},"modified":"2019-02-12T01:06:00","modified_gmt":"2019-02-11T22:06:00","slug":"firen-balatalari-az-kalsin-tiri-yakacakti","status":"publish","type":"post","link":"http:\/\/www.tvturk.com\/index.php\/firen-balatalari-az-kalsin-tiri-yakacakti\/","title":{"rendered":"Firen balatalar\u0131 az kals\u0131n t\u0131r\u0131 yakacakt\u0131"},"content":{"rendered":"<p>Karaman\u2019da seyir halindeki bir t\u0131rda firen balatalar\u0131n\u0131n \u0131s\u0131nmas\u0131ndan dolay\u0131 \u00e7\u0131kan yang\u0131n, itfaiye taraf\u0131ndan k\u0131sa s\u00fcrede s\u00f6nd\u00fcr\u00fcld\u00fc.<\/p>\n<p>Olay, ak\u015fam saat 20.30 s\u0131ralar\u0131nda Karaman Mersin \u00e7evre yolu \u00fczerinde meydana geldi. Al\u0131nan bilgiye g\u00f6re, Mersin\u2019den y\u00fckledi\u011fi vin\u00e7 denge demirlerini Bal\u0131kesir\u2019e g\u00f6t\u00fcrmekte olan Mehmet \u00d6. (33), idaresindeki 06 FD 5446 plakal\u0131 t\u0131r, Karaman\u2019a geldi\u011fi s\u0131rada dorsesinde yang\u0131n \u00e7\u0131kt\u0131. Dorseden dumanlar\u0131n y\u00fckseldi\u011fini g\u00f6ren s\u00fcr\u00fcc\u00fc hemen t\u0131r\u0131 yolun sa\u011f\u0131na durdurarak itfaiyeden yard\u0131m istedi. Is\u0131nan balatalar nedeniyle dorsenin tekerleri de b\u00fcy\u00fck bir g\u00fcr\u00fclt\u00fcyle patlad\u0131. Bunun \u00fczerine yang\u0131n yerine itfaiye ile birlikte polis ve sa\u011fl\u0131k ekibi de sevk edildi. Olay yerine gelen itfaiye ekibi yang\u0131na m\u00fcdahale ederken, poliste t\u0131r\u0131n bulundu\u011fu \u015feridi tedbir ama\u00e7l\u0131 trafi\u011fe kapatt\u0131. \u0130tfaiyenin yar\u0131m saatlik \u00e7al\u0131\u015fmas\u0131 sonucu yang\u0131n tamamen s\u00f6nd\u00fcr\u00fclerek kontrol alt\u0131na al\u0131n\u0131rken, dorsede maddi hasar olu\u015ftu.<\/p>\n<p>Kapanan yol t\u0131r\u0131n \u00e7ekilmesinin ard\u0131ndan yeniden ula\u015f\u0131ma a\u00e7\u0131ld\u0131.<div class=\"tiled-gallery type-rectangular tiled-gallery-unresized\" data-original-width=\"500\" data-carousel-extra='null' itemscope itemtype=\"http:\/\/schema.org\/ImageGallery\" > <div class=\"gallery-row\" style=\"width: 500px; height: 224px;\" data-original-width=\"500\" data-original-height=\"224\" > <div class=\"gallery-group images-1\" style=\"width: 334px; height: 224px;\" data-original-width=\"334\" data-original-height=\"224\" > <div class=\"tiled-gallery-item tiled-gallery-item-large\" itemprop=\"associatedMedia\" itemscope itemtype=\"http:\/\/schema.org\/ImageObject\"> <a href=\"http:\/\/www.tvturk.com\/index.php\/firen-balatalari-az-kalsin-tiri-yakacakti\/firen-balatalari-az-kalsin-tiri-yakacakti-3\/\" border=\"0\" itemprop=\"url\"> <meta itemprop=\"width\" content=\"330\"> <meta itemprop=\"height\" content=\"220\"> <img decoding=\"async\" class=\"\" data-attachment-id=\"23425\" data-orig-file=\"http:\/\/www.tvturk.com\/wp-content\/uploads\/2019\/02\/firen-balatalari-az-kalsin-tiri-yakacakti_a3b884f.jpg\" data-orig-size=\"1000,666\" data-comments-opened=\"\" data-image-meta=\"{&quot;aperture&quot;:&quot;0&quot;,&quot;credit&quot;:&quot;IHA&quot;,&quot;camera&quot;:&quot;&quot;,&quot;caption&quot;:&quot;KARAMAN\\u2019DA SEY\\u0130R HAL\\u0130NDEK\\u0130 B\\u0130R TIRDA F\\u0130REN BALATALARININ ISINMASINDAN DOLAYI \\u00c7IKAN YANGIN, \\u0130TFA\\u0130YE TARAFINDAN KISA S\\u00dcREDE S\\u00d6ND\\u00dcR\\u00dcLD\\u00dc. (MEHMET DA\\u011eLI\\\/KARAMAN-\\u0130HA)&quot;,&quot;created_timestamp&quot;:&quot;0&quot;,&quot;copyright&quot;:&quot;\\u0130HLAS HABER AJANSI, www.iha.com.tr&quot;,&quot;focal_length&quot;:&quot;0&quot;,&quot;iso&quot;:&quot;0&quot;,&quot;shutter_speed&quot;:&quot;0&quot;,&quot;title&quot;:&quot;F\\u0130REN BALATALARI AZ KALSIN TIRI YAKACAKTI&quot;,&quot;orientation&quot;:&quot;0&quot;}\" data-image-title=\"Firen balatalar\u0131 az kals\u0131n t\u0131r\u0131 yakacakt\u0131\" data-image-description=\"&lt;p&gt;Firen balatalar\u0131 az kals\u0131n t\u0131r\u0131 yakacakt\u0131&lt;\/p&gt; \" data-medium-file=\"https:\/\/i0.wp.com\/www.tvturk.com\/wp-content\/uploads\/2019\/02\/firen-balatalari-az-kalsin-tiri-yakacakti_a3b884f.jpg?fit=300%2C200\" data-large-file=\"https:\/\/i0.wp.com\/www.tvturk.com\/wp-content\/uploads\/2019\/02\/firen-balatalari-az-kalsin-tiri-yakacakti_a3b884f.jpg?fit=1000%2C666\" src=\"https:\/\/i0.wp.com\/www.tvturk.com\/wp-content\/uploads\/2019\/02\/firen-balatalari-az-kalsin-tiri-yakacakti_a3b884f.jpg?w=330&#038;h=220\" srcset=\"https:\/\/i0.wp.com\/www.tvturk.com\/wp-content\/uploads\/2019\/02\/firen-balatalari-az-kalsin-tiri-yakacakti_a3b884f.jpg?w=1000 1000w, https:\/\/i0.wp.com\/www.tvturk.com\/wp-content\/uploads\/2019\/02\/firen-balatalari-az-kalsin-tiri-yakacakti_a3b884f.jpg?resize=150%2C100 150w, https:\/\/i0.wp.com\/www.tvturk.com\/wp-content\/uploads\/2019\/02\/firen-balatalari-az-kalsin-tiri-yakacakti_a3b884f.jpg?resize=300%2C200 300w, https:\/\/i0.wp.com\/www.tvturk.com\/wp-content\/uploads\/2019\/02\/firen-balatalari-az-kalsin-tiri-yakacakti_a3b884f.jpg?resize=768%2C511 768w, https:\/\/i0.wp.com\/www.tvturk.com\/wp-content\/uploads\/2019\/02\/firen-balatalari-az-kalsin-tiri-yakacakti_a3b884f.jpg?resize=170%2C113 170w, https:\/\/i0.wp.com\/www.tvturk.com\/wp-content\/uploads\/2019\/02\/firen-balatalari-az-kalsin-tiri-yakacakti_a3b884f.jpg?resize=120%2C80 120w\" width=\"330\" height=\"220\" loading=\"lazy\" data-original-width=\"330\" data-original-height=\"220\" itemprop=\"http:\/\/schema.org\/image\" title=\"Firen balatalar\u0131 az kals\u0131n t\u0131r\u0131 yakacakt\u0131\" alt=\"Firen balatalar\u0131 az kals\u0131n t\u0131r\u0131 yakacakt\u0131\" style=\"width: 330px; height: 220px;\" \/> <\/a> <\/div> <\/div> <!-- close group --> <div class=\"gallery-group images-2\" style=\"width: 166px; height: 224px;\" data-original-width=\"166\" data-original-height=\"224\" > <div class=\"tiled-gallery-item tiled-gallery-item-small\" itemprop=\"associatedMedia\" itemscope itemtype=\"http:\/\/schema.org\/ImageObject\"> <a href=\"http:\/\/www.tvturk.com\/index.php\/firen-balatalari-az-kalsin-tiri-yakacakti\/firen-balatalari-az-kalsin-tiri-yakacakti-4\/\" border=\"0\" itemprop=\"url\"> <meta itemprop=\"width\" content=\"162\"> <meta itemprop=\"height\" content=\"108\"> <img decoding=\"async\" class=\"\" data-attachment-id=\"23426\" data-orig-file=\"http:\/\/www.tvturk.com\/wp-content\/uploads\/2019\/02\/firen-balatalari-az-kalsin-tiri-yakacakti_1d7f5a6.jpg\" data-orig-size=\"1000,666\" data-comments-opened=\"\" data-image-meta=\"{&quot;aperture&quot;:&quot;0&quot;,&quot;credit&quot;:&quot;IHA&quot;,&quot;camera&quot;:&quot;&quot;,&quot;caption&quot;:&quot;KARAMAN\\u2019DA SEY\\u0130R HAL\\u0130NDEK\\u0130 B\\u0130R TIRDA F\\u0130REN BALATALARININ ISINMASINDAN DOLAYI \\u00c7IKAN YANGIN, \\u0130TFA\\u0130YE TARAFINDAN KISA S\\u00dcREDE S\\u00d6ND\\u00dcR\\u00dcLD\\u00dc. (MEHMET DA\\u011eLI\\\/KARAMAN-\\u0130HA)&quot;,&quot;created_timestamp&quot;:&quot;0&quot;,&quot;copyright&quot;:&quot;\\u0130HLAS HABER AJANSI, www.iha.com.tr&quot;,&quot;focal_length&quot;:&quot;0&quot;,&quot;iso&quot;:&quot;0&quot;,&quot;shutter_speed&quot;:&quot;0&quot;,&quot;title&quot;:&quot;F\\u0130REN BALATALARI AZ KALSIN TIRI YAKACAKTI&quot;,&quot;orientation&quot;:&quot;0&quot;}\" data-image-title=\"Firen balatalar\u0131 az kals\u0131n t\u0131r\u0131 yakacakt\u0131\" data-image-description=\"&lt;p&gt;Firen balatalar\u0131 az kals\u0131n t\u0131r\u0131 yakacakt\u0131&lt;\/p&gt; \" data-medium-file=\"https:\/\/i0.wp.com\/www.tvturk.com\/wp-content\/uploads\/2019\/02\/firen-balatalari-az-kalsin-tiri-yakacakti_1d7f5a6.jpg?fit=300%2C200\" data-large-file=\"https:\/\/i0.wp.com\/www.tvturk.com\/wp-content\/uploads\/2019\/02\/firen-balatalari-az-kalsin-tiri-yakacakti_1d7f5a6.jpg?fit=1000%2C666\" src=\"https:\/\/i0.wp.com\/www.tvturk.com\/wp-content\/uploads\/2019\/02\/firen-balatalari-az-kalsin-tiri-yakacakti_1d7f5a6.jpg?w=162&#038;h=108\" srcset=\"https:\/\/i0.wp.com\/www.tvturk.com\/wp-content\/uploads\/2019\/02\/firen-balatalari-az-kalsin-tiri-yakacakti_1d7f5a6.jpg?w=1000 1000w, https:\/\/i0.wp.com\/www.tvturk.com\/wp-content\/uploads\/2019\/02\/firen-balatalari-az-kalsin-tiri-yakacakti_1d7f5a6.jpg?resize=150%2C100 150w, https:\/\/i0.wp.com\/www.tvturk.com\/wp-content\/uploads\/2019\/02\/firen-balatalari-az-kalsin-tiri-yakacakti_1d7f5a6.jpg?resize=300%2C200 300w, https:\/\/i0.wp.com\/www.tvturk.com\/wp-content\/uploads\/2019\/02\/firen-balatalari-az-kalsin-tiri-yakacakti_1d7f5a6.jpg?resize=768%2C511 768w, https:\/\/i0.wp.com\/www.tvturk.com\/wp-content\/uploads\/2019\/02\/firen-balatalari-az-kalsin-tiri-yakacakti_1d7f5a6.jpg?resize=170%2C113 170w, https:\/\/i0.wp.com\/www.tvturk.com\/wp-content\/uploads\/2019\/02\/firen-balatalari-az-kalsin-tiri-yakacakti_1d7f5a6.jpg?resize=120%2C80 120w\" width=\"162\" height=\"108\" loading=\"lazy\" data-original-width=\"162\" data-original-height=\"108\" itemprop=\"http:\/\/schema.org\/image\" title=\"Firen balatalar\u0131 az kals\u0131n t\u0131r\u0131 yakacakt\u0131\" alt=\"Firen balatalar\u0131 az kals\u0131n t\u0131r\u0131 yakacakt\u0131\" style=\"width: 162px; height: 108px;\" \/> <\/a> <\/div> <div class=\"tiled-gallery-item tiled-gallery-item-small\" itemprop=\"associatedMedia\" itemscope itemtype=\"http:\/\/schema.org\/ImageObject\"> <a href=\"http:\/\/www.tvturk.com\/index.php\/firen-balatalari-az-kalsin-tiri-yakacakti\/firen-balatalari-az-kalsin-tiri-yakacakti-5\/\" border=\"0\" itemprop=\"url\"> <meta itemprop=\"width\" content=\"162\"> <meta itemprop=\"height\" content=\"108\"> <img decoding=\"async\" class=\"\" data-attachment-id=\"23427\" data-orig-file=\"http:\/\/www.tvturk.com\/wp-content\/uploads\/2019\/02\/firen-balatalari-az-kalsin-tiri-yakacakti_7fa078c.jpg\" data-orig-size=\"1000,666\" data-comments-opened=\"\" data-image-meta=\"{&quot;aperture&quot;:&quot;0&quot;,&quot;credit&quot;:&quot;IHA&quot;,&quot;camera&quot;:&quot;&quot;,&quot;caption&quot;:&quot;KARAMAN\\u2019DA SEY\\u0130R HAL\\u0130NDEK\\u0130 B\\u0130R TIRDA F\\u0130REN BALATALARININ ISINMASINDAN DOLAYI \\u00c7IKAN YANGIN, \\u0130TFA\\u0130YE TARAFINDAN KISA S\\u00dcREDE S\\u00d6ND\\u00dcR\\u00dcLD\\u00dc. (MEHMET DA\\u011eLI\\\/KARAMAN-\\u0130HA)&quot;,&quot;created_timestamp&quot;:&quot;0&quot;,&quot;copyright&quot;:&quot;\\u0130HLAS HABER AJANSI, www.iha.com.tr&quot;,&quot;focal_length&quot;:&quot;0&quot;,&quot;iso&quot;:&quot;0&quot;,&quot;shutter_speed&quot;:&quot;0&quot;,&quot;title&quot;:&quot;F\\u0130REN BALATALARI AZ KALSIN TIRI YAKACAKTI&quot;,&quot;orientation&quot;:&quot;0&quot;}\" data-image-title=\"Firen balatalar\u0131 az kals\u0131n t\u0131r\u0131 yakacakt\u0131\" data-image-description=\"&lt;p&gt;Firen balatalar\u0131 az kals\u0131n t\u0131r\u0131 yakacakt\u0131&lt;\/p&gt; \" data-medium-file=\"https:\/\/i0.wp.com\/www.tvturk.com\/wp-content\/uploads\/2019\/02\/firen-balatalari-az-kalsin-tiri-yakacakti_7fa078c.jpg?fit=300%2C200\" data-large-file=\"https:\/\/i0.wp.com\/www.tvturk.com\/wp-content\/uploads\/2019\/02\/firen-balatalari-az-kalsin-tiri-yakacakti_7fa078c.jpg?fit=1000%2C666\" src=\"https:\/\/i0.wp.com\/www.tvturk.com\/wp-content\/uploads\/2019\/02\/firen-balatalari-az-kalsin-tiri-yakacakti_7fa078c.jpg?w=162&#038;h=108\" srcset=\"https:\/\/i0.wp.com\/www.tvturk.com\/wp-content\/uploads\/2019\/02\/firen-balatalari-az-kalsin-tiri-yakacakti_7fa078c.jpg?w=1000 1000w, https:\/\/i0.wp.com\/www.tvturk.com\/wp-content\/uploads\/2019\/02\/firen-balatalari-az-kalsin-tiri-yakacakti_7fa078c.jpg?resize=150%2C100 150w, https:\/\/i0.wp.com\/www.tvturk.com\/wp-content\/uploads\/2019\/02\/firen-balatalari-az-kalsin-tiri-yakacakti_7fa078c.jpg?resize=300%2C200 300w, https:\/\/i0.wp.com\/www.tvturk.com\/wp-content\/uploads\/2019\/02\/firen-balatalari-az-kalsin-tiri-yakacakti_7fa078c.jpg?resize=768%2C511 768w, https:\/\/i0.wp.com\/www.tvturk.com\/wp-content\/uploads\/2019\/02\/firen-balatalari-az-kalsin-tiri-yakacakti_7fa078c.jpg?resize=170%2C113 170w, https:\/\/i0.wp.com\/www.tvturk.com\/wp-content\/uploads\/2019\/02\/firen-balatalari-az-kalsin-tiri-yakacakti_7fa078c.jpg?resize=120%2C80 120w\" width=\"162\" height=\"108\" loading=\"lazy\" data-original-width=\"162\" data-original-height=\"108\" itemprop=\"http:\/\/schema.org\/image\" title=\"Firen balatalar\u0131 az kals\u0131n t\u0131r\u0131 yakacakt\u0131\" alt=\"Firen balatalar\u0131 az kals\u0131n t\u0131r\u0131 yakacakt\u0131\" style=\"width: 162px; height: 108px;\" \/> <\/a> <\/div> <\/div> <!-- close group --> <\/div> <!-- close row --> <div class=\"gallery-row\" style=\"width: 500px; height: 168px;\" data-original-width=\"500\" data-original-height=\"168\" > <div class=\"gallery-group images-1\" style=\"width: 250px; height: 168px;\" data-original-width=\"250\" data-original-height=\"168\" > <div class=\"tiled-gallery-item tiled-gallery-item-small\" itemprop=\"associatedMedia\" itemscope itemtype=\"http:\/\/schema.org\/ImageObject\"> <a href=\"http:\/\/www.tvturk.com\/index.php\/firen-balatalari-az-kalsin-tiri-yakacakti\/firen-balatalari-az-kalsin-tiri-yakacakti-6\/\" border=\"0\" itemprop=\"url\"> <meta itemprop=\"width\" content=\"246\"> <meta itemprop=\"height\" content=\"164\"> <img decoding=\"async\" class=\"\" data-attachment-id=\"23428\" data-orig-file=\"http:\/\/www.tvturk.com\/wp-content\/uploads\/2019\/02\/firen-balatalari-az-kalsin-tiri-yakacakti_3016884.jpg\" data-orig-size=\"1000,666\" data-comments-opened=\"\" data-image-meta=\"{&quot;aperture&quot;:&quot;0&quot;,&quot;credit&quot;:&quot;IHA&quot;,&quot;camera&quot;:&quot;&quot;,&quot;caption&quot;:&quot;KARAMAN\\u2019DA SEY\\u0130R HAL\\u0130NDEK\\u0130 B\\u0130R TIRDA F\\u0130REN BALATALARININ ISINMASINDAN DOLAYI \\u00c7IKAN YANGIN, \\u0130TFA\\u0130YE TARAFINDAN KISA S\\u00dcREDE S\\u00d6ND\\u00dcR\\u00dcLD\\u00dc. (MEHMET DA\\u011eLI\\\/KARAMAN-\\u0130HA)&quot;,&quot;created_timestamp&quot;:&quot;0&quot;,&quot;copyright&quot;:&quot;\\u0130HLAS HABER AJANSI, www.iha.com.tr&quot;,&quot;focal_length&quot;:&quot;0&quot;,&quot;iso&quot;:&quot;0&quot;,&quot;shutter_speed&quot;:&quot;0&quot;,&quot;title&quot;:&quot;F\\u0130REN BALATALARI AZ KALSIN TIRI YAKACAKTI&quot;,&quot;orientation&quot;:&quot;0&quot;}\" data-image-title=\"Firen balatalar\u0131 az kals\u0131n t\u0131r\u0131 yakacakt\u0131\" data-image-description=\"&lt;p&gt;Firen balatalar\u0131 az kals\u0131n t\u0131r\u0131 yakacakt\u0131&lt;\/p&gt; \" data-medium-file=\"https:\/\/i0.wp.com\/www.tvturk.com\/wp-content\/uploads\/2019\/02\/firen-balatalari-az-kalsin-tiri-yakacakti_3016884.jpg?fit=300%2C200\" data-large-file=\"https:\/\/i0.wp.com\/www.tvturk.com\/wp-content\/uploads\/2019\/02\/firen-balatalari-az-kalsin-tiri-yakacakti_3016884.jpg?fit=1000%2C666\" src=\"https:\/\/i0.wp.com\/www.tvturk.com\/wp-content\/uploads\/2019\/02\/firen-balatalari-az-kalsin-tiri-yakacakti_3016884.jpg?w=246&#038;h=164\" srcset=\"https:\/\/i0.wp.com\/www.tvturk.com\/wp-content\/uploads\/2019\/02\/firen-balatalari-az-kalsin-tiri-yakacakti_3016884.jpg?w=1000 1000w, https:\/\/i0.wp.com\/www.tvturk.com\/wp-content\/uploads\/2019\/02\/firen-balatalari-az-kalsin-tiri-yakacakti_3016884.jpg?resize=150%2C100 150w, https:\/\/i0.wp.com\/www.tvturk.com\/wp-content\/uploads\/2019\/02\/firen-balatalari-az-kalsin-tiri-yakacakti_3016884.jpg?resize=300%2C200 300w, https:\/\/i0.wp.com\/www.tvturk.com\/wp-content\/uploads\/2019\/02\/firen-balatalari-az-kalsin-tiri-yakacakti_3016884.jpg?resize=768%2C511 768w, https:\/\/i0.wp.com\/www.tvturk.com\/wp-content\/uploads\/2019\/02\/firen-balatalari-az-kalsin-tiri-yakacakti_3016884.jpg?resize=170%2C113 170w, https:\/\/i0.wp.com\/www.tvturk.com\/wp-content\/uploads\/2019\/02\/firen-balatalari-az-kalsin-tiri-yakacakti_3016884.jpg?resize=120%2C80 120w\" width=\"246\" height=\"164\" loading=\"lazy\" data-original-width=\"246\" data-original-height=\"164\" itemprop=\"http:\/\/schema.org\/image\" title=\"Firen balatalar\u0131 az kals\u0131n t\u0131r\u0131 yakacakt\u0131\" alt=\"Firen balatalar\u0131 az kals\u0131n t\u0131r\u0131 yakacakt\u0131\" style=\"width: 246px; height: 164px;\" \/> <\/a> <\/div> <\/div> <!-- close group --> <div class=\"gallery-group images-1\" style=\"width: 250px; height: 168px;\" data-original-width=\"250\" data-original-height=\"168\" > <div class=\"tiled-gallery-item tiled-gallery-item-small\" itemprop=\"associatedMedia\" itemscope itemtype=\"http:\/\/schema.org\/ImageObject\"> <a href=\"http:\/\/www.tvturk.com\/index.php\/firen-balatalari-az-kalsin-tiri-yakacakti\/firen-balatalari-az-kalsin-tiri-yakacakti-7\/\" border=\"0\" itemprop=\"url\"> <meta itemprop=\"width\" content=\"246\"> <meta itemprop=\"height\" content=\"164\"> <img decoding=\"async\" class=\"\" data-attachment-id=\"23429\" data-orig-file=\"http:\/\/www.tvturk.com\/wp-content\/uploads\/2019\/02\/firen-balatalari-az-kalsin-tiri-yakacakti_20ee66a.jpg\" data-orig-size=\"1000,666\" data-comments-opened=\"\" data-image-meta=\"{&quot;aperture&quot;:&quot;0&quot;,&quot;credit&quot;:&quot;IHA&quot;,&quot;camera&quot;:&quot;&quot;,&quot;caption&quot;:&quot;KARAMAN\\u2019DA SEY\\u0130R HAL\\u0130NDEK\\u0130 B\\u0130R TIRDA F\\u0130REN BALATALARININ ISINMASINDAN DOLAYI \\u00c7IKAN YANGIN, \\u0130TFA\\u0130YE TARAFINDAN KISA S\\u00dcREDE S\\u00d6ND\\u00dcR\\u00dcLD\\u00dc. (MEHMET DA\\u011eLI\\\/KARAMAN-\\u0130HA)&quot;,&quot;created_timestamp&quot;:&quot;0&quot;,&quot;copyright&quot;:&quot;\\u0130HLAS HABER AJANSI, www.iha.com.tr&quot;,&quot;focal_length&quot;:&quot;0&quot;,&quot;iso&quot;:&quot;0&quot;,&quot;shutter_speed&quot;:&quot;0&quot;,&quot;title&quot;:&quot;F\\u0130REN BALATALARI AZ KALSIN TIRI YAKACAKTI&quot;,&quot;orientation&quot;:&quot;0&quot;}\" data-image-title=\"Firen balatalar\u0131 az kals\u0131n t\u0131r\u0131 yakacakt\u0131\" data-image-description=\"&lt;p&gt;Firen balatalar\u0131 az kals\u0131n t\u0131r\u0131 yakacakt\u0131&lt;\/p&gt; \" data-medium-file=\"https:\/\/i0.wp.com\/www.tvturk.com\/wp-content\/uploads\/2019\/02\/firen-balatalari-az-kalsin-tiri-yakacakti_20ee66a.jpg?fit=300%2C200\" data-large-file=\"https:\/\/i0.wp.com\/www.tvturk.com\/wp-content\/uploads\/2019\/02\/firen-balatalari-az-kalsin-tiri-yakacakti_20ee66a.jpg?fit=1000%2C666\" src=\"https:\/\/i0.wp.com\/www.tvturk.com\/wp-content\/uploads\/2019\/02\/firen-balatalari-az-kalsin-tiri-yakacakti_20ee66a.jpg?w=246&#038;h=164\" srcset=\"https:\/\/i0.wp.com\/www.tvturk.com\/wp-content\/uploads\/2019\/02\/firen-balatalari-az-kalsin-tiri-yakacakti_20ee66a.jpg?w=1000 1000w, https:\/\/i0.wp.com\/www.tvturk.com\/wp-content\/uploads\/2019\/02\/firen-balatalari-az-kalsin-tiri-yakacakti_20ee66a.jpg?resize=150%2C100 150w, https:\/\/i0.wp.com\/www.tvturk.com\/wp-content\/uploads\/2019\/02\/firen-balatalari-az-kalsin-tiri-yakacakti_20ee66a.jpg?resize=300%2C200 300w, https:\/\/i0.wp.com\/www.tvturk.com\/wp-content\/uploads\/2019\/02\/firen-balatalari-az-kalsin-tiri-yakacakti_20ee66a.jpg?resize=768%2C511 768w, https:\/\/i0.wp.com\/www.tvturk.com\/wp-content\/uploads\/2019\/02\/firen-balatalari-az-kalsin-tiri-yakacakti_20ee66a.jpg?resize=170%2C113 170w, https:\/\/i0.wp.com\/www.tvturk.com\/wp-content\/uploads\/2019\/02\/firen-balatalari-az-kalsin-tiri-yakacakti_20ee66a.jpg?resize=120%2C80 120w\" width=\"246\" height=\"164\" loading=\"lazy\" data-original-width=\"246\" data-original-height=\"164\" itemprop=\"http:\/\/schema.org\/image\" title=\"Firen balatalar\u0131 az kals\u0131n t\u0131r\u0131 yakacakt\u0131\" alt=\"Firen balatalar\u0131 az kals\u0131n t\u0131r\u0131 yakacakt\u0131\" style=\"width: 246px; height: 164px;\" \/> <\/a> <\/div> <\/div> <!-- close group --> <\/div> <!-- close row --> <\/div><\/p>\n","protected":false},"excerpt":{"rendered":"<p>KARAMAN\u2019DA SEY\u0130R HAL\u0130NDEK\u0130 B\u0130R TIRDA F\u0130REN BALATALARININ ISINMASINDAN DOLAYI \u00c7IKAN YANGIN, \u0130TFA\u0130YE TARAFINDAN KISA S\u00dcREDE S\u00d6ND\u00dcR\u00dcLD\u00dc.<\/p>\n","protected":false},"author":1,"featured_media":23424,"comment_status":"closed","ping_status":"open","sticky":false,"template":"","format":"standard","meta":{"jetpack_post_was_ever_published":false,"_jetpack_newsletter_access":"","_jetpack_dont_email_post_to_subs":false,"_jetpack_newsletter_tier_id":0,"_jetpack_memberships_contains_paywalled_content":false,"_jetpack_memberships_contains_paid_content":false,"footnotes":"","jetpack_publicize_message":"","jetpack_publicize_feature_enabled":true,"jetpack_social_post_already_shared":false,"jetpack_social_options":{"image_generator_settings":{"template":"highway","default_image_id":0,"font":"","enabled":false},"version":2}},"categories":[655],"tags":[9941,9940,9942,5961,9943],"class_list":["post-23423","post","type-post","status-publish","format-standard","has-post-thumbnail","hentry","category-son-dakika","tag-balatalari","tag-firen","tag-kalsin","tag-tiri","tag-yakacakti"],"jetpack_publicize_connections":[],"jetpack_featured_media_url":"https:\/\/i0.wp.com\/www.tvturk.com\/wp-content\/uploads\/2019\/02\/firen-balatalari-az-kalsin-tiri-yakacakti_4b112a4.jpg?fit=1000%2C666","jetpack_sharing_enabled":true,"jetpack_shortlink":"https:\/\/wp.me\/paKIfm-65N","_links":{"self":[{"href":"http:\/\/www.tvturk.com\/index.php\/wp-json\/wp\/v2\/posts\/23423","targetHints":{"allow":["GET"]}}],"collection":[{"href":"http:\/\/www.tvturk.com\/index.php\/wp-json\/wp\/v2\/posts"}],"about":[{"href":"http:\/\/www.tvturk.com\/index.php\/wp-json\/wp\/v2\/types\/post"}],"author":[{"embeddable":true,"href":"http:\/\/www.tvturk.com\/index.php\/wp-json\/wp\/v2\/users\/1"}],"replies":[{"embeddable":true,"href":"http:\/\/www.tvturk.com\/index.php\/wp-json\/wp\/v2\/comments?post=23423"}],"version-history":[{"count":1,"href":"http:\/\/www.tvturk.com\/index.php\/wp-json\/wp\/v2\/posts\/23423\/revisions"}],"predecessor-version":[{"id":23430,"href":"http:\/\/www.tvturk.com\/index.php\/wp-json\/wp\/v2\/posts\/23423\/revisions\/23430"}],"wp:featuredmedia":[{"embeddable":true,"href":"http:\/\/www.tvturk.com\/index.php\/wp-json\/wp\/v2\/media\/23424"}],"wp:attachment":[{"href":"http:\/\/www.tvturk.com\/index.php\/wp-json\/wp\/v2\/media?parent=23423"}],"wp:term":[{"taxonomy":"category","embeddable":true,"href":"http:\/\/www.tvturk.com\/index.php\/wp-json\/wp\/v2\/categories?post=23423"},{"taxonomy":"post_tag","embeddable":true,"href":"http:\/\/www.tvturk.com\/index.php\/wp-json\/wp\/v2\/tags?post=23423"}],"curies":[{"name":"wp","href":"https:\/\/api.w.org\/{rel}","templated":true}]}}