{"id":234237,"date":"2019-11-28T16:32:19","date_gmt":"2019-11-28T13:32:19","guid":{"rendered":"http:\/\/www.tvturk.com\/index.php\/atso-baib-serkonder-ile-atb-baskanlari-ortualti-tarimi-konustu\/"},"modified":"2019-11-28T16:32:19","modified_gmt":"2019-11-28T13:32:19","slug":"atso-baib-serkonder-ile-atb-baskanlari-ortualti-tarimi-konustu","status":"publish","type":"post","link":"http:\/\/www.tvturk.com\/index.php\/atso-baib-serkonder-ile-atb-baskanlari-ortualti-tarimi-konustu\/","title":{"rendered":"ATSO, BA\u0130B, SERKONDER ile ATB ba\u015fkanlar\u0131 \u00f6rt\u00fcalt\u0131 tar\u0131m\u0131 konu\u015ftu"},"content":{"rendered":"<p>D\u00fcnyan\u0131n en b\u00fcy\u00fck \u00f6rt\u00fcalt\u0131 (serac\u0131l\u0131k) tar\u0131m sekt\u00f6r\u00fc fuar\u0131, Growtech 19. Uluslararas\u0131 Sera, Tar\u0131m Teknolojileri ve Hayvanc\u0131l\u0131k Ekipmanlar\u0131 Fuar\u0131 Antalya\u2019da kap\u0131lar\u0131n\u0131 a\u00e7t\u0131. Fuarda d\u00fczenlenen panelde ATSO, BA\u0130B, SERKONDER ile ATB ba\u015fkanlar\u0131 \u00f6rt\u00fcalt\u0131 tar\u0131m\u0131 konu\u015ftu.<\/p>\n<p>D\u00fcnyan\u0131n en b\u00fcy\u00fck \u00f6rt\u00fcalt\u0131 (serac\u0131l\u0131k) tar\u0131m sekt\u00f6r\u00fc fuar\u0131, Growtech 19. Uluslararas\u0131 Sera, Tar\u0131m Teknolojileri ve Hayvanc\u0131l\u0131k Ekipmanlar\u0131 Fuar\u0131, 27 Kas\u0131m 2019 tarihinde Antalya Expo Center\u2019da ziyarete a\u00e7\u0131ld\u0131. 32 \u00fclkeden 850\u2019yi a\u015fk\u0131n kat\u0131l\u0131mc\u0131 markan\u0131n yer ald\u0131\u011f\u0131 ve 130\u2019dan fazla \u00fclkeden 90 binin \u00fczerinde ki\u015finin ziyaret etmesi beklenen fuar, \u00fclke tar\u0131m\u0131 i\u00e7in \u00f6nemli geli\u015fmelere ev sahipli\u011fi yapt\u0131. T\u00fcrk serac\u0131l\u0131\u011f\u0131n\u0131n gelece\u011fi i\u00e7in \u00fcreticilere profesyonel bir bak\u0131\u015f a\u00e7\u0131s\u0131 ile yeni f\u0131rsatlar sunacak T\u00fcrkiye Tar\u0131m Kredi Kooperatifleri i\u015ftiraki olan TK Sera A.\u015e.\u2019de ilk defa Growtech\u2019te kamuoyuna tan\u0131t\u0131ld\u0131.<\/p>\n<p>Fuarda tar\u0131m alan\u0131nda sekt\u00f6r temsilcilerinin \u00f6nemli konular\u0131 ele ald\u0131\u011f\u0131 bir panel d\u00fczenlendi. Panelde, Antalya Ticaret ve Sanayi Odas\u0131 (ATSO) Ba\u015fkan\u0131 Davut \u00c7etin, BATI Akdeniz \u0130hracat\u00e7\u0131lar Birli\u011fi (BA\u0130B) Ba\u015fkan\u0131 Hakk\u0131 Bahar, Sera Konstr\u00fcksiyon, Donan\u0131m ve Ekipman \u00dcreticileri ve \u0130hracat\u00e7\u0131lar\u0131 Derne\u011fi (SERKONDER) Ba\u015fkan\u0131 Halil Kozan ile Antalya Ticaret Borsas\u0131 (ATB) Y\u00f6netim Kurulu Ba\u015fkan\u0131 Ali \u00c7and\u0131r panelist olarak yer ald\u0131.<\/p>\n<p>Ba\u015fkan \u00c7etin: &#8220;Veri toplama merkezi kurulmal\u0131&#8221;<\/p>\n<p>ATSO Ba\u015fkan\u0131 Davut \u00c7etin, Antalya\u2019daki \u00f6rt\u00fc alt\u0131 tar\u0131m konusunu ele ald\u0131. Antalya\u2019da \u00fcretimde ciddi s\u0131k\u0131nt\u0131lar oldu\u011funu ve sorunlar\u0131n yerelde \u00e7\u00f6z\u00fclmesi gerekti\u011fini ifade eden \u00c7etin, &#8220;Fiyatlar y\u00fckselince \u00f6rt\u00fc alt\u0131 tar\u0131m su\u00e7lu ilan ediliyor. Tar\u0131m T\u00fcrkiye\u2019nin en \u00f6nemli unsurlar\u0131ndan, Antalya\u2019n\u0131n da en \u00f6nemli sekt\u00f6rlerinden birisi. Bunun yerelde planlamalar\u0131n\u0131n yap\u0131lmas\u0131 laz\u0131m. \u00dcretimimiz art\u0131yor ancak ihracat\u0131m\u0131z artm\u0131yor, bu y\u00fczden ihracatla ilgili \u00e7al\u0131\u015fmalar yapmam\u0131z laz\u0131m. e-Ticareti ve planlamay\u0131 konu\u015fmam\u0131z laz\u0131m, oturup bir \u00e7\u00f6z\u00fcm yolu bulmam\u0131z laz\u0131m. \u0130hracat\u0131m\u0131z\u0131 geli\u015ftirmemiz laz\u0131m, bunun da \u00e7e\u015fitli yollar\u0131 var&#8221; \u015feklinde konu\u015ftu.<\/p>\n<p>Tar\u0131m sekt\u00f6r\u00fcn\u00fcn T\u00fcrkiye\u2019de en b\u00fcy\u00fck deste\u011fi alan sekt\u00f6r oldu\u011funu hat\u0131rlatan \u00c7etin, &#8220;\u015eu anda T\u00fcrkiye\u2019de \u00e7ok ciddi anlamda veri var ancak veriler her yere da\u011f\u0131lm\u0131\u015f durumda. Biz genelde tar\u0131mda konu\u015fuyoruz ama uygulam\u0131yoruz. 5 y\u0131ld\u0131r \u2019tar\u0131mda planlama\u2019 deniliyor ancak kim yapacak belli de\u011fil. Bu y\u00fczden verilerin toplan\u0131p i\u015flenmesi laz\u0131m, fiyatlar\u0131n \u00f6nceden belli olmas\u0131 laz\u0131m. \u0130klim de\u011fi\u015fiklikleri de \u00e7ok \u00f6nemli, \u00f6n\u00fcm\u00fczdeki iklim de\u011fi\u015fikliklerini analiz etmemiz laz\u0131m. Bunlar\u0131n hepsinin \u00f6nceden \u00e7al\u0131\u015f\u0131lmas\u0131 laz\u0131m. Dijitalin \u00e7ok iyi kullan\u0131lmas\u0131 laz\u0131m, bizim bunu t\u00fcm seralar\u0131n modernizasyonu i\u00e7in yapmam\u0131z laz\u0131m. Antalya pilot il olursa T\u00fcrkiye\u2019de \u00e7al\u0131\u015fmalar\u0131 \u00e7ok rahat yapabiliriz. Antalya\u2019y\u0131 pilot il ilan edersek ve bir veri toplama merkezi kurabilirsek art\u0131k y\u00f6n\u00fcm\u00fcz\u00fc daha rahat \u00e7izeriz&#8221; dedi.<\/p>\n<p>Ba\u015fkan Bahar: &#8220;Acilen yasal tedbir gelmeli&#8221;<\/p>\n<p>T\u0131bb\u0131 aromatik bitkiler konusunda de\u011ferlendirmelerde bulunan BA\u0130B Ba\u015fkan\u0131 Bahar ise, &#8220;Kendi co\u011frafyam\u0131zda yeti\u015fen bitkileri k\u00fclt\u00fcrel \u00fcretime d\u00f6nd\u00fcrebilmemiz laz\u0131m. B\u00f6yle giderse da\u011flarda ba\u015fka milletten arkada\u015flar pek bitki b\u0131rakmayacaklar. Acilen yasal tedbir gelmesini ve ciddi hapis cezalar\u0131n\u0131n gelmesini \u00f6neriyorum. Ha elinizdeki uranyumu devretmi\u015fsiniz ha elinizdeki \u00f6zel keki\u011fi vermi\u015fsiniz hi\u00e7bir fark\u0131 yok&#8221; diye konu\u015ftu.<\/p>\n<p>Ba\u015fkan Kozan: &#8220;Elimizdeki de\u011feri bilmiyoruz&#8221;<\/p>\n<p>SERKONDER Ba\u015fkan\u0131 Kozan, &#8220;\u00dcyelerimiz genelde yurt d\u0131\u015f\u0131na seralar sat\u0131yor, oysa \u00fclkemizde bir\u00e7ok yer var. Serac\u0131l\u0131kta kendi elimizdeki de\u011feri bilmiyoruz. Modern seralar\u0131n kurulmas\u0131 ciddi bir destek gerektiriyor, destekler noktas\u0131nda da ge\u00e7ti\u011fimiz y\u0131l bir paket a\u00e7\u0131kland\u0131 ve bu paket m\u00fcracaatlar toplanarak kulland\u0131r\u0131ld\u0131. Ama maalesef desteklerden sadece selden ve f\u0131rt\u0131nadan zarar g\u00f6rm\u00fc\u015f seralar faydaland\u0131, modern seralar \u00e7ok faydalanmad\u0131&#8221; ifadelerini kulland\u0131.<\/p>\n<p>Ba\u015fkan \u00c7and\u0131r: &#8220;\u0130lk f\u0131rsatta envanter \u00e7\u0131kar\u0131lmal\u0131&#8221;<\/p>\n<p>ATB Ba\u015fkan\u0131 \u00c7and\u0131r, ilk f\u0131rsatta tar\u0131msal say\u0131m\u0131n yap\u0131l\u0131p envanterinin \u00e7\u0131kar\u0131lmas\u0131 gerekti\u011finin alt\u0131n\u0131 \u00e7izdi. \u00c7and\u0131r, &#8220;Tar\u0131msal yat\u0131r\u0131m finansman\u0131 ile ilgili s\u0131k\u0131nt\u0131y\u0131 b\u00fct\u00fcn \u00fcyelerimizi ya\u015f\u0131yor. Biz Antalya\u2019da yapt\u0131\u011f\u0131m\u0131z \u00f6rt\u00fcalt\u0131 \u00fcretiminde avantajlar\u0131 kullanarak \u00fcr\u00fcnleri olu\u015fturuyoruz. Alternatif enerji kaynaklar\u0131m\u0131z\u0131n oldu\u011fu yerlerde yat\u0131r\u0131m yap\u0131yoruz&#8221; ifadelerinde bulundu.<\/p>\n<p>Devlet te\u015fvikleri hakk\u0131nda a\u00e7\u0131klamada bulunan \u00c7and\u0131r, yap\u0131lan yat\u0131r\u0131mlar konusunda daha b\u00f6lgesel d\u00fc\u015f\u00fcn\u00fclmesi gerekti\u011fini s\u00f6yledi. &#8220;\u00c7ift\u00e7imizle birlikte tedarik yapman\u0131n yollar\u0131n\u0131 bulmal\u0131&#8221; diyen \u00c7and\u0131r, girdi fiyatlar\u0131ndaki maliyeti d\u00fc\u015f\u00fcrmenin yolunun, birlikte hareket etmekten ge\u00e7ti\u011fini s\u00f6yledi. Maliyetleri d\u00fc\u015f\u00fcr\u00fcc\u00fc \u00f6rg\u00fctlenmenin \u00e7iftli\u011fi ileriye ta\u015f\u0131yaca\u011f\u0131n\u0131 kaydetti.<\/p>\n<p>Panelistler konu\u015fmalar\u0131n ard\u0131ndan kat\u0131l\u0131mc\u0131lar\u0131n sorular\u0131n\u0131 yan\u0131tlad\u0131.<\/p>\n","protected":false},"excerpt":{"rendered":"<p>D\u00dcNYANIN EN B\u00dcY\u00dcK \u00d6RT\u00dcALTI (SERACILIK) TARIM SEKT\u00d6R\u00dc FUARI, GROWTECH 19. ULUSLARARASI SERA, TARIM TEKNOLOJ\u0130LER\u0130 VE HAYVANCILIK EK\u0130PMANLARI FUARI ANTALYA&#8217;DA KAPILARINI A\u00c7TI. FUARDA D\u00dcZENLENEN PANELDE ATSO, BA\u0130B, SERKONDER \u0130LE ATB BA\u015eKANLARI \u00d6RT\u00dcALTI TARIMI KONU\u015eTU.<\/p>\n","protected":false},"author":1,"featured_media":234238,"comment_status":"closed","ping_status":"open","sticky":false,"template":"","format":"standard","meta":{"jetpack_post_was_ever_published":false,"_jetpack_newsletter_access":"","_jetpack_dont_email_post_to_subs":false,"_jetpack_newsletter_tier_id":0,"_jetpack_memberships_contains_paywalled_content":false,"_jetpack_memberships_contains_paid_content":false,"footnotes":"","jetpack_publicize_message":"","jetpack_publicize_feature_enabled":true,"jetpack_social_post_already_shared":true,"jetpack_social_options":{"image_generator_settings":{"template":"highway","default_image_id":0,"font":"","enabled":false},"version":2}},"categories":[19],"tags":[58886,12152,58885,4789,192,4045,39291,23637,10163],"class_list":["post-234237","post","type-post","status-publish","format-standard","has-post-thumbnail","hentry","category-ekonomi","tag-atb","tag-atso","tag-baib","tag-baskanlari","tag-ile","tag-konustu","tag-ortualti","tag-serkonder","tag-tarimi"],"jetpack_publicize_connections":[],"jetpack_featured_media_url":"https:\/\/i0.wp.com\/www.tvturk.com\/wp-content\/uploads\/2019\/11\/atso-baib-serkonder-ile-atb-baskanlari-ortualti-tarimi-konustu_692c3bf.jpg?fit=1000%2C666","jetpack_sharing_enabled":true,"jetpack_shortlink":"https:\/\/wp.me\/paKIfm-YW1","_links":{"self":[{"href":"http:\/\/www.tvturk.com\/index.php\/wp-json\/wp\/v2\/posts\/234237","targetHints":{"allow":["GET"]}}],"collection":[{"href":"http:\/\/www.tvturk.com\/index.php\/wp-json\/wp\/v2\/posts"}],"about":[{"href":"http:\/\/www.tvturk.com\/index.php\/wp-json\/wp\/v2\/types\/post"}],"author":[{"embeddable":true,"href":"http:\/\/www.tvturk.com\/index.php\/wp-json\/wp\/v2\/users\/1"}],"replies":[{"embeddable":true,"href":"http:\/\/www.tvturk.com\/index.php\/wp-json\/wp\/v2\/comments?post=234237"}],"version-history":[{"count":0,"href":"http:\/\/www.tvturk.com\/index.php\/wp-json\/wp\/v2\/posts\/234237\/revisions"}],"wp:featuredmedia":[{"embeddable":true,"href":"http:\/\/www.tvturk.com\/index.php\/wp-json\/wp\/v2\/media\/234238"}],"wp:attachment":[{"href":"http:\/\/www.tvturk.com\/index.php\/wp-json\/wp\/v2\/media?parent=234237"}],"wp:term":[{"taxonomy":"category","embeddable":true,"href":"http:\/\/www.tvturk.com\/index.php\/wp-json\/wp\/v2\/categories?post=234237"},{"taxonomy":"post_tag","embeddable":true,"href":"http:\/\/www.tvturk.com\/index.php\/wp-json\/wp\/v2\/tags?post=234237"}],"curies":[{"name":"wp","href":"https:\/\/api.w.org\/{rel}","templated":true}]}}