{"id":234299,"date":"2019-11-28T20:46:58","date_gmt":"2019-11-28T17:46:58","guid":{"rendered":"http:\/\/www.tvturk.com\/index.php\/baris-pinarinin-ilk-sehidinin-ismi-anaokuluna-verildi\/"},"modified":"2019-11-28T20:46:58","modified_gmt":"2019-11-28T17:46:58","slug":"baris-pinarinin-ilk-sehidinin-ismi-anaokuluna-verildi","status":"publish","type":"post","link":"http:\/\/www.tvturk.com\/index.php\/baris-pinarinin-ilk-sehidinin-ismi-anaokuluna-verildi\/","title":{"rendered":"Bar\u0131\u015f P\u0131nar\u0131\u2019n\u0131n ilk \u015fehidinin ismi anaokuluna verildi"},"content":{"rendered":"<p>Bar\u0131\u015f P\u0131nar\u0131 Harekat\u0131\u2019n\u0131n ilk \u015fehidi Ahmet Top\u00e7u\u2019nun ad\u0131 Ankara\u2019da bir anaokuluna verildi. Okulun a\u00e7\u0131l\u0131\u015f\u0131n\u0131 yapan eski Meclis Ba\u015fkan\u0131 ve AK Parti \u0130zmir Milletvekil Binal\u0131 Y\u0131ld\u0131r\u0131m, &#8220;\u015eehidimizi geri getiremeyece\u011fiz ama buradaki yavrular\u0131m\u0131z onun ad\u0131n\u0131 bu okula girdiklerinde her an g\u00f6recekler&#8221; dedi.<\/p>\n<p>Ahmet Top\u00e7u Anaokulu, eski Meclis Ba\u015fkan\u0131 ve AK Parti \u0130zmir Milletvekil Binal\u0131 Y\u0131ld\u0131r\u0131m ve e\u015fi Semiha Y\u0131ld\u0131r\u0131m, Diyanet \u0130\u015fleri Ba\u015fkan\u0131 Ali Erba\u015f ve e\u015fi Seher Erba\u015f, AK Parti milletvekilleri, Ankara Valisi Vasip \u015eahin, Mamak Belediye Ba\u015fkan\u0131 Murat K\u00f6se, K\u0131z\u0131lay Genel Ba\u015fkan Yard\u0131mc\u0131s\u0131 Dr. Naci Yorulmaz ve \u015fehidin ailesinin kat\u0131ld\u0131\u011f\u0131 t\u00f6renle hizmete girdi. Anaokulu Diyanet \u0130\u015fleri Ba\u015fkan\u0131 Erba\u015f\u2019\u0131n dualar\u0131yla a\u00e7\u0131ld\u0131.<\/p>\n<p>T\u00f6rende konu\u015fan Binal\u0131 Y\u0131ld\u0131r\u0131m, K\u0131z\u0131lay\u2019\u0131n \u0130stanbul \u015fubesiyle birlikte 30\u2019a yak\u0131n anaokulu a\u00e7t\u0131klar\u0131n\u0131 ifade ederek,  \u201cEvlatlar\u0131m\u0131z\u0131n yeti\u015fece\u011fi okul \u00f6ncesinde intibak e\u011fitimlerini alaca\u011f\u0131 bu ilim irfan yuvas\u0131 Mamak il\u00e7emize, burada e\u011fitim \u00f6\u011fretim g\u00f6recek b\u00fct\u00fcn yavrular\u0131m\u0131za hay\u0131rl\u0131 olsun. Son 17 y\u0131l i\u00e7erisinde kentsel d\u00f6n\u00fc\u015f\u00fcm ve de\u011fi\u015fimle beraber Mamak\u2019ta \u00e7ok b\u00fcy\u00fck geli\u015fmeler oldu. Mamak\u2019ta a\u00e7t\u0131\u011f\u0131m\u0131z eser ne ilktir ne de son olacak. Bununla beraber okul say\u0131s\u0131 30\u2019u ge\u00e7mi\u015f durumda. \u0130n\u015fallah b\u00fct\u00fcn illerimizde en az bir tane olmak \u00fczere bu anaokullar\u0131ndan yapmaya devam edece\u011fiz. Bu proje ba\u015fbakanl\u0131\u011f\u0131m d\u00f6neminde K\u0131z\u0131lay\u2019\u0131n \u0130stanbul \u015fubesi taraf\u0131ndan teklif edilen ve Semiha Han\u0131m\u2019la beraber hamisini \u00fcstlendi\u011fimiz bir projedir. \u015eehidimizi geri getiremeyece\u011fiz ama buradaki yavrular\u0131m\u0131z onun ad\u0131n\u0131 bu okula girdiklerinde her an g\u00f6recekler. \u015eehidimiz Ahmet Top\u00e7u\u2019yu kendileri i\u00e7in adeta gelecekte \u00f6v\u00fcn\u00fclecek biri olarak g\u00f6recekler. Bar\u0131\u015f P\u0131nar\u0131 Harekat\u0131\u2019n\u0131n ilk \u015fehidi Ahmet Top\u00e7u olmakla beraber, yine buradan ikinci Umut Co\u015fkun \u015fehidimiz onun da ismini in\u015fallah ya\u015fatmak i\u00e7in gereken ad\u0131mlar at\u0131lacakt\u0131r&#8221; dedi.<\/p>\n<p>A\u00e7\u0131l\u0131\u015ftan sonra Binali Y\u0131ld\u0131r\u0131m ve e\u015fi okulu gezerek, \u00e7ocuklara hediyeler verdi. Okulun bah\u00e7esine bir de fidan dikilirken, Binali Y\u0131ld\u0131r\u0131m \u015fehidin ailesiyle yak\u0131ndan ilgilendi. \u00d6te yandan Binali Y\u0131ld\u0131r\u0131m, a\u00e7\u0131l\u0131\u015f t\u00f6reninin ard\u0131ndan Bar\u0131\u015f P\u0131nar\u0131 Harekat\u0131 \u015fehidi Umut Co\u015fkun\u2019un da ailesini ziyaret etti.<\/p>\n","protected":false},"excerpt":{"rendered":"<p>BARI\u015e PINARI HAREKATININ \u0130LK \u015eEH\u0130D\u0130 OLAN AHMET TOP\u00c7U\u2019NUN ADININ VER\u0130LD\u0130\u011e\u0130 ANAOKULU B\u0130NAL\u0130 YILDIRIM VE E\u015e\u0130 SEM\u0130HA YILDIRIM TARAFINDAN A\u00c7ILDI.<\/p>\n","protected":false},"author":1,"featured_media":234300,"comment_status":"closed","ping_status":"open","sticky":false,"template":"","format":"standard","meta":{"jetpack_post_was_ever_published":false,"_jetpack_newsletter_access":"","_jetpack_dont_email_post_to_subs":false,"_jetpack_newsletter_tier_id":0,"_jetpack_memberships_contains_paywalled_content":false,"_jetpack_memberships_contains_paid_content":false,"footnotes":"","jetpack_publicize_message":"","jetpack_publicize_feature_enabled":true,"jetpack_social_post_already_shared":true,"jetpack_social_options":{"image_generator_settings":{"template":"highway","default_image_id":0,"font":"","enabled":false},"version":2}},"categories":[1],"tags":[4522,4256,37,633,58901,5039,634],"class_list":["post-234299","post","type-post","status-publish","format-standard","has-post-thumbnail","hentry","category-genel","tag-anaokuluna","tag-baris","tag-ilk","tag-ismi","tag-pinarinin","tag-sehidinin","tag-verildi"],"jetpack_publicize_connections":[],"jetpack_featured_media_url":"https:\/\/i0.wp.com\/www.tvturk.com\/wp-content\/uploads\/2019\/11\/baris-pinarinin-ilk-sehidinin-ismi-anaokuluna-verildi_5d0fbe2.jpg?fit=1000%2C666","jetpack_sharing_enabled":true,"jetpack_shortlink":"https:\/\/wp.me\/paKIfm-YX1","_links":{"self":[{"href":"http:\/\/www.tvturk.com\/index.php\/wp-json\/wp\/v2\/posts\/234299","targetHints":{"allow":["GET"]}}],"collection":[{"href":"http:\/\/www.tvturk.com\/index.php\/wp-json\/wp\/v2\/posts"}],"about":[{"href":"http:\/\/www.tvturk.com\/index.php\/wp-json\/wp\/v2\/types\/post"}],"author":[{"embeddable":true,"href":"http:\/\/www.tvturk.com\/index.php\/wp-json\/wp\/v2\/users\/1"}],"replies":[{"embeddable":true,"href":"http:\/\/www.tvturk.com\/index.php\/wp-json\/wp\/v2\/comments?post=234299"}],"version-history":[{"count":0,"href":"http:\/\/www.tvturk.com\/index.php\/wp-json\/wp\/v2\/posts\/234299\/revisions"}],"wp:featuredmedia":[{"embeddable":true,"href":"http:\/\/www.tvturk.com\/index.php\/wp-json\/wp\/v2\/media\/234300"}],"wp:attachment":[{"href":"http:\/\/www.tvturk.com\/index.php\/wp-json\/wp\/v2\/media?parent=234299"}],"wp:term":[{"taxonomy":"category","embeddable":true,"href":"http:\/\/www.tvturk.com\/index.php\/wp-json\/wp\/v2\/categories?post=234299"},{"taxonomy":"post_tag","embeddable":true,"href":"http:\/\/www.tvturk.com\/index.php\/wp-json\/wp\/v2\/tags?post=234299"}],"curies":[{"name":"wp","href":"https:\/\/api.w.org\/{rel}","templated":true}]}}