{"id":234351,"date":"2019-11-28T23:16:52","date_gmt":"2019-11-28T20:16:52","guid":{"rendered":"http:\/\/www.tvturk.com\/index.php\/saglik-sen-genel-baskani-durmus-sendika-uyeleri-ile-bir-araya-geldi\/"},"modified":"2019-11-28T23:16:52","modified_gmt":"2019-11-28T20:16:52","slug":"saglik-sen-genel-baskani-durmus-sendika-uyeleri-ile-bir-araya-geldi","status":"publish","type":"post","link":"http:\/\/www.tvturk.com\/index.php\/saglik-sen-genel-baskani-durmus-sendika-uyeleri-ile-bir-araya-geldi\/","title":{"rendered":"Sa\u011fl\u0131k-Sen Genel Ba\u015fkan\u0131 Durmu\u015f, sendika \u00fcyeleri ile bir araya geldi"},"content":{"rendered":"<p>Sa\u011fl\u0131k-Sen Genel Ba\u015fkan\u0131 Semih Durmu\u015f, \u00e7e\u015fitli ziyaretlerde bulunmak \u00fczere geldi\u011fi A\u011fr\u0131\u2019da, A\u011fr\u0131 Sa\u011fl\u0131k-Sen \u015eubesi \u00fcyeleri ile ak\u015fam yeme\u011fi program\u0131nda bir araya geldi.<\/p>\n<p>\u00d6zel bir restoranda d\u00fczenlenen programa Sa\u011fl\u0131k-Sen Genel Ba\u015fkan\u0131 Semih Durmu\u015f\u2019un yan\u0131 s\u0131ra, Sa\u011fl\u0131k-Sen A\u011fr\u0131 \u015eube Ba\u015fkan\u0131 Fevzi Ma\u011fal, sendika \u00fcyeleri ve \u00e7ok say\u0131da davetli kat\u0131ld\u0131. Sa\u011fl\u0131k-Sen Genel Ba\u015fkan\u0131 Durmu\u015f, yemek \u00f6ncesi yapt\u0131\u011f\u0131 konu\u015fmas\u0131nda, \u00fcyelere sendika \u00e7al\u0131\u015fmalar\u0131 hakk\u0131nda \u00e7e\u015fitli bilgiler aktard\u0131. Durmu\u015f, yap\u0131lan toplu i\u015f s\u00f6zle\u015fmesi g\u00f6r\u00fc\u015fmelerinde, \u00e7al\u0131\u015fanlar\u0131n haklar\u0131n\u0131n korunmas\u0131nda iyi bir strateji belirlediklerini ifade ederek, g\u00f6r\u00fc\u015fmelerde talep say\u0131lar\u0131n\u0131 azaltt\u0131klar\u0131n\u0131 ancak, maddelerin kapsamlar\u0131n\u0131 geni\u015flettiklerini s\u00f6yledi. Konu\u015fmas\u0131nda sorunlar\u0131n \u00e7\u00f6z\u00fcm\u00fc konusunda b\u00fcrokratik g\u00f6r\u00fc\u015fmeler y\u00fcr\u00fctt\u00fcklerini ve T\u00fcrkiye\u2019de siyasi istikrar kadar b\u00fcrokratik istikrar\u0131n da \u00f6nemli oldu\u011funu belirten Durmu\u015f, idari kadrolarda s\u0131k s\u0131k yap\u0131lan de\u011fi\u015fikliklerin do\u011fru olmad\u0131\u011f\u0131n\u0131 kaydetti.<\/p>\n<p>Durmu\u015f, sendika olarak kendilerini ele\u015ftiren Kamu-Sen\u2019e ili\u015fkin, &#8220;Kamu-Sen zaman zaman bizleri, arka bah\u00e7e olarak, sar\u0131 sendika olarak ele\u015ftirmektedir. Hakk\u0131m\u0131zda konu\u015fmaktad\u0131r. E\u011fer bug\u00fcn Memur-Sen\u2019in yapt\u0131\u011f\u0131 sendikal m\u00fccadeleyi T\u00fcrkiye\u2019de birileri ele\u015ftirecekse, bunu ele\u015ftirme hakk\u0131 en son d\u00fc\u015fecek kurum, Kamu-Sen\u2019dir. \u00c7\u00fcnk\u00fc Kamu-Sen\u2019in ge\u00e7mi\u015fi bu noktada kirlidir. Onlar\u0131n genel ba\u015fkanlar\u0131 siyasetin iste\u011fi ve iradesi ile atanmaktad\u0131r. Onlar\u0131n genel ba\u015fkanlar\u0131 2012 y\u0131l\u0131nda bir siyasi parti istemedi\u011fi i\u00e7in g\u00f6revinden al\u0131nm\u0131\u015ft\u0131r. Onlar\u0131n genel ba\u015fkanlar\u0131 2018 y\u0131l\u0131nda siyasi parti istemedi\u011fi i\u00e7in aday olamam\u0131\u015ft\u0131r. Kendi genel ba\u015fkanlar\u0131na sahip \u00e7\u0131kamayan te\u015fkilat, kamu \u00e7al\u0131\u015fanlar\u0131n\u0131n haklar\u0131na sahip \u00e7\u0131kamaz. Onun i\u00e7in biz sendikal m\u00fccadeleyi yaparken, bir yerlere ba\u011fl\u0131 ve ba\u011f\u0131ml\u0131 sendikac\u0131l\u0131k yapm\u0131yoruz. Sadece \u00fcyelerimizin iradesine ve s\u00f6z\u00fcne g\u00f6re hareket ediyoruz\u201d ifadelerini kulland\u0131.<\/p>\n<p>Yap\u0131lan konu\u015fman\u0131n ard\u0131ndan, program plaket takdimi ve hat\u0131ra foto\u011fraf\u0131n\u0131n \u00e7ekilmesi ile son buldu.<\/p>\n","protected":false},"excerpt":{"rendered":"<p>SA\u011eLIK-SEN GENEL BA\u015eKANI SEM\u0130H DURMU\u015e, \u00c7E\u015e\u0130TL\u0130 Z\u0130YARETLERDE BULUNMAK \u00dcZERE GELD\u0130\u011e\u0130 A\u011eRI\u2019DA, A\u011eRI SA\u011eLIK-SEN \u015eUBES\u0130 \u00dcYELER\u0130 \u0130LE AK\u015eAM YEME\u011e\u0130 PROGRAMINDA B\u0130R ARAYA GELD\u0130.<\/p>\n","protected":false},"author":1,"featured_media":234352,"comment_status":"closed","ping_status":"open","sticky":false,"template":"","format":"standard","meta":{"jetpack_post_was_ever_published":false,"_jetpack_newsletter_access":"","_jetpack_dont_email_post_to_subs":false,"_jetpack_newsletter_tier_id":0,"_jetpack_memberships_contains_paywalled_content":false,"_jetpack_memberships_contains_paid_content":false,"footnotes":"","jetpack_publicize_message":"","jetpack_publicize_feature_enabled":true,"jetpack_social_post_already_shared":true,"jetpack_social_options":{"image_generator_settings":{"template":"highway","default_image_id":0,"font":"","enabled":false},"version":2}},"categories":[1],"tags":[126,216,125,16753,127,869,192,4555,275,3081],"class_list":["post-234351","post","type-post","status-publish","format-standard","has-post-thumbnail","hentry","category-genel","tag-araya","tag-baskani","tag-bir","tag-durmus","tag-geldi","tag-genel","tag-ile","tag-saglik-sen","tag-sendika","tag-uyeleri"],"jetpack_publicize_connections":[],"jetpack_featured_media_url":"https:\/\/i0.wp.com\/www.tvturk.com\/wp-content\/uploads\/2019\/11\/saglik-sen-genel-baskani-durmus-sendika-uyeleri-ile-bir-araya-geldi_90e8976.jpg?fit=1000%2C664","jetpack_sharing_enabled":true,"jetpack_shortlink":"https:\/\/wp.me\/paKIfm-YXR","_links":{"self":[{"href":"http:\/\/www.tvturk.com\/index.php\/wp-json\/wp\/v2\/posts\/234351","targetHints":{"allow":["GET"]}}],"collection":[{"href":"http:\/\/www.tvturk.com\/index.php\/wp-json\/wp\/v2\/posts"}],"about":[{"href":"http:\/\/www.tvturk.com\/index.php\/wp-json\/wp\/v2\/types\/post"}],"author":[{"embeddable":true,"href":"http:\/\/www.tvturk.com\/index.php\/wp-json\/wp\/v2\/users\/1"}],"replies":[{"embeddable":true,"href":"http:\/\/www.tvturk.com\/index.php\/wp-json\/wp\/v2\/comments?post=234351"}],"version-history":[{"count":0,"href":"http:\/\/www.tvturk.com\/index.php\/wp-json\/wp\/v2\/posts\/234351\/revisions"}],"wp:featuredmedia":[{"embeddable":true,"href":"http:\/\/www.tvturk.com\/index.php\/wp-json\/wp\/v2\/media\/234352"}],"wp:attachment":[{"href":"http:\/\/www.tvturk.com\/index.php\/wp-json\/wp\/v2\/media?parent=234351"}],"wp:term":[{"taxonomy":"category","embeddable":true,"href":"http:\/\/www.tvturk.com\/index.php\/wp-json\/wp\/v2\/categories?post=234351"},{"taxonomy":"post_tag","embeddable":true,"href":"http:\/\/www.tvturk.com\/index.php\/wp-json\/wp\/v2\/tags?post=234351"}],"curies":[{"name":"wp","href":"https:\/\/api.w.org\/{rel}","templated":true}]}}