{"id":234357,"date":"2019-11-28T23:33:49","date_gmt":"2019-11-28T20:33:49","guid":{"rendered":"http:\/\/www.tvturk.com\/index.php\/izmir-buyuksehire-7-milyar-950-milyon-tl-butce\/"},"modified":"2019-11-28T23:33:49","modified_gmt":"2019-11-28T20:33:49","slug":"izmir-buyuksehire-7-milyar-950-milyon-tl-butce","status":"publish","type":"post","link":"http:\/\/www.tvturk.com\/index.php\/izmir-buyuksehire-7-milyar-950-milyon-tl-butce\/","title":{"rendered":"\u0130zmir B\u00fcy\u00fck\u015fehir\u2019e 7 milyar 950 milyon TL b\u00fct\u00e7e"},"content":{"rendered":"<p>\u0130zmir B\u00fcy\u00fck\u015fehir Belediye Meclisinde, B\u00fcy\u00fck\u015fehir\u2019in 2020 mali y\u0131l\u0131 performans program\u0131 ve 2020 mali y\u0131l\u0131 b\u00fct\u00e7esi oyland\u0131. Performans program\u0131 ve 7 milyar 950 milyon TL\u2019lik b\u00fct\u00e7e oy \u00e7oklu\u011fu ile onayland\u0131. Meclis sonunda konu\u015fan Ba\u015fkan Soyer, \u201cBiz el ele veririz; EXPO\u2019yu da al\u0131r\u0131z, getiririz ve bu \u015fehir d\u00fcnya \u015fehri olur. Bu \u015fehri de hep beraber u\u00e7ururuz. \u00c7izdi\u011finiz veya ima edilen profildeki ba\u015fkan\u0131n\u0131z b\u00f6yle bir adam de\u011fil bundan emin olabilirsiniz. Canla ba\u015fla \u00e7al\u0131\u015fmak i\u00e7in tutu\u015fan, kente a\u015fkla ba\u011flanan, tek tek her birinize inanan, de\u011fer veren bir ba\u015fkan\u0131n\u0131z var\u201d dedi.<\/p>\n<p>\u0130zmir B\u00fcy\u00fck\u015fehir Belediye Meclisi kas\u0131m ay\u0131 toplant\u0131s\u0131n\u0131n 8. birle\u015fimi \u0130zmir B\u00fcy\u00fck\u015fehir Belediye Ba\u015fkan\u0131 Tun\u00e7 Soyer idaresinde ger\u00e7ekle\u015fti. Mecliste, \u0130zmir B\u00fcy\u00fck\u015fehir Belediyesinin 2020 mali y\u0131l\u0131 performans program\u0131 ve \u0130zmir B\u00fcy\u00fck\u015fehir Belediyesinin 2020 mali y\u0131l\u0131 b\u00fct\u00e7esi ve izleyen y\u0131llar b\u00fct\u00e7esi oyland\u0131. \u0130zmir B\u00fcy\u00fck\u015fehir Belediyesinin 2020 mali y\u0131l\u0131 b\u00fct\u00e7esi 7 milyar 950 milyon olarak belirlendi. Performans program\u0131 ve 7 milyar 950 milyon TL\u2019lik b\u00fct\u00e7e oy \u00e7oklu\u011fu ile onayland\u0131. Ba\u015fkan Soyer, t\u00fcm meclis \u00fcyelerini dinledikten sonra toplu bir \u015fekilde cevap verdi.<\/p>\n<p>\u201cB\u00fcy\u00fck\u015fehir olup bitenlerden olumlu ya da olumsuz etkileniyor\u201d<\/p>\n<p>\u0130zmir B\u00fcy\u00fck\u015fehir Belediyesinin 2020 mali y\u0131l\u0131 performans program\u0131 ve \u0130zmir B\u00fcy\u00fck\u015fehir Belediyesinin 2020 mali y\u0131l\u0131 b\u00fct\u00e7esi \u00f6ncesi konu\u015fan \u0130zmir B\u00fcy\u00fck\u015fehir Belediye Ba\u015fkan Vekili Mustafa \u00d6zuslu, \u00fclke ekonomisine ele\u015ftiride bulundu. \u00d6zuslu, \u201cBu \u00fclkede ekonomi anlam\u0131nda ne oluyor ve bitiyorsa \u0130zmir \u015fehri de, B\u00fcy\u00fck\u015fehir de bu olup bitenlerden olumlu ya da olumsuz etkileniyor. \u00dclkemize bakt\u0131\u011f\u0131m\u0131zda her \u015feyin iyi olmas\u0131n\u0131 isteriz ama \u2018her \u015fey iyidir\u2019 diyemiyoruz. \u0130\u015fsizlik 2002 y\u0131l\u0131ndan beri y\u00fczde 90 artt\u0131. Her \u00fc\u00e7 gen\u00e7ten birinin i\u015fsiz oldu\u011funu s\u00f6yleyebiliriz. \u0130\u015fsizlik B\u00fcy\u00fck\u015fehir\u2019i de zorluyor. Bu bizim ger\u00e7e\u011fimiz. \u0130\u015fsizli\u011fin tek ba\u015f\u0131na bir rakam olarak s\u00f6ylenmesi kolay geliyor ama \u2018\u00e7ar\u015f\u0131ya gidelim, pazara gidelim\u2019 dendi\u011finde cebinde paras\u0131 olmay\u0131p gidemeyen, mutfa\u011fa girip intihar eden insan\u0131n halini ne anlatabilir? Bunlar\u0131 konu\u015fmadan b\u00fct\u00e7eyi konu\u015fmak, \u00fclkeye de, bu \u015fehre de haks\u0131zl\u0131k olacakt\u0131r\u201d dedi.<\/p>\n<p>\u201cBu ortamda B\u00fcy\u00fck\u015fehir\u2019in b\u00fct\u00e7esinin yapt\u0131k\u201d<\/p>\n<p>Dolar\u0131n y\u00fcksekli\u011fine de\u011finen \u00d6zuslu, \u201cMazot kullan\u0131yoruz, petrokimya \u00fcr\u00fcnleri kullan\u0131yoruz, bir\u00e7ok \u00fcr\u00fcnler kullan\u0131yoruz. O \u00fcr\u00fcnler dolarla kar\u015f\u0131lan\u0131yor. Siz bir b\u00fct\u00e7e yapacaks\u0131n\u0131z, b\u00fct\u00e7eyi de buna g\u00f6re yapacaks\u0131n\u0131z. Buna g\u00f6re hesaplayarak \u0130zmirlilere hizmet edecek b\u00fct\u00e7e haz\u0131rlad\u0131k. Vatanda\u015f\u0131m\u0131z\u0131n al\u0131m g\u00fcc\u00fcn\u00fcn azalmas\u0131 yoksulla\u015fmay\u0131 beraberinde getiriyor. Bununla da bu \u00fclkenin ve hepimizin m\u00fccadele etmesi, y\u00fczle\u015fmemiz laz\u0131m. 2019\u2019un ilk 10 ay\u0131nda 100 milyar TL b\u00fct\u00e7e a\u00e7\u0131\u011f\u0131 var. Bu, y\u0131lsonuna kadar 125 milyar TL olacak. Bu sizi yan\u0131ltmas\u0131n. Bu asl\u0131nda 170 milyar TL. T\u00fcrkiye Cumhuriyeti tarihinde ilk defa bir \u015fey oldu. Merkez Bankas\u0131 rezervleri bu \u00fclkenin kefen paras\u0131d\u0131r. 45 milyar TL\u2019yi al\u0131p hazineye d\u00f6kt\u00fcn m\u00fc? Bu da 170 milyar yapar. Bu ortamda B\u00fcy\u00fck\u015fehir\u2019in b\u00fct\u00e7esinin yapt\u0131k ve onu konu\u015fuyoruz\u201d diye konu\u015ftu.<\/p>\n<p>\u201cB\u00fct\u00e7emiz y\u00fczde 32.6\u2018l\u0131k art\u0131\u015f g\u00f6stermi\u015f\u201d<\/p>\n<p>\u201cB\u00fcy\u00fcmek, \u0130zmir\u2019i d\u00fcnya kenti yapmak istiyoruz\u201d diyen \u00d6zuslu, s\u00f6zlerini \u015f\u00f6yle s\u00fcrd\u00fcrd\u00fc: \u201cBu yat\u0131r\u0131ms\u0131z olmaz. Ona g\u00f6re bir b\u00fct\u00e7e ortaya koyuyoruz. Ge\u00e7en seneye g\u00f6re b\u00fct\u00e7emiz y\u00fczde 32.6\u2018l\u0131k art\u0131\u015f g\u00f6stermi\u015f. Vergi toplamadaki ba\u015far\u0131s\u0131zl\u0131\u011f\u0131m\u0131z s\u0131k\u0131nt\u0131ya neden olan bir konu. D\u00f6viz kurlar\u0131, elektrik, in\u015faat hammaddeleri girdileri d\u00fc\u015f\u00fcn\u00fclerek b\u00fct\u00e7e art\u0131\u015f\u0131n\u0131n, neden a\u00e7\u0131klanan enflasyonun \u00fczerinde oldu\u011funu a\u00e7\u0131klamaya yeter. B\u00fct\u00e7enin y\u00fczde 47\u2019si sermaye yat\u0131r\u0131mlar\u0131na ayr\u0131ld\u0131. Rayl\u0131 sistem ba\u015fta olmak \u00fczere \u00f6nemli projelerde kredi kullan\u0131m\u0131 \u00f6ng\u00f6r\u00fclm\u00fc\u015f ve yol al\u0131nm\u0131\u015ft\u0131r anlam\u0131na gelmektedir. Rayl\u0131 sisteme B\u00fcy\u00fck\u015fehir olarak \u00f6nem veriyor ve yat\u0131r\u0131m yap\u0131yoruz. Denizi y\u00fczde 3 kullan\u0131yoruz. Daha fazla kullanmal\u0131y\u0131z. Yeni gemiler al\u0131yoruz, otoparklar yap\u0131yoruz, yapmaya devam edece\u011fiz. S\u00fct Kuzu projemizi \u0130stanbul da uygulamaya ba\u015flad\u0131. \u00d6n\u00fcm\u00fczdeki y\u0131l 76 milyon TL b\u00fct\u00e7e ile 160 bin \u00e7ocu\u011fa 15.3 milyon litre s\u00fct yani \u00e7ocuk ba\u015f\u0131na 96 litre s\u00fct verece\u011fiz.\u201d<\/p>\n<p>\u201cA\u015fkla \u2018evet\u2019 diyoruz\u201d<\/p>\n<p>\u00c7evre dostu anla\u015f\u0131\u015f\u0131 ortaya koyduklar\u0131n\u0131 kaydeden \u00d6zsulu, \u015f\u00f6yle devam etti: \u201cBir ba\u015fkan d\u00fc\u015f\u00fcn\u00fcn ki \u2018ben flamingolar\u0131n belediye ba\u015fkan\u0131y\u0131m\u2019 diyorsa t\u00fcm canl\u0131lara verdi\u011fi de\u011feri ifade eder. Ye\u015fil alan harcamalar\u0131 i\u00e7in 441 milyon TL b\u00fct\u00e7e ay\u0131r\u0131yoruz. Ge\u00e7en g\u00fcn Harmandal\u0131\u2019da bir tesis a\u00e7t\u0131k. \u00c7\u00f6p toplama alan\u0131nda m\u00fcthi\u015f bir orman yap\u0131l\u0131yor. 5 y\u0131l sonra orada ciddi bir zeytin rekoltesi olacak. Alt\u0131ndaki metan gaz\u0131n\u0131 borularla getiriliyorlar. Benzerlerini Bergama ve \u00d6demi\u015f\u2019te yapaca\u011f\u0131z. \u00c7\u00f6pten elektik elde ediyorsunuz, o \u015firketten y\u00fczde 58\u2019sini al\u0131yorsunuz. Yak\u0131n gelecekte y\u0131ll\u0131k 10 milyon dolar getirecek. 2 milyar TL \u00fczerindeki harcaman\u0131n alt yap\u0131ya g\u00f6m\u00fcld\u00fc\u011f\u00fcn\u00fc g\u00f6r\u00fcyoruz ama halk\u0131m\u0131z\u0131n buna ihtiyac\u0131 var. \u0130zmir B\u00fcy\u00fck\u015fehir Belediyesi 2020 y\u0131l\u0131 b\u00fct\u00e7esinde \u00f6zellikle \u0130ZBAN, \u0130ZULA\u015e, \u0130ZDEN\u0130Z \u015firketleri i\u00e7in bir tak\u0131m fonlar ayr\u0131lm\u0131\u015ft\u0131r. Bu da normaldir. B\u00fct\u00e7elerin bunlar\u0131n olmas\u0131ndan daha do\u011fal bir \u015fey olamaz. 7 milyar 950 milyon TL\u2019lik b\u00fct\u00e7enin neredeyse yar\u0131s\u0131 yat\u0131r\u0131ma ayr\u0131lm\u0131\u015f. Bor\u00e7lanaca\u011f\u0131z da, kayna\u011f\u0131 da bulaca\u011f\u0131z, yat\u0131r\u0131m\u0131 da yapaca\u011f\u0131z. Hizmet a\u015fk\u0131yla do\u011fmu\u015f bir ba\u015fkan\u0131m\u0131z var, biz de a\u015fkla \u0130zmir sevdas\u0131na kat\u0131l\u0131yoruz ve CHP Meclis Grubu olarak a\u015fkla performans program\u0131 ve b\u00fct\u00e7eye \u2018evet\u2019 diyoruz.\u201d<\/p>\n<p>\u201cBelediyenin hi\u00e7 mi su\u00e7u yok\u201d<\/p>\n<p>AK Parti Grup Ba\u015fkan Vekili \u00d6zg\u00fcr H\u0131zal da, \u00d6zuslu\u2019nun s\u00f6zlerine cevap vererek s\u00f6zlerine ba\u015flad\u0131. H\u0131zal, \u201cBiz \u0130zmir\u2019i ve \u0130zmir\u2019in b\u00fct\u00e7esini konu\u015faca\u011f\u0131z. E\u011fer anlatacak bir \u015fey bulamazsan\u0131z meseleleri farkl\u0131 noktalara ta\u015f\u0131yabiliyorsunuz. Mustafa a\u011fabey de biraz b\u00fct\u00e7e ve performansta herhalde \u00f6nemli hususlar\u0131 g\u00f6remedi ki meselesi geni\u015f \u015fekilde de\u011ferlendirmek istedi. \u0130\u015fsizlikten, gen\u00e7 i\u015fsizlik oranlar\u0131ndan bahsetti ama \u0130zmir\u2019in gen\u00e7 i\u015fsizlik oran\u0131nda en y\u00fcksek orana sahip olan kent oldu\u011funu s\u00f6ylemedi. \u0130zmir\u2019e yat\u0131r\u0131mc\u0131lar\u0131n gelmedi\u011finden bahsetmedi. Belediyenin hi\u00e7 mi su\u00e7u yok, yerel y\u00f6neticilerin hi\u00e7 mi kabahati yok? Bundan bir-iki y\u0131l \u00f6nce T\u00fcrkiye\u2019de organizasyonu yap\u0131lmas\u0131 istenen futbolla alakal\u0131 Avrupa finalleri vard\u0131. Politik gerek\u00e7elerle Almanya\u2019ya verildi. T\u00fcrkiye olsayd\u0131, illerin aras\u0131nda \u0130zmir yoktu. Bunun sebebi, bu \u015fehri y\u00f6neten zihniyetin bu \u015fehre yat\u0131r\u0131m yapmamas\u0131yd\u0131\u201d ifadelerine yer verdi.<\/p>\n<p>\u201c1,5 milyar b\u00fct\u00e7e a\u00e7\u0131\u011f\u0131 var\u201d<\/p>\n<p>Performans\u0131 ve b\u00fct\u00e7eyi de\u011ferlendirirken sorunlar\u0131n ortaya konulmas\u0131 gerekti\u011fini dile getiren H\u0131zal, \u201cBu sorunlar\u0131 sizler taraf\u0131ndan haz\u0131rlanm\u0131\u015f olan 5 y\u0131ll\u0131k stratejik plan neticesinde g\u00f6rd\u00fck. \u0130zmirliler, bir\u00e7ok sorunun ortadan kald\u0131r\u0131lmas\u0131n\u0131 bekliyor. Tun\u00e7 Soyer\u2019in b\u00fct\u00e7esiyle 2020\u2019ye girece\u011fiz. Gelir 6 milyar 374 milyon, gider de 7 milyar 950 milyon. 1,5 milyar b\u00fct\u00e7e a\u00e7\u0131\u011f\u0131 var. B\u00fcy\u00fck\u015fehir\u2019in 4.4. milyar borcu oldu\u011funu, \u00fcst\u00fcne 1,5 milyar daha borcu olaca\u011f\u0131n\u0131 d\u00fc\u015f\u00fcn\u00fcnce sadece B\u00fcy\u00fck\u015fehir\u2019in 6 milyar borcu olur. Bu y\u0131l ki b\u00fct\u00e7e g\u00f6r\u00fc\u015fmelerinde EHOT, \u0130ZSU ve B\u00fcy\u00fck\u015fehir\u2019in 2020\u2019de ek olarak ortaya konulacak bor\u00e7 miktar\u0131 3 milyar. Bug\u00fcne kadar 2016-2019 b\u00fct\u00e7e a\u00e7\u0131\u011f\u0131 ortalama 750 milyon civar\u0131ndayd\u0131. Bug\u00fcn 1,5 milyar b\u00fct\u00e7e a\u00e7\u0131\u011f\u0131 ile 2020\u2019ye ba\u015flayacaksak herhalde baz\u0131 yap\u0131sal sorunlar\u0131n ortadan kald\u0131r\u0131lmas\u0131 i\u00e7in faaliyete girilecek diye heyecanland\u0131m. \u2018K\u0131smen de olsa trafik, otopark, altyap\u0131, kentsel d\u00f6n\u00fc\u015f\u00fcm sorununu \u00e7\u00f6zecek\u2019 dedim ama derinlemesine bakt\u0131\u011f\u0131mda 2020 performans program\u0131 ile 2019 performans program\u0131 aras\u0131nda ciddi hi\u00e7bir fark olmad\u0131\u011f\u0131n\u0131 g\u00f6rd\u00fck ve karamsarl\u0131\u011fa kap\u0131ld\u0131k. 2019\u2019da ne varsa 2020\u2019de de ayn\u0131 \u015feyle var\u201d dedi.<\/p>\n<p>\u201c\u0130zmir\u2019de hala \u00e7\u00f6p sorunu devam ediyor\u201d<\/p>\n<p>B\u00fct\u00e7eye ele\u015ftirilerini s\u00fcrd\u00fcren H\u0131zal, \u201cB\u00fct\u00e7ede kad\u0131nlarla ilgili konularda k\u00fc\u00e7\u00fck b\u00fct\u00e7eler ayr\u0131lm\u0131\u015f ama toplumsal cinsiyet konusuna 3 milyon 436 bin TL ayr\u0131lm\u0131\u015f. Bunun ayr\u0131m\u0131n\u0131 tam anlayamad\u0131m. G\u00fczel i\u015fleri elbette tebrik ederiz ama \u0130zmir\u2019de hala \u00e7\u00f6p sorunu devam ediyor. Kiraz, Tire ve Bergama\u2019da \u00e7\u00f6p sorunu devam ediyor\u201d derken, &#8220;Sat\u0131\u015flar konusunda Seferihisar\u2019daki anlay\u0131\u015f\u0131n devam etmemesini diliyorum\u201d diye konu\u015ftu.<\/p>\n<p>\u201cSeyyar makamla ka\u00e7 mahalleye gidildi?\u201d<\/p>\n<p>Ba\u015fkan Soyer\u2019in se\u00e7im vaatleri aras\u0131nda yer alan baz\u0131 konular hakk\u0131nda da konu\u015fan H\u0131zal, \u015f\u00f6yle konu\u015ftu: \u201cSeyyar makamla \u2018mahallelere gidip sorunlar\u0131 dinleyece\u011fiz\u2019 dediniz. \u015euana kadar ka\u00e7 mahalleye gidildi bilmiyorum. 2020 y\u0131l\u0131 seyyar makam ile gidilecek olan il\u00e7e say\u0131s\u0131 12. \u0130zmir\u2019de 30 il\u00e7e var. Bir belediye ba\u015fkan\u0131 vaatleri aras\u0131nda da bulunan bir hususta bir y\u0131l boyunca sadece 12 il\u00e7eye gidiyorsa durum vahim demektir. Umar\u0131m s\u00fcrecin sonunda bu gidilen il\u00e7e say\u0131s\u0131 ve mahalle say\u0131s\u0131 ba\u015fkan\u0131n yurt d\u0131\u015f\u0131ndaki \u00fclke ve mahalle say\u0131s\u0131ndan \u00e7ok daha fazla olur.\u201d<\/p>\n<p>\u00c7ocuk \u00f6rne\u011fine tepki<\/p>\n<p>Soyer\u2019in \u00e7ok ciddi vaatlerle g\u00f6reve geldi\u011fini dile getiren H\u0131zal, \u201c\u00d6zellikle ilk g\u00fcnlerde s\u00fcrekli bir projeden bahsetti. Bir g\u00fcn bisiklete bindi, bir g\u00fcn seyyar makam ortaya at\u0131ld\u0131, bir g\u00fcn \u00fcretici pazarlar\u0131ndan bahsedildi ama asl\u0131nda ba\u015fkan bunlardan \u00e7ok \u00e7abuk s\u0131k\u0131ld\u0131. Kullanaca\u011f\u0131m tabiri mazur g\u00f6r\u00fcn. Hani \u00e7ocuklar oyuncaklardan \u00e7ok \u00e7abuk s\u0131k\u0131l\u0131rlar\u201d dedi. Bu s\u0131rada CHP grubu tepki g\u00f6sterince H\u0131zal, \u201cBen bu ifadeyi kullan\u0131rken k\u00f6t\u00fc anlamda, ba\u015fkan\u0131 \u00e7ocukla\u015ft\u0131rma anlam\u0131nda da s\u00f6ylemedim. Ba\u015fkan belediye ba\u015fkanl\u0131\u011f\u0131n\u0131n ilk g\u00fcn\u00fcnde \u2018bu \u015fehri bisikletle bar\u0131\u015f\u0131k kent yapaca\u011f\u0131m\u2019 dedi. \u015euan bu bisikletler merdivenin alt\u0131nda. 2020 y\u0131l\u0131 b\u00fct\u00e7e tasar\u0131s\u0131 ve 2020 y\u0131l\u0131 performans tasla\u011f\u0131 program\u0131n\u0131n \u0130zmir\u2019in ve \u0130zmirlinin beklentilerini kar\u015f\u0131lar y\u00f6nde olmad\u0131\u011f\u0131n\u0131 d\u00fc\u015f\u00fcn\u00fcyoruz ve AK Parti grubu olarak her iki konuda da olumsuz y\u00f6nde olumsuz y\u00f6nde oy kullanaca\u011f\u0131z\u201d cevab\u0131n\u0131 verdi.<\/p>\n<p>\u015eato cevab\u0131: \u201cYahu 3 oda 1 salon\u201d<\/p>\n<p>AK Parti\u2019li meclis \u00fcyesi H\u00fcsn\u00fc Boztepe, ele\u015ftirilerini s\u0131ralarken, Soyer i\u00e7in \u201cBelediye ba\u015fkan\u0131 olur olmaz \u015fatoya ta\u015f\u0131nd\u0131\u201d dedi. Soyer bunun \u00fczerine, \u201cAd\u0131 d\u0131\u015f\u0131nda nesi \u015fato?\u201d diye sordu. Boztepe, \u201c6 bin metrekare\u201d cevab\u0131n\u0131 verince Soyer de, \u201cYahu 3 oda 1 salon\u201d yan\u0131t\u0131n\u0131 verdi. Ele\u015ftirilerini s\u00fcrd\u00fcren Boztepe, \u201cBir\u00e7ok kez yurt d\u0131\u015f\u0131na \u00e7\u0131kt\u0131n\u0131z ama bir kez bile her g\u00fcn \u00f6n\u00fcnden ge\u00e7ti\u011finiz bizim grup odam\u0131z\u0131 ziyaret etme gere\u011fi bile duymad\u0131n\u0131z. Sadece Asya, Afrika, Avrupa de\u011fil, hemen dibinizdeki kent dinamikleriyle de bir araya gelebilirdiniz\u201d dedi.<\/p>\n<p>\u201cProvokatif eylemden dolay\u0131 \u00e7ok \u00fczg\u00fcn\u00fcm\u201d<\/p>\n<p>Mecliste konu\u015fan Gaziemir Belediye Ba\u015fkan\u0131 Halil Arda da, il\u00e7esinde Alevi vatanda\u015flar\u0131n ya\u015fad\u0131\u011f\u0131 mahallede duvarlara \u00e7arp\u0131 i\u015fareti konup ayr\u0131mc\u0131 s\u00f6ylemlerin duvara yaz\u0131lmas\u0131 \u00fczerine konu\u015ftu. Arda, \u201c\u0130l\u00e7emde Alevi yurtta\u015flara y\u00f6nelik provokatif eylemden dolay\u0131 \u00e7ok \u00fczg\u00fcn\u00fcm, il\u00e7emin bu konuda g\u00fcndeme gelmesini yad\u0131rgad\u0131m. Bu konuyla belediyeyi, ili\u015fkilendirmenin do\u011fru olmad\u0131\u011f\u0131n\u0131 \u015fiddetle k\u0131nad\u0131\u011f\u0131m\u0131z\u0131 belirtmek istiyorum. Ger\u00e7ekten yoksun, kan\u0131t\u0131 olmayan, rencide edici su\u00e7lamay\u0131 kabul etmemiz m\u00fcmk\u00fcn de\u011fil. Belediye meclisi \u00fcyesi Alevi arkada\u015flar\u0131m\u0131z, belediyede \u00e7al\u0131\u015fan Alevi mesai arkada\u015flar\u0131m\u0131z, il\u00e7emizde ya\u015fayan Alevi vatanda\u015flar\u0131m\u0131zla huzur i\u00e7inde ya\u015famaktay\u0131z. Kimseye, bu huzuru bozmas\u0131 konusunda f\u0131rsat tan\u0131mayaca\u011f\u0131z\u201d ifadelerini kulland\u0131.<\/p>\n<p>\u201cRanta ve \u015faibeye prim vermeyen bir belediyeyiz\u201d<\/p>\n<p>T\u00fcm konu\u015fmalar\u0131n ard\u0131ndan konu\u015fan Ba\u015fkan Soyer, \u201cSon derece demokratik olgunluk ta\u015f\u0131yan bir 6 saat ge\u00e7irdik. Ger\u00e7ekten son derece de\u011ferli tespitler, ele\u015ftiriler, katk\u0131lar yap\u0131ld\u0131. Bunlar\u0131n hepsinden \u00e7ok yararlanaca\u011f\u0131z. \u015eu \u00e7ok a\u015fikar ki \u0130zmir B\u00fcy\u00fck\u015fehir Belediyesi, ranta ve \u015faibeye prim vermeyen bir belediye. Ge\u00e7mi\u015ften beri bu b\u00f6yle olmu\u015f. Bug\u00fcn de bunlara dair bir \u015fey konu\u015fulmad\u0131. Bu hepimiz i\u00e7in gurur verici\u201d dedi.<\/p>\n<p>\u201c\u00c7izdi\u011finiz profildeki insan ben de\u011filim\u201d<\/p>\n<p>Baz\u0131 s\u00f6z alan meclis \u00fcyelerinin ele\u015ftirileri \u00fczerine toplu cevap veren Ba\u015fkan Soyer, \u015f\u00f6yle konu\u015ftu: \u201cK\u00fc\u00e7\u00fck bir serzeni\u015fi payla\u015fmak isterim. Benimle ilgili baz\u0131 serzeni\u015f ve kinayeler vard\u0131. Benim iki k\u0131z\u0131m var, ben de bir aile babas\u0131y\u0131m. M\u00fctevaz\u0131 bir aile hayat\u0131m\u0131z var. \u015eatoya ta\u015f\u0131nma konusunu diyorsunuz. B\u00f6yle bir \u015fey yok. Orada dijital k\u00fct\u00fcphane de kuruldu ve ger\u00e7ekten 3+1 salon. Biz oray\u0131 lojman gibi kullan\u0131yoruz. L\u00fcks d\u00fc\u015fk\u00fcn\u00fc ba\u015fkan gibi g\u00f6sterilmesi ho\u015f de\u011fil. \u00c7ocuk gibi hevesler konusu konu\u015fuldu. Ben her sabah i\u015fe bisikletle gidiyorum. Bu ay i\u00e7inde bisikletle belediyeye gitmedi\u011fim g\u00fcn say\u0131s\u0131 3-4  kezdir. M\u00fcmk\u00fcn olan her yere bisikletle gidiyorum. \u00c7ocuklu\u011fu hakaret kabul etmiyorum ama arkas\u0131ndaki ima do\u011fru de\u011fil. Z\u0131rt p\u0131rt yurt d\u0131\u015f\u0131na \u00e7\u0131kan ba\u015fkan alg\u0131s\u0131, s\u00fcrekli ima ediliyor. Biz \u0130zmir\u2019i d\u00fcnya kenti yapmak istiyoruz. Oturdu\u011funuz yerden bunu yapamazs\u0131n\u0131z. \u00c7\u0131kmak, gitmek, anlatmak zorundas\u0131n\u0131z. Yapmad\u0131\u011f\u0131mda sizlerin bana \u2018git\u2019 demeniz laz\u0131m. Gidip anlatmazsan kent patinaj yapmaya devam eder ve bu muazzam potansiyeli d\u00fcnyaya anlatamay\u0131z. Bir gece kal\u0131p hald\u0131r hald\u0131r d\u00f6nmeye, u\u00e7akta beklemeye bay\u0131lm\u0131yorum ama bu g\u00f6rev. Bu kent nas\u0131l bir kent oldu\u011funu yeterince iyi anlatamam\u0131\u015f. Ben elinde ne varsa satma al\u0131\u015fkanl\u0131\u011f\u0131 olan bir ba\u015fkan da de\u011filim. B\u00f6yle profilde bir ba\u015fkanla \u00e7al\u0131\u015f\u0131lmaz ama \u00e7izdi\u011finiz profildeki insan ben de\u011filim.\u201d<\/p>\n<p>\u201cBiz el ele veririz EXPO\u2019yu da al\u0131r\u0131z, getiririz\u201d<\/p>\n<p>\u0130zmir\u2019in EXPO\u2019ya talip oldu\u011funu belirten Ba\u015fkan Soyer, \u201c2025\u2019e de 2030 EXPO\u2019suna da talibiz. Biz beraber \u00fcstlenmek zorunday\u0131z. Biz el ele veririz; EXPO\u2019yu da al\u0131r\u0131z, getiririz ve bu \u015fehir d\u00fcnya \u015fehri olur. Bu \u015fehri de hep beraber u\u00e7ururuz. \u00c7izdi\u011finiz veya ima edilen profildeki ba\u015fkan\u0131n\u0131z b\u00f6yle bir adam de\u011fil bundan emin olabilirsiniz. Canla ba\u015fla \u00e7al\u0131\u015fmak i\u00e7in tutu\u015fan, kente a\u015fkla ba\u011flanan, tek tek her birinize inanan, de\u011fer veren bir ba\u015fkan\u0131n\u0131z var. Hayat\u0131m boyunca yapt\u0131\u011f\u0131m en iyi \u015fey empati olmu\u015ftur. \u0130yi siyaset\u00e7i iyi empati yapabilendir. \u0130zmir B\u00fcy\u00fck\u015fehir Belediyesi b\u00fct\u00e7esi \u00e7ok daha iyi de olabilir, daha fazla kaynak da sa\u011flayabiliriz ama bunu ele ele verirsek yapabiliriz. Ele ele beraber \u0130zmir\u2019i b\u00fcy\u00fctece\u011fimize inan\u0131yorum\u201d diye konu\u015ftu.<\/p>\n","protected":false},"excerpt":{"rendered":"<p>\u0130ZM\u0130R B\u00dcY\u00dcK\u015eEH\u0130R BELED\u0130YE MECL\u0130S\u0130NDE, B\u00dcY\u00dcK\u015eEH\u0130R\u2019\u0130N 2020 MAL\u0130 YILI PERFORMANS PROGRAMI VE 2020 MAL\u0130 YILI B\u00dcT\u00c7ES\u0130 OYLANDI.<\/p>\n","protected":false},"author":1,"featured_media":234358,"comment_status":"closed","ping_status":"open","sticky":false,"template":"","format":"standard","meta":{"jetpack_post_was_ever_published":false,"_jetpack_newsletter_access":"","_jetpack_dont_email_post_to_subs":false,"_jetpack_newsletter_tier_id":0,"_jetpack_memberships_contains_paywalled_content":false,"_jetpack_memberships_contains_paid_content":false,"footnotes":"","jetpack_publicize_message":"","jetpack_publicize_feature_enabled":true,"jetpack_social_post_already_shared":true,"jetpack_social_options":{"image_generator_settings":{"template":"highway","default_image_id":0,"font":"","enabled":false},"version":2}},"categories":[1],"tags":[16505,13190,5150,2702,2981,468],"class_list":["post-234357","post","type-post","status-publish","format-standard","has-post-thumbnail","hentry","category-genel","tag-16505","tag-butce","tag-buyuksehire","tag-izmir","tag-milyar","tag-milyon"],"jetpack_publicize_connections":[],"jetpack_featured_media_url":"https:\/\/i0.wp.com\/www.tvturk.com\/wp-content\/uploads\/2019\/11\/izmir-buyuksehire-7-milyar-950-milyon-tl-butce_fcd754a.jpg?fit=1000%2C661","jetpack_sharing_enabled":true,"jetpack_shortlink":"https:\/\/wp.me\/paKIfm-YXX","_links":{"self":[{"href":"http:\/\/www.tvturk.com\/index.php\/wp-json\/wp\/v2\/posts\/234357","targetHints":{"allow":["GET"]}}],"collection":[{"href":"http:\/\/www.tvturk.com\/index.php\/wp-json\/wp\/v2\/posts"}],"about":[{"href":"http:\/\/www.tvturk.com\/index.php\/wp-json\/wp\/v2\/types\/post"}],"author":[{"embeddable":true,"href":"http:\/\/www.tvturk.com\/index.php\/wp-json\/wp\/v2\/users\/1"}],"replies":[{"embeddable":true,"href":"http:\/\/www.tvturk.com\/index.php\/wp-json\/wp\/v2\/comments?post=234357"}],"version-history":[{"count":0,"href":"http:\/\/www.tvturk.com\/index.php\/wp-json\/wp\/v2\/posts\/234357\/revisions"}],"wp:featuredmedia":[{"embeddable":true,"href":"http:\/\/www.tvturk.com\/index.php\/wp-json\/wp\/v2\/media\/234358"}],"wp:attachment":[{"href":"http:\/\/www.tvturk.com\/index.php\/wp-json\/wp\/v2\/media?parent=234357"}],"wp:term":[{"taxonomy":"category","embeddable":true,"href":"http:\/\/www.tvturk.com\/index.php\/wp-json\/wp\/v2\/categories?post=234357"},{"taxonomy":"post_tag","embeddable":true,"href":"http:\/\/www.tvturk.com\/index.php\/wp-json\/wp\/v2\/tags?post=234357"}],"curies":[{"name":"wp","href":"https:\/\/api.w.org\/{rel}","templated":true}]}}