{"id":234434,"date":"2019-11-29T10:16:31","date_gmt":"2019-11-29T07:16:31","guid":{"rendered":"http:\/\/www.tvturk.com\/index.php\/malideki-helikopter-kazasinin-sorumlusu-boko-haram-cikti\/"},"modified":"2019-11-29T10:16:31","modified_gmt":"2019-11-29T07:16:31","slug":"malideki-helikopter-kazasinin-sorumlusu-boko-haram-cikti","status":"publish","type":"post","link":"http:\/\/www.tvturk.com\/index.php\/malideki-helikopter-kazasinin-sorumlusu-boko-haram-cikti\/","title":{"rendered":"Mali\u2019deki helikopter kazas\u0131n\u0131n sorumlusu Boko Haram \u00e7\u0131kt\u0131"},"content":{"rendered":"<p>Mali\u2019de 2 helikopterin \u00e7arp\u0131\u015fmas\u0131 sonucu 13 Frans\u0131z askerin \u00f6ld\u00fc\u011f\u00fc kazadan Boko Haram\u2019\u0131n sorumlu oldu\u011fu a\u00e7\u0131kland\u0131.<\/p>\n<p>D\u00fcnya \u00fczerindeki ter\u00f6rist gruplar\u0131 izleyen istihbarat grubu SITE, internet sitesinden yapt\u0131\u011f\u0131 a\u00e7\u0131klamada Mali\u2019de 2 helikopterin \u00e7arp\u0131\u015fmas\u0131 sonucu 13 Frans\u0131z askerin \u00f6ld\u00fc\u011f\u00fc kazadan Boko Haram isimli ter\u00f6r grubunun sorumlu oldu\u011funu a\u00e7\u0131klad\u0131. Frans\u0131z askerlerini ta\u015f\u0131yan helikopter 25 Kas\u0131m gece saatlerinde Mali, Nijer ve Burkina Faso s\u0131n\u0131r b\u00f6lgesinde d\u00fc\u015fm\u00fc\u015f, 13 Frans\u0131z askeri hayat\u0131n\u0131 kaybetmi\u015fti.<\/p>\n<p>Fransa Cumhurba\u015fkan\u0131 Emmanuel Macron da Mali\u2019de ger\u00e7ekle\u015ftirilen ter\u00f6r operasyonu kapsam\u0131nda 2 helikopterin \u00e7arp\u0131\u015fmas\u0131 sonucu 13 Frans\u0131z askerin hayat\u0131n\u0131 kaybetti\u011fi a\u00e7\u0131klayarak derin \u00fcz\u00fcnt\u00fc duydu\u011funu belirtmi\u015fti.<\/p>\n<p>\u00d6te yandan Fransa, A\u011fustos 2014\u2019ten bu yana b\u00f6lgeyi istikrara kavu\u015fturmak ve ter\u00f6rle m\u00fccadele etmek amac\u0131yla Afrika Sahel b\u00f6lgesinde \u2019Barkhane\u2019 operasyonunu ger\u00e7ekle\u015ftiriyor. Operasyon \u00e7er\u00e7evesinde Burkina Faso, Mali, Moritanya, Nijer ve \u00c7ad ile i\u015fbirli\u011fi yap\u0131l\u0131yor. Fransa Savunma Bakanl\u0131\u011f\u0131n\u0131n verilerine g\u00f6re, operasyonda yakla\u015f\u0131k 4 bin 500 asker yer al\u0131yor.<\/p>\n","protected":false},"excerpt":{"rendered":"<p>MAL\u0130&#8217;DEK\u0130 13 FRANSIZ ASKER\u0130N\u0130N \u00d6LD\u00dc\u011e\u00dc KAZADAN BOKO HARAM SORUMLU TUTULDU<\/p>\n","protected":false},"author":1,"featured_media":234435,"comment_status":"closed","ping_status":"open","sticky":false,"template":"","format":"standard","meta":{"jetpack_post_was_ever_published":false,"_jetpack_newsletter_access":"","_jetpack_dont_email_post_to_subs":false,"_jetpack_newsletter_tier_id":0,"_jetpack_memberships_contains_paywalled_content":false,"_jetpack_memberships_contains_paid_content":false,"footnotes":"","jetpack_publicize_message":"","jetpack_publicize_feature_enabled":true,"jetpack_social_post_already_shared":true,"jetpack_social_options":{"image_generator_settings":{"template":"highway","default_image_id":0,"font":"","enabled":false},"version":2}},"categories":[10],"tags":[58937,1202,58938,9166,38330,58936,3930],"class_list":["post-234434","post","type-post","status-publish","format-standard","has-post-thumbnail","hentry","category-dunya","tag-boko","tag-cikti","tag-haram","tag-helikopter","tag-kazasinin","tag-malideki","tag-sorumlusu"],"jetpack_publicize_connections":[],"jetpack_featured_media_url":"https:\/\/i0.wp.com\/www.tvturk.com\/wp-content\/uploads\/2019\/11\/malideki-helikopter-kazasinin-sorumlusu-boko-haram-cikti_2fb694d.jpg?fit=920%2C613","jetpack_sharing_enabled":true,"jetpack_shortlink":"https:\/\/wp.me\/paKIfm-YZc","_links":{"self":[{"href":"http:\/\/www.tvturk.com\/index.php\/wp-json\/wp\/v2\/posts\/234434","targetHints":{"allow":["GET"]}}],"collection":[{"href":"http:\/\/www.tvturk.com\/index.php\/wp-json\/wp\/v2\/posts"}],"about":[{"href":"http:\/\/www.tvturk.com\/index.php\/wp-json\/wp\/v2\/types\/post"}],"author":[{"embeddable":true,"href":"http:\/\/www.tvturk.com\/index.php\/wp-json\/wp\/v2\/users\/1"}],"replies":[{"embeddable":true,"href":"http:\/\/www.tvturk.com\/index.php\/wp-json\/wp\/v2\/comments?post=234434"}],"version-history":[{"count":0,"href":"http:\/\/www.tvturk.com\/index.php\/wp-json\/wp\/v2\/posts\/234434\/revisions"}],"wp:featuredmedia":[{"embeddable":true,"href":"http:\/\/www.tvturk.com\/index.php\/wp-json\/wp\/v2\/media\/234435"}],"wp:attachment":[{"href":"http:\/\/www.tvturk.com\/index.php\/wp-json\/wp\/v2\/media?parent=234434"}],"wp:term":[{"taxonomy":"category","embeddable":true,"href":"http:\/\/www.tvturk.com\/index.php\/wp-json\/wp\/v2\/categories?post=234434"},{"taxonomy":"post_tag","embeddable":true,"href":"http:\/\/www.tvturk.com\/index.php\/wp-json\/wp\/v2\/tags?post=234434"}],"curies":[{"name":"wp","href":"https:\/\/api.w.org\/{rel}","templated":true}]}}