{"id":234440,"date":"2019-11-29T10:17:04","date_gmt":"2019-11-29T07:17:04","guid":{"rendered":"http:\/\/www.tvturk.com\/index.php\/irakin-kuzeyinde-2-pkkli-etkisiz-hale-getirildi\/"},"modified":"2019-11-29T10:17:04","modified_gmt":"2019-11-29T07:17:04","slug":"irakin-kuzeyinde-2-pkkli-etkisiz-hale-getirildi","status":"publish","type":"post","link":"http:\/\/www.tvturk.com\/index.php\/irakin-kuzeyinde-2-pkkli-etkisiz-hale-getirildi\/","title":{"rendered":"Irak\u2019\u0131n kuzeyinde 2 PKK\u2019l\u0131 etkisiz hale getirildi"},"content":{"rendered":"<p>Milli Savunma Bakanl\u0131\u011f\u0131, Irak kuzeyi Zap b\u00f6lgesinde eylem haz\u0131rl\u0131\u011f\u0131nda oldu\u011fu tespit edilen 2 PKK\u2019l\u0131 ter\u00f6rist hava destekli operasyonla etkisiz hale getirildi\u011fini a\u00e7\u0131klad\u0131.<\/p>\n<p>Bakanl\u0131ktan yap\u0131lan a\u00e7\u0131klamada \u015fu ifadelere yer verildi:<\/p>\n<p>\u201cKahraman Mehmet\u00e7iklerimiz ter\u00f6ristle m\u00fccadeleye azim ve kararl\u0131l\u0131kla devam ediyor. Irak kuzeyi Zap b\u00f6lgesinde eylem haz\u0131rl\u0131\u011f\u0131nda oldu\u011fu tespit edilen 2 PKK\u2019l\u0131 ter\u00f6rist hava destekli operasyonla etkisiz hale getirildi.\u201d<\/p>\n","protected":false},"excerpt":{"rendered":"<p>M\u0130LL\u0130 SAVUNMA BAKANLI\u011eI, IRAK KUZEY\u0130 ZAP B\u00d6LGES\u0130NDE EYLEM HAZIRLI\u011eINDA OLDU\u011eU TESP\u0130T ED\u0130LEN 2 PKK\u2019LI TER\u00d6R\u0130ST HAVA DESTEKL\u0130 OPERASYONLA ETK\u0130S\u0130Z HALE GET\u0130R\u0130LD\u0130\u011e\u0130N\u0130 A\u00c7IKLADI.<\/p>\n","protected":false},"author":1,"featured_media":234441,"comment_status":"closed","ping_status":"open","sticky":false,"template":"","format":"standard","meta":{"jetpack_post_was_ever_published":false,"_jetpack_newsletter_access":"","_jetpack_dont_email_post_to_subs":false,"_jetpack_newsletter_tier_id":0,"_jetpack_memberships_contains_paywalled_content":false,"_jetpack_memberships_contains_paid_content":false,"footnotes":"","jetpack_publicize_message":"","jetpack_publicize_feature_enabled":true,"jetpack_social_post_already_shared":true,"jetpack_social_options":{"image_generator_settings":{"template":"highway","default_image_id":0,"font":"","enabled":false},"version":2}},"categories":[1],"tags":[4674,9576,1355,7859,7478,5992],"class_list":["post-234440","post","type-post","status-publish","format-standard","has-post-thumbnail","hentry","category-genel","tag-etkisiz","tag-getirildi","tag-hale","tag-irakin","tag-kuzeyinde","tag-pkkli"],"jetpack_publicize_connections":[],"jetpack_featured_media_url":"https:\/\/i0.wp.com\/www.tvturk.com\/wp-content\/uploads\/2019\/11\/irakin-kuzeyinde-2-pkkli-etkisiz-hale-getirildi_8e9ae2d.jpg?fit=1000%2C664","jetpack_sharing_enabled":true,"jetpack_shortlink":"https:\/\/wp.me\/paKIfm-YZi","_links":{"self":[{"href":"http:\/\/www.tvturk.com\/index.php\/wp-json\/wp\/v2\/posts\/234440","targetHints":{"allow":["GET"]}}],"collection":[{"href":"http:\/\/www.tvturk.com\/index.php\/wp-json\/wp\/v2\/posts"}],"about":[{"href":"http:\/\/www.tvturk.com\/index.php\/wp-json\/wp\/v2\/types\/post"}],"author":[{"embeddable":true,"href":"http:\/\/www.tvturk.com\/index.php\/wp-json\/wp\/v2\/users\/1"}],"replies":[{"embeddable":true,"href":"http:\/\/www.tvturk.com\/index.php\/wp-json\/wp\/v2\/comments?post=234440"}],"version-history":[{"count":0,"href":"http:\/\/www.tvturk.com\/index.php\/wp-json\/wp\/v2\/posts\/234440\/revisions"}],"wp:featuredmedia":[{"embeddable":true,"href":"http:\/\/www.tvturk.com\/index.php\/wp-json\/wp\/v2\/media\/234441"}],"wp:attachment":[{"href":"http:\/\/www.tvturk.com\/index.php\/wp-json\/wp\/v2\/media?parent=234440"}],"wp:term":[{"taxonomy":"category","embeddable":true,"href":"http:\/\/www.tvturk.com\/index.php\/wp-json\/wp\/v2\/categories?post=234440"},{"taxonomy":"post_tag","embeddable":true,"href":"http:\/\/www.tvturk.com\/index.php\/wp-json\/wp\/v2\/tags?post=234440"}],"curies":[{"name":"wp","href":"https:\/\/api.w.org\/{rel}","templated":true}]}}