{"id":234466,"date":"2019-11-29T10:32:08","date_gmt":"2019-11-29T07:32:08","guid":{"rendered":"http:\/\/www.tvturk.com\/index.php\/zeytin-hasadinda-sona-gelindi\/"},"modified":"2019-11-29T10:32:08","modified_gmt":"2019-11-29T07:32:08","slug":"zeytin-hasadinda-sona-gelindi","status":"publish","type":"post","link":"http:\/\/www.tvturk.com\/index.php\/zeytin-hasadinda-sona-gelindi\/","title":{"rendered":"Zeytin hasad\u0131nda sona gelindi"},"content":{"rendered":"<p>Kilis\u2019te zeytinde hasad\u0131n\u0131n sonuna gelirken, \u00fcreticiler zeytinya\u011f\u0131n\u0131n para etmemesinden \u015fikayet ediyor.<\/p>\n<p>T\u00fcrkiye\u2019nin ve G\u00fcneydo\u011fu\u2019nun \u00f6nemli zeytin \u00fcretim merkezleri aras\u0131nda g\u00f6sterilen Kilis\u2019te, hasad\u0131n sonuna gelinmesi nedeniyle tarlada yo\u011funluk ya\u015fan\u0131yor.   Zeytin yorucu ve zahmetli bir \u00e7al\u0131\u015fmayla dal\u0131ndan toplanarak, \u00e7e\u015fitli i\u015flemlerin ard\u0131ndan ya\u011fa d\u00f6n\u00fc\u015ft\u00fcr\u00fcl\u00fcyor. Zeytin taneleri zeytin hasad\u0131 makinesi ile dal\u0131ndan d\u00fc\u015f\u00fcr\u00fcld\u00fckten sonra zeytinler \u00e7uvallara doldurulup trakt\u00f6rlerle zeytinya\u011f\u0131 \u00fcretimi yap\u0131lan tesislere g\u00f6t\u00fcr\u00fcyor. Bir\u00e7ok a\u015famadan sonra adeta alt\u0131n rengine d\u00f6n\u00fc\u015fen zeytinya\u011f\u0131, makineden tenekelere konularak sat\u0131\u015fa haz\u0131r hale getiriliyor. Me\u015fakkatli bir \u00e7al\u0131\u015fman\u0131n ard\u0131ndan tenekelere s\u00fcz\u00fclen zeytinya\u011f\u0131 sofralara ula\u015ft\u0131r\u0131l\u0131yor. Zeytinya\u011f\u0131n\u0131n litresi bu y\u0131l 14-18 TL aras\u0131nda de\u011fi\u015fen fiyatlarla al\u0131c\u0131 buluyor.<\/p>\n<p>Zeytin \u00fcreticileri, Bu y\u0131l zeytinya\u011f\u0131n\u0131n para etmedi\u011fini ifade ederek, ge\u00e7en y\u0131llara oranla fiyatlarda d\u00fc\u015f\u00fcn ya\u015fand\u0131\u011f\u0131n\u0131 belirttiler.<\/p>\n<p>Zeytinya\u011f\u0131 fabrikas\u0131 sahibi S\u00fcleyman Mercimek ise b\u00f6lgede AB standartlar\u0131nda fabrikalar kuruldu\u011funu ifade ederek, &#8220;Bir ayd\u0131r zeytin hasad\u0131 yap\u0131lmaktad\u0131r. 15 g\u00fcne kadar zeytin hasad\u0131 sona ermesi tahmin ediliyor. Zeytin ya\u011f\u0131nda fiyatlar ge\u00e7en ve \u00f6nceki y\u0131la oranla d\u00fc\u015f\u00fc\u015f ya\u015fan\u0131yor. 2 y\u0131l \u00f6nce 18 TL olan zeytinya\u011f\u0131 bu y\u0131l 14 TL civar\u0131ndad\u0131r. Kilis zeytinya\u011f\u0131 organiktir, her hangi bir ila\u00e7 kullan\u0131lmamaktad\u0131r. \u015euan zeytin ya\u011flar\u0131 1, 1.5 asit oran\u0131ndad\u0131r. \u0130lk hasat yap\u0131ld\u0131\u011f\u0131nda ise 07,08 aras\u0131nda asit oran\u0131 vard\u0131. \u00dcreticilerden zeytinlerini  y\u00fczde 7 oran kar\u015f\u0131l\u0131\u011f\u0131nda ya\u011fa d\u00f6n\u00fc\u015ft\u00fcr\u00fcyoruz&#8221; diye konu\u015ftu.<\/p>\n","protected":false},"excerpt":{"rendered":"<p>K\u0130L\u0130S\u2019TE  ZEYT\u0130NDE HASADININ SONUNA GEL\u0130RKEN, \u00dcRET\u0130C\u0130LER ZEYT\u0130NYA\u011eININ PARA ETMEMES\u0130NDEN \u015e\u0130KAYET\u00c7\u0130.<\/p>\n","protected":false},"author":1,"featured_media":234467,"comment_status":"closed","ping_status":"open","sticky":false,"template":"","format":"standard","meta":{"jetpack_post_was_ever_published":false,"_jetpack_newsletter_access":"","_jetpack_dont_email_post_to_subs":false,"_jetpack_newsletter_tier_id":0,"_jetpack_memberships_contains_paywalled_content":false,"_jetpack_memberships_contains_paid_content":false,"footnotes":"","jetpack_publicize_message":"","jetpack_publicize_feature_enabled":true,"jetpack_social_post_already_shared":true,"jetpack_social_options":{"image_generator_settings":{"template":"highway","default_image_id":0,"font":"","enabled":false},"version":2}},"categories":[19],"tags":[10364,40384,792,6031],"class_list":["post-234466","post","type-post","status-publish","format-standard","has-post-thumbnail","hentry","category-ekonomi","tag-gelindi","tag-hasadinda","tag-sona","tag-zeytin"],"jetpack_publicize_connections":[],"jetpack_featured_media_url":"https:\/\/i0.wp.com\/www.tvturk.com\/wp-content\/uploads\/2019\/11\/zeytin-hasadinda-sona-gelindi_0a3d5b3.jpg?fit=1000%2C563","jetpack_sharing_enabled":true,"jetpack_shortlink":"https:\/\/wp.me\/paKIfm-YZI","_links":{"self":[{"href":"http:\/\/www.tvturk.com\/index.php\/wp-json\/wp\/v2\/posts\/234466","targetHints":{"allow":["GET"]}}],"collection":[{"href":"http:\/\/www.tvturk.com\/index.php\/wp-json\/wp\/v2\/posts"}],"about":[{"href":"http:\/\/www.tvturk.com\/index.php\/wp-json\/wp\/v2\/types\/post"}],"author":[{"embeddable":true,"href":"http:\/\/www.tvturk.com\/index.php\/wp-json\/wp\/v2\/users\/1"}],"replies":[{"embeddable":true,"href":"http:\/\/www.tvturk.com\/index.php\/wp-json\/wp\/v2\/comments?post=234466"}],"version-history":[{"count":0,"href":"http:\/\/www.tvturk.com\/index.php\/wp-json\/wp\/v2\/posts\/234466\/revisions"}],"wp:featuredmedia":[{"embeddable":true,"href":"http:\/\/www.tvturk.com\/index.php\/wp-json\/wp\/v2\/media\/234467"}],"wp:attachment":[{"href":"http:\/\/www.tvturk.com\/index.php\/wp-json\/wp\/v2\/media?parent=234466"}],"wp:term":[{"taxonomy":"category","embeddable":true,"href":"http:\/\/www.tvturk.com\/index.php\/wp-json\/wp\/v2\/categories?post=234466"},{"taxonomy":"post_tag","embeddable":true,"href":"http:\/\/www.tvturk.com\/index.php\/wp-json\/wp\/v2\/tags?post=234466"}],"curies":[{"name":"wp","href":"https:\/\/api.w.org\/{rel}","templated":true}]}}