{"id":234544,"date":"2019-11-29T12:03:23","date_gmt":"2019-11-29T09:03:23","guid":{"rendered":"http:\/\/www.tvturk.com\/index.php\/ozel-uyari-cocuklar-icin-geldi-cekirdek-yerken-dikkat\/"},"modified":"2019-11-29T12:03:23","modified_gmt":"2019-11-29T09:03:23","slug":"ozel-uyari-cocuklar-icin-geldi-cekirdek-yerken-dikkat","status":"publish","type":"post","link":"http:\/\/www.tvturk.com\/index.php\/ozel-uyari-cocuklar-icin-geldi-cekirdek-yerken-dikkat\/","title":{"rendered":"(\u00d6zel) Uyar\u0131 \u00e7ocuklar i\u00e7in geldi: \u2019\u00c7ekirdek yerken dikkat!\u2019"},"content":{"rendered":"<p>Uzmanlar, \u00e7ekirdek ve kabuklu kuru yemi\u015flerin \u00e7ocuklar\u0131n di\u015flerinde \u015fekil bozuklu\u011funa neden oldu\u011funu, di\u015f bo\u015flu\u011fu aras\u0131na s\u0131k\u0131\u015fan g\u0131dalar\u0131n, di\u015f etine zarar vererek u\u00e7 k\u0131s\u0131mlarda di\u015f kopmas\u0131na neden oldu\u011funu s\u00f6yledi.<\/p>\n<p>Manisa A\u011f\u0131z ve Di\u015f Sa\u011fl\u0131\u011f\u0131 Merkezi \u00c7ocuk Di\u015f Hekimi Uzman\u0131 Pedodontist Sel\u00e7uk Sava\u015f, yapt\u0131\u011f\u0131 a\u00e7\u0131klamayla aileleri, \u00e7ocuklarda \u00e7ekirdek ve kabuklu kuru yemi\u015flerin t\u00fcketilmesi noktas\u0131nda uyard\u0131.<\/p>\n<p>Pedodontist Sava\u015f, sa\u011fl\u0131k bak\u0131m\u0131ndan \u00f6nemli mineraller i\u00e7eren fakat \u00e7ocuklar\u0131n di\u015f sa\u011fl\u0131\u011f\u0131na zarar veren \u00e7ekirdek ve kabuklu kuru yemi\u015flerin di\u015flerde \u015fekil bozuklu\u011funa neden oldu\u011funu s\u00f6yledi. Sava\u015f, \u015f\u00f6yle devam etti:<\/p>\n<p>&#8220;\u00c7ekirdek ve kuru yemi\u015f s\u0131n\u0131f\u0131 \u00fcr\u00fcnlere bakt\u0131\u011f\u0131m\u0131z zaman asl\u0131nda hepsi \u00e7ocuklar\u0131m\u0131z\u0131n di\u015f sa\u011fl\u0131\u011f\u0131 a\u00e7\u0131s\u0131ndan faydalar i\u00e7ermektedir. \u0130\u00e7erisindeki kalsiyum, fosfat, vitamin, magnezyum, \u00e7inko demir gibi mineraller i\u00e7ermektedir. Bununla birlikte t\u00fcketim al\u0131\u015fkanl\u0131\u011f\u0131 ve t\u00fcketim s\u0131kl\u0131\u011f\u0131 maalesef baz\u0131 di\u015f problemlerine yol a\u00e7abiliyor. \u00d6zellikle bizim toplumda ailelerin ak\u015fam sohbetlerinde \u00e7ay\u0131n yan\u0131nda s\u00fcrekli t\u00fcketilen \u00e7i\u011fdem, kabak \u00e7ekirde\u011fi ya da kabuklu olarak t\u00fcketilen f\u0131st\u0131k gibi \u00fcr\u00fcnler do\u011fru t\u00fcketilmedi\u011fi ya da \u00e7ok s\u0131kl\u0131kla t\u00fcketildi\u011fi zaman \u00e7ocuklar\u0131n di\u015fine zarar verebilmektedir. \u00d6zellikle k\u00fc\u00e7\u00fck ya\u015flardaki \u00e7ocuklarda daha s\u00fct di\u015flenme d\u00f6neminde di\u015fler aras\u0131nda minik bo\u015fluklar bulunmaktad\u0131r. Bu bo\u015fluklar aras\u0131na s\u0131k\u0131\u015fan g\u0131dalar, \u00e7ekirdek kabuklar\u0131 di\u015f etine zarar vermektedir. Ya da kabuklu kuru yemi\u015fleri k\u0131rmak i\u00e7in kullanm\u0131\u015f olduklar\u0131 kuvvet di\u015flerde abrozyona neden olmakla birlikte u\u00e7 k\u0131sm\u0131nda bir miktarda, di\u015f kopmas\u0131na neden olabilmektedir. Bunun tabi \u00e7ok az kullan\u0131mlarda olmas\u0131 m\u00fcmk\u00fcn de\u011fil. Bilin\u00e7sizce \u00e7ok s\u0131k t\u00fcketim yapan \u00e7ocuklarda bu durum daha zararl\u0131 olmaktad\u0131r.\u201d<\/p>\n<p>\u00c7ocuklar\u0131n 9 ya\u015f\u0131na kadar \u00e7ekirdek ve kabuklu kuru yemi\u015fleri ebeveynleri kontrol\u00fcnde t\u00fcketmesi gerekti\u011fine dikkat \u00e7eken Sava\u015f, \u201cBurada en \u00f6nemli fakt\u00f6r t\u00fcketim s\u0131kl\u0131\u011f\u0131. S\u00fct di\u015flerinin de\u011fi\u015fim s\u0131kl\u0131\u011f\u0131 5 veya 7 ya\u015f aral\u0131\u011f\u0131nda olmaktad\u0131r. Bu d\u00f6nem de iki olumsuz durum var. \u0130lki d\u00fc\u015fecek olan s\u00fct di\u015fleri zaten sallanma pozisyonunda oldu\u011fu i\u00e7in \u00e7ocuklar\u0131n di\u015f sa\u011fl\u0131\u011f\u0131n\u0131 olumsuz etkilemektedir. \u0130kincisi ise s\u00fct di\u015fin \u00e7\u0131kmas\u0131n\u0131n ard\u0131ndan yenileri \u00e7\u0131kt\u0131ktan sonra 7 ya\u015flar\u0131nda hen\u00fcz mine dedi\u011fimiz \u00fcst tabaka olgunla\u015fmam\u0131\u015ft\u0131r. Bu d\u00f6nemlerde \u00e7ok s\u0131k \u00f6n di\u015flere bast\u0131rarak yap\u0131lan uygulamalarda daha fazla zarar g\u00f6rmektedir. Kesin bir ya\u015f belirtmek her \u00e7ocu\u011fa g\u00f6re farkl\u0131l\u0131klar g\u00f6stermektedir. Bu y\u00fczden ya\u015f belirtmek do\u011fru de\u011fil ama 9 ya\u015f\u0131ndan sonra t\u00fcketmeleri en az\u0131ndan olu\u015fabilecek zarar\u0131 minimum seviyeye do\u011fru indirece\u011finden daha faydal\u0131 olur. \u00c7ocuklar\u0131n \u00e7ekirdekleri ya da kuru yemi\u015fleri kabuklar\u0131 al\u0131narak ebeveynlerin yard\u0131m\u0131yla t\u00fcketmeleri daha do\u011fru olur. \u00d6te yandan 12 ya\u015f alt\u0131nda \u00e7ocuklarda, \u00e7ocuklar di\u015f a\u011fr\u0131lar\u0131 hari\u00e7 di\u015flerindeki s\u0131k\u0131nt\u0131lar\u0131 dile getirmekte zorlanabilirler. \u00c7ocuklar\u0131n di\u015flerindeki zarar\u0131 \u00f6nlemek ad\u0131na \u00f6n ve arkada di\u015flerinin 6 ayda bir kontrollerinin yap\u0131lmas\u0131 laz\u0131m\u201d diye konu\u015ftu.<\/p>\n","protected":false},"excerpt":{"rendered":"<p>UZMANLAR, \u00c7EK\u0130RDEK VE KABUKLU KURUYEM\u0130\u015eLER\u0130N \u00c7OCUKLARIN D\u0130\u015eLER\u0130NDE \u015eEK\u0130L BOZUKLU\u011eUNA NEDEN OLDU\u011eUNU, D\u0130\u015e BO\u015eLU\u011eU ARASINA SIKI\u015eAN GIDALARIN, D\u0130\u015e ET\u0130NE ZARAR VEREREK U\u00c7 KISIMLARDA D\u0130\u015e KOPMASINA NEDEN OLDU\u011eUNU S\u00d6YLED\u0130.<\/p>\n","protected":false},"author":1,"featured_media":234545,"comment_status":"closed","ping_status":"open","sticky":false,"template":"","format":"standard","meta":{"jetpack_post_was_ever_published":false,"_jetpack_newsletter_access":"","_jetpack_dont_email_post_to_subs":false,"_jetpack_newsletter_tier_id":0,"_jetpack_memberships_contains_paywalled_content":false,"_jetpack_memberships_contains_paid_content":false,"footnotes":"","jetpack_publicize_message":"","jetpack_publicize_feature_enabled":true,"jetpack_social_post_already_shared":true,"jetpack_social_options":{"image_generator_settings":{"template":"highway","default_image_id":0,"font":"","enabled":false},"version":2}},"categories":[1],"tags":[1073,30611,252,1440,127,44,4084,26437],"class_list":["post-234544","post","type-post","status-publish","format-standard","has-post-thumbnail","hentry","category-genel","tag-ozel","tag-cekirdek","tag-cocuklar","tag-dikkat","tag-geldi","tag-icin","tag-uyari","tag-yerken"],"jetpack_publicize_connections":[],"jetpack_featured_media_url":"https:\/\/i0.wp.com\/www.tvturk.com\/wp-content\/uploads\/2019\/11\/ozel-uyari-cocuklar-icin-geldi-cekirdek-yerken-dikkat_b2a746e.jpg?fit=1000%2C664","jetpack_sharing_enabled":true,"jetpack_shortlink":"https:\/\/wp.me\/paKIfm-Z0Y","_links":{"self":[{"href":"http:\/\/www.tvturk.com\/index.php\/wp-json\/wp\/v2\/posts\/234544","targetHints":{"allow":["GET"]}}],"collection":[{"href":"http:\/\/www.tvturk.com\/index.php\/wp-json\/wp\/v2\/posts"}],"about":[{"href":"http:\/\/www.tvturk.com\/index.php\/wp-json\/wp\/v2\/types\/post"}],"author":[{"embeddable":true,"href":"http:\/\/www.tvturk.com\/index.php\/wp-json\/wp\/v2\/users\/1"}],"replies":[{"embeddable":true,"href":"http:\/\/www.tvturk.com\/index.php\/wp-json\/wp\/v2\/comments?post=234544"}],"version-history":[{"count":0,"href":"http:\/\/www.tvturk.com\/index.php\/wp-json\/wp\/v2\/posts\/234544\/revisions"}],"wp:featuredmedia":[{"embeddable":true,"href":"http:\/\/www.tvturk.com\/index.php\/wp-json\/wp\/v2\/media\/234545"}],"wp:attachment":[{"href":"http:\/\/www.tvturk.com\/index.php\/wp-json\/wp\/v2\/media?parent=234544"}],"wp:term":[{"taxonomy":"category","embeddable":true,"href":"http:\/\/www.tvturk.com\/index.php\/wp-json\/wp\/v2\/categories?post=234544"},{"taxonomy":"post_tag","embeddable":true,"href":"http:\/\/www.tvturk.com\/index.php\/wp-json\/wp\/v2\/tags?post=234544"}],"curies":[{"name":"wp","href":"https:\/\/api.w.org\/{rel}","templated":true}]}}