{"id":234552,"date":"2019-11-29T12:16:21","date_gmt":"2019-11-29T09:16:21","guid":{"rendered":"http:\/\/www.tvturk.com\/index.php\/gostericilerin-olduruldugu-zikarda-vali-istifa-etti\/"},"modified":"2019-11-29T12:16:21","modified_gmt":"2019-11-29T09:16:21","slug":"gostericilerin-olduruldugu-zikarda-vali-istifa-etti","status":"publish","type":"post","link":"http:\/\/www.tvturk.com\/index.php\/gostericilerin-olduruldugu-zikarda-vali-istifa-etti\/","title":{"rendered":"G\u00f6stericilerin \u00f6ld\u00fcr\u00fcld\u00fc\u011f\u00fc Zikar\u2019da vali istifa etti"},"content":{"rendered":"<p>Irak\u2019\u0131n Zikar vilayetinde g\u00fcvenlik g\u00fc\u00e7lerinin a\u00e7t\u0131\u011f\u0131 ate\u015f sonucu yakla\u015f\u0131k 30 protestocunun hayat\u0131n\u0131 kaybetmesinin ard\u0131ndan vali istifa etti.<\/p>\n<p>Irak\u2019\u0131n g\u00fcneyinde bulunan Zikar vilayeti ile Necef kentinde tansiyon d\u00fc\u015fm\u00fcyor. G\u00fcvenlik g\u00fc\u00e7lerinin ate\u015f atmas\u0131 sonucu 30 g\u00f6stericinin hayat\u0131n\u0131 kaybetti\u011fi, 250\u2019den fazla ki\u015finin de yaraland\u0131\u011f\u0131 Zikar\u2019da ya\u015fanan olaylar\u0131n ard\u0131ndan Vali Adil el-Duhyli istifa etti. \u0130ran Konsoloslu\u011funun ate\u015fe verildi\u011fi Necef kentinde ise yakla\u015f\u0131k 50 ki\u015finin \u00f6ld\u00fcr\u00fcld\u00fc\u011f\u00fc bildirildi. Irak Ba\u015fbakan\u0131 Adil Abd\u00fclmehdi, Necef ve Zikar\u2019daki olayl\u0131 protestolarla ilgili soru\u015fturma ba\u015flatt\u0131.<\/p>\n<p>Zikar Acil M\u00fcdahale Birli\u011fi Komutan\u0131 General Cemil \u015eummeri ve di\u011fer askeri komutanlar, Zikar Valisi Adil el-Duhyli\u2019nin halk\u0131 koruyamad\u0131\u011f\u0131 i\u00e7in istifas\u0131n\u0131 sundu\u011funu belirterek, daha \u00f6nce de protestocular\u0131n ve vatanda\u015flar\u0131n me\u015fru isteklerini destekledi\u011fini belirtti.<\/p>\n<p>\u00d6te yandan Irak\u2019ta 1 Ekim\u2019den bu yana ba\u015flayan h\u00fck\u00fcmet kar\u015f\u0131t\u0131 g\u00f6sterilerde yakla\u015f\u0131k 400 ki\u015fi hayat\u0131n\u0131 kaybederken 15 binden fazla ki\u015fi de yaraland\u0131.<\/p>\n","protected":false},"excerpt":{"rendered":"<p>IRAK\u2019IN Z\u0130KAR V\u0130LAYET\u0130NDE G\u00dcVENL\u0130K G\u00dc\u00c7LER\u0130N\u0130N A\u00c7TI\u011eI ATE\u015e SONUCU YAKLA\u015eIK 30 PROTESTOCUNUN HAYATINI KAYBETMES\u0130N\u0130N ARDINDAN VAL\u0130 \u0130ST\u0130FA ETT\u0130.<\/p>\n","protected":false},"author":1,"featured_media":234553,"comment_status":"closed","ping_status":"open","sticky":false,"template":"","format":"standard","meta":{"jetpack_post_was_ever_published":false,"_jetpack_newsletter_access":"","_jetpack_dont_email_post_to_subs":false,"_jetpack_newsletter_tier_id":0,"_jetpack_memberships_contains_paywalled_content":false,"_jetpack_memberships_contains_paid_content":false,"footnotes":"","jetpack_publicize_message":"","jetpack_publicize_feature_enabled":true,"jetpack_social_post_already_shared":true,"jetpack_social_options":{"image_generator_settings":{"template":"highway","default_image_id":0,"font":"","enabled":false},"version":2}},"categories":[10],"tags":[207,58975,31,6848,148,58976],"class_list":["post-234552","post","type-post","status-publish","format-standard","has-post-thumbnail","hentry","category-dunya","tag-etti","tag-gostericilerin","tag-istifa","tag-olduruldugu","tag-vali","tag-zikarda"],"jetpack_publicize_connections":[],"jetpack_featured_media_url":"https:\/\/i0.wp.com\/www.tvturk.com\/wp-content\/uploads\/2019\/11\/gostericilerin-olduruldugu-zikarda-vali-istifa-etti_728d9d4.jpg?fit=920%2C525","jetpack_sharing_enabled":true,"jetpack_shortlink":"https:\/\/wp.me\/paKIfm-Z16","_links":{"self":[{"href":"http:\/\/www.tvturk.com\/index.php\/wp-json\/wp\/v2\/posts\/234552","targetHints":{"allow":["GET"]}}],"collection":[{"href":"http:\/\/www.tvturk.com\/index.php\/wp-json\/wp\/v2\/posts"}],"about":[{"href":"http:\/\/www.tvturk.com\/index.php\/wp-json\/wp\/v2\/types\/post"}],"author":[{"embeddable":true,"href":"http:\/\/www.tvturk.com\/index.php\/wp-json\/wp\/v2\/users\/1"}],"replies":[{"embeddable":true,"href":"http:\/\/www.tvturk.com\/index.php\/wp-json\/wp\/v2\/comments?post=234552"}],"version-history":[{"count":0,"href":"http:\/\/www.tvturk.com\/index.php\/wp-json\/wp\/v2\/posts\/234552\/revisions"}],"wp:featuredmedia":[{"embeddable":true,"href":"http:\/\/www.tvturk.com\/index.php\/wp-json\/wp\/v2\/media\/234553"}],"wp:attachment":[{"href":"http:\/\/www.tvturk.com\/index.php\/wp-json\/wp\/v2\/media?parent=234552"}],"wp:term":[{"taxonomy":"category","embeddable":true,"href":"http:\/\/www.tvturk.com\/index.php\/wp-json\/wp\/v2\/categories?post=234552"},{"taxonomy":"post_tag","embeddable":true,"href":"http:\/\/www.tvturk.com\/index.php\/wp-json\/wp\/v2\/tags?post=234552"}],"curies":[{"name":"wp","href":"https:\/\/api.w.org\/{rel}","templated":true}]}}