{"id":234725,"date":"2019-11-29T15:02:51","date_gmt":"2019-11-29T12:02:51","guid":{"rendered":"http:\/\/www.tvturk.com\/index.php\/uluslararasi-turk-gurcu-iliskileri-sempozyumu-duzenlenecek\/"},"modified":"2019-11-29T15:02:51","modified_gmt":"2019-11-29T12:02:51","slug":"uluslararasi-turk-gurcu-iliskileri-sempozyumu-duzenlenecek","status":"publish","type":"post","link":"http:\/\/www.tvturk.com\/index.php\/uluslararasi-turk-gurcu-iliskileri-sempozyumu-duzenlenecek\/","title":{"rendered":"Uluslararas\u0131 T\u00fcrk-G\u00fcrc\u00fc \u0130li\u015fkileri Sempozyumu d\u00fczenlenecek"},"content":{"rendered":"<p>Atat\u00fcrk K\u00fclt\u00fcr, Dil ve Tarih Y\u00fcksek Kurumu b\u00fcnyesindeki T\u00fcrk Tarih Kurumu taraf\u0131ndan 2-3 Aral\u0131k tarihlerinde Ankara\u2019da  \u201cIII. Uluslararas\u0131 T\u00fcrk-G\u00fcrc\u00fc \u0130li\u015fkileri Sempozyumu\u201d d\u00fczenlenecek.<\/p>\n<p>\u201cYeni ve Yak\u0131n \u00c7a\u011fda T\u00fcrk-G\u00fcrc\u00fc \u0130li\u015fkileri\u201d temas\u0131yla ger\u00e7ekle\u015ftirilecek olan etkinlik, 2016 y\u0131l\u0131ndan bu yana T\u00fcrk-G\u00fcrc\u00fc ili\u015fkilerine odaklanan kapsaml\u0131 bilimsel toplant\u0131lar\u0131n \u00fc\u00e7\u00fcnc\u00fcs\u00fc olacak. \u0130lk olarak 2016 y\u0131l\u0131nda G\u00fcrcistan\u2019\u0131n Ah\u0131ska \u015fehrinde bir \u00e7al\u0131\u015ftay d\u00fczenlenmi\u015f, T\u00fcrk-G\u00fcrc\u00fc ili\u015fkilerinin tarih ve \u00e7a\u011fda\u015fl\u0131k temas\u0131yla ele al\u0131nd\u0131\u011f\u0131 bu \u00e7al\u0131\u015ftayda, iki \u00fclke aras\u0131ndaki tarihi ili\u015fkilere dair \u00e7al\u0131\u015fmalar\u0131n art\u0131r\u0131lmas\u0131 hedefi ortaya konmu\u015ftu. Bu ama\u00e7la takip eden y\u0131llarda Trabzon ve G\u00fcrcistan\u2019\u0131n Gori \u015fehrinde d\u00fczenlenen sempozyumlarda ise T\u00fcrk-G\u00fcrc\u00fc ili\u015fkilerinin kaynaklar\u0131 ele al\u0131nm\u0131\u015f ve Orta \u00c7a\u011f\u2019da iki millet aras\u0131nda kurulan ili\u015fkiler konu\u015fulmu\u015ftu.<\/p>\n<p>Bu y\u0131l \u00fc\u00e7\u00fcnc\u00fcs\u00fc ger\u00e7ekle\u015ftirilecek olan sempozyumda ise Rus ve Osmanl\u0131 imparatorluklar\u0131 d\u00f6neminde meydana gelen tarihi olaylar ve bu olaylar\u0131n T\u00fcrk-G\u00fcrc\u00fc ili\u015fkilerine yans\u0131malar\u0131na dair g\u00fcncel \u00e7al\u0131\u015fmalar payla\u015f\u0131lacak. \u0130ki imparatorlu\u011fun Kafkasya politikalar\u0131n\u0131n de\u011ferlendirilece\u011fi etkinlikte siyasal ili\u015fkilerin k\u00fclt\u00fcrel yans\u0131malar\u0131n\u0131 ele alan bildirilere de yer verilecek. Kurumun konferans salonunda d\u00fczenlenecek olan etkinlik, ilgililerin kat\u0131l\u0131m\u0131na a\u00e7\u0131k olacak.<\/p>\n","protected":false},"excerpt":{"rendered":"<p>ATAT\u00dcRK K\u00dcLT\u00dcR, D\u0130L VE TAR\u0130H Y\u00dcKSEK KURUMU B\u00dcNYES\u0130NDEK\u0130 T\u00dcRK TAR\u0130H KURUMU TARAFINDAN 2-3 ARALIK TAR\u0130HLER\u0130NDE ANKARA\u2019DA  \u201cIII. ULUSLARARASI T\u00dcRK-G\u00dcRC\u00dc \u0130L\u0130\u015eK\u0130LER\u0130 SEMPOZYUMU\u201d D\u00dcZENLENECEK.<\/p>\n","protected":false},"author":1,"featured_media":234726,"comment_status":"closed","ping_status":"open","sticky":false,"template":"","format":"standard","meta":{"jetpack_post_was_ever_published":false,"_jetpack_newsletter_access":"","_jetpack_dont_email_post_to_subs":false,"_jetpack_newsletter_tier_id":0,"_jetpack_memberships_contains_paywalled_content":false,"_jetpack_memberships_contains_paid_content":false,"footnotes":"","jetpack_publicize_message":"","jetpack_publicize_feature_enabled":true,"jetpack_social_post_already_shared":true,"jetpack_social_options":{"image_generator_settings":{"template":"highway","default_image_id":0,"font":"","enabled":false},"version":2}},"categories":[1],"tags":[4839,4842,18648,4841,58999],"class_list":["post-234725","post","type-post","status-publish","format-standard","has-post-thumbnail","hentry","category-genel","tag-uluslararasi","tag-duzenlenecek","tag-iliskileri","tag-sempozyumu","tag-turk-gurcu"],"jetpack_publicize_connections":[],"jetpack_featured_media_url":"https:\/\/i0.wp.com\/www.tvturk.com\/wp-content\/uploads\/2019\/11\/uluslararasi-turk-gurcu-iliskileri-sempozyumu-duzenlenecek_9ab730f.jpg?fit=983%2C1000","jetpack_sharing_enabled":true,"jetpack_shortlink":"https:\/\/wp.me\/paKIfm-Z3T","_links":{"self":[{"href":"http:\/\/www.tvturk.com\/index.php\/wp-json\/wp\/v2\/posts\/234725","targetHints":{"allow":["GET"]}}],"collection":[{"href":"http:\/\/www.tvturk.com\/index.php\/wp-json\/wp\/v2\/posts"}],"about":[{"href":"http:\/\/www.tvturk.com\/index.php\/wp-json\/wp\/v2\/types\/post"}],"author":[{"embeddable":true,"href":"http:\/\/www.tvturk.com\/index.php\/wp-json\/wp\/v2\/users\/1"}],"replies":[{"embeddable":true,"href":"http:\/\/www.tvturk.com\/index.php\/wp-json\/wp\/v2\/comments?post=234725"}],"version-history":[{"count":0,"href":"http:\/\/www.tvturk.com\/index.php\/wp-json\/wp\/v2\/posts\/234725\/revisions"}],"wp:featuredmedia":[{"embeddable":true,"href":"http:\/\/www.tvturk.com\/index.php\/wp-json\/wp\/v2\/media\/234726"}],"wp:attachment":[{"href":"http:\/\/www.tvturk.com\/index.php\/wp-json\/wp\/v2\/media?parent=234725"}],"wp:term":[{"taxonomy":"category","embeddable":true,"href":"http:\/\/www.tvturk.com\/index.php\/wp-json\/wp\/v2\/categories?post=234725"},{"taxonomy":"post_tag","embeddable":true,"href":"http:\/\/www.tvturk.com\/index.php\/wp-json\/wp\/v2\/tags?post=234725"}],"curies":[{"name":"wp","href":"https:\/\/api.w.org\/{rel}","templated":true}]}}