{"id":234737,"date":"2019-11-29T15:17:15","date_gmt":"2019-11-29T12:17:15","guid":{"rendered":"http:\/\/www.tvturk.com\/index.php\/balikesir-sehidini-goz-yaslariyla-ugurladi\/"},"modified":"2019-11-29T15:17:15","modified_gmt":"2019-11-29T12:17:15","slug":"balikesir-sehidini-goz-yaslariyla-ugurladi","status":"publish","type":"post","link":"http:\/\/www.tvturk.com\/index.php\/balikesir-sehidini-goz-yaslariyla-ugurladi\/","title":{"rendered":"Bal\u0131kesir \u015fehidini g\u00f6z ya\u015flar\u0131yla u\u011furlad\u0131"},"content":{"rendered":"<p>\u015eanl\u0131urfa\u2019n\u0131n Ak\u00e7akale Tek\u00e7e Hudut Karakoluna PKK\/PYD ter\u00f6r \u00f6rg\u00fct\u00fc taraf\u0131ndan at\u0131lan havan mermisinin d\u00fc\u015fmesi sonucu \u015fehit olan Tank\u00e7\u0131 Uzman \u00c7avu\u015f Davut Arma\u011fan Keskin\u2019i memleketi Bal\u0131kesir\u2019de son yolculu\u011funa binlerce ki\u015fi u\u011furlad\u0131.<\/p>\n<p>\u015eehit Tank\u00e7\u0131 Uzman \u00c7avu\u015f Davut Arma\u011fan Keskin\u2019in cenazesi ilk karde\u015finin ya\u015fad\u0131\u011f\u0131 G\u00fcndo\u011fan Mahallesi\u2019ndeki evine getirildi. Burada okunan duan\u0131n ard\u0131ndan \u015eehit Davut Arma\u011fan Keskin, cenaze namaz\u0131n\u0131n k\u0131l\u0131naca\u011f\u0131 Za\u011fnos Pa\u015fa Camii\u2019ne getirildi. \u0130l M\u00fcft\u00fcs\u00fc Ramazan Topcan\u2019\u0131n cenaze namaz\u0131na kat\u0131lanlardan helallik istemesinin ard\u0131ndan cenaze namaz\u0131 k\u0131l\u0131nd\u0131. \u015eehidin babas\u0131 G\u00fcndami Zeybek, karde\u015fleri Rafi ve \u00d6mer Zeybek ayn\u0131 safta cenaze namaz\u0131 k\u0131ld\u0131. Cenaze namaz\u0131ndan \u00f6nce \u015fehidin e\u015fi G\u00fcl\u00e7in Keskin, e\u015finin tabutuna sar\u0131larak g\u00f6z ya\u015f\u0131 d\u00f6kt\u00fc.<\/p>\n<p>K\u0131l\u0131nan cenaze namaz\u0131n\u0131n ard\u0131ndan Davut Arma\u011fan Keskin, Garnizon \u015eehitli\u011fi\u2019ne defnedildi. \u015eehidin cenazesine Sa\u011fl\u0131k Bakan Yard\u0131mc\u0131s\u0131 Halil Eldemir, Vali Ersin Yaz\u0131c\u0131, Bal\u0131kesir Milletvekilleri Adil \u00c7elik, Yavuz Suba\u015f\u0131, Ahmet Ak\u0131n, Ensar Aytekin, B\u00fcy\u00fck\u015fehir Belediye Ba\u015fkan\u0131 Y\u00fccel Y\u0131lmaz, Garnizon Komutan\u0131 Hava Pilot Tu\u011fgeneral Kemal Turan, il\u00e7e belediye ba\u015fkanlar\u0131n\u0131n yan\u0131 s\u0131ra binlerce vatanda\u015f kat\u0131ld\u0131.<\/p>\n<p>\u015eanl\u0131urfa\u2019n\u0131n Ak\u00e7akale il\u00e7esinde \u015fehit olan Davut Arma\u011fan Keskin\u2019in annesinin, ya\u015fad\u0131\u011f\u0131 \u0130stanbul\u2019da o\u011flunun \u015fehadet haberini al\u0131nca kalp krizi ge\u00e7irdi\u011fi \u00f6\u011frenildi. Sa\u011fl\u0131k ekipleri taraf\u0131ndan hemen hastaneye kald\u0131r\u0131lan \u015fehit annesi Seher Zeybek\u2019e anjiyo yap\u0131ld\u0131. \u0130stanbul\u2019da anjiyosu yap\u0131lan Seher Zeybek, operasyonun ard\u0131ndan Bal\u0131kesir\u2019e getirildi. Bal\u0131kesir\u2019e gelir gelmez o\u011flunun na\u2019\u015f\u0131n\u0131 g\u00f6rmek istedi\u011fi \u00f6\u011frenilen Seher Zeybek, o\u011flunu son kez g\u00f6rd\u00fc. Cenaze t\u00f6renine \u015fehit annesi sa\u011fl\u0131k ekiplerinin yard\u0131m\u0131yla kat\u0131ld\u0131. Cenaze boyunca o\u011flu i\u00e7in g\u00f6zya\u015f\u0131 d\u00f6ken Seher Zeybek\u2019i yak\u0131nlar\u0131 sakinle\u015ftirdi.<\/p>\n","protected":false},"excerpt":{"rendered":"<p>\u015eANLIURFA\u2019NIN AK\u00c7AKALE TEK\u00c7E HUDUT KARAKOLUNA PKK\/PYD TER\u00d6R \u00d6RG\u00dcT\u00dc TARAFINDAN ATILAN HAVAN MERM\u0130S\u0130N\u0130N D\u00dc\u015eMES\u0130 SONUCU \u015eEH\u0130T OLAN TANK\u00c7I UZMAN \u00c7AVU\u015e DAVUT ARMA\u011eAN KESK\u0130N&#8217;\u0130 MEMLEKET\u0130NDE SON YOLCULU\u011eUNA B\u0130NLERCE K\u0130\u015e\u0130 U\u011eURLADI.<\/p>\n","protected":false},"author":1,"featured_media":234738,"comment_status":"closed","ping_status":"open","sticky":false,"template":"","format":"standard","meta":{"jetpack_post_was_ever_published":false,"_jetpack_newsletter_access":"","_jetpack_dont_email_post_to_subs":false,"_jetpack_newsletter_tier_id":0,"_jetpack_memberships_contains_paywalled_content":false,"_jetpack_memberships_contains_paid_content":false,"footnotes":"","jetpack_publicize_message":"","jetpack_publicize_feature_enabled":true,"jetpack_social_post_already_shared":true,"jetpack_social_options":{"image_generator_settings":{"template":"highway","default_image_id":0,"font":"","enabled":false},"version":2}},"categories":[1],"tags":[59,1126,20487,8483,53855],"class_list":["post-234737","post","type-post","status-publish","format-standard","has-post-thumbnail","hentry","category-genel","tag-balikesir","tag-goz","tag-sehidini","tag-ugurladi","tag-yaslariyla"],"jetpack_publicize_connections":[],"jetpack_featured_media_url":"https:\/\/i0.wp.com\/www.tvturk.com\/wp-content\/uploads\/2019\/11\/balikesir-sehidini-goz-yaslariyla-ugurladi_02fc328.jpg?fit=1000%2C666","jetpack_sharing_enabled":true,"jetpack_shortlink":"https:\/\/wp.me\/paKIfm-Z45","_links":{"self":[{"href":"http:\/\/www.tvturk.com\/index.php\/wp-json\/wp\/v2\/posts\/234737","targetHints":{"allow":["GET"]}}],"collection":[{"href":"http:\/\/www.tvturk.com\/index.php\/wp-json\/wp\/v2\/posts"}],"about":[{"href":"http:\/\/www.tvturk.com\/index.php\/wp-json\/wp\/v2\/types\/post"}],"author":[{"embeddable":true,"href":"http:\/\/www.tvturk.com\/index.php\/wp-json\/wp\/v2\/users\/1"}],"replies":[{"embeddable":true,"href":"http:\/\/www.tvturk.com\/index.php\/wp-json\/wp\/v2\/comments?post=234737"}],"version-history":[{"count":0,"href":"http:\/\/www.tvturk.com\/index.php\/wp-json\/wp\/v2\/posts\/234737\/revisions"}],"wp:featuredmedia":[{"embeddable":true,"href":"http:\/\/www.tvturk.com\/index.php\/wp-json\/wp\/v2\/media\/234738"}],"wp:attachment":[{"href":"http:\/\/www.tvturk.com\/index.php\/wp-json\/wp\/v2\/media?parent=234737"}],"wp:term":[{"taxonomy":"category","embeddable":true,"href":"http:\/\/www.tvturk.com\/index.php\/wp-json\/wp\/v2\/categories?post=234737"},{"taxonomy":"post_tag","embeddable":true,"href":"http:\/\/www.tvturk.com\/index.php\/wp-json\/wp\/v2\/tags?post=234737"}],"curies":[{"name":"wp","href":"https:\/\/api.w.org\/{rel}","templated":true}]}}