{"id":234775,"date":"2019-11-29T16:46:51","date_gmt":"2019-11-29T13:46:51","guid":{"rendered":"http:\/\/www.tvturk.com\/index.php\/ispartada-komando-olan-yabanci-askerlere-somalide-turk-usulu-askeri-toren\/"},"modified":"2019-11-29T16:46:51","modified_gmt":"2019-11-29T13:46:51","slug":"ispartada-komando-olan-yabanci-askerlere-somalide-turk-usulu-askeri-toren","status":"publish","type":"post","link":"http:\/\/www.tvturk.com\/index.php\/ispartada-komando-olan-yabanci-askerlere-somalide-turk-usulu-askeri-toren\/","title":{"rendered":"Isparta\u2019da \u2019Komando\u2019 olan yabanc\u0131 askerlere Somali\u2019de \u2019T\u00fcrk\u2019 usul\u00fc askeri t\u00f6ren"},"content":{"rendered":"<p>Isparta\u2019da 1 A\u011fustos\u2019ta ba\u015flayarak, 14 Kas\u0131m\u2019a kadar \u2018Komando Temel E\u011fitimi\u2019 alan Somali askerleri i\u00e7in \u00fclkelerinde Silahl\u0131 Kuvvetlere teslim t\u00f6reni d\u00fczenlendi.<\/p>\n<p>Somali\u2019de ger\u00e7ekle\u015ftirilen teslim t\u00f6renine, T\u00fcrkiye Cumhuriyeti Mogadi\u015fu B\u00fcy\u00fckel\u00e7i Vekili Ozan Pekin, Somali Savunma Bakan\u0131 Hassan Ali Mohamed, Genel Kurmay Ba\u015fkan\u0131 Tu\u011fgeneral Odawa Yusuf Rage, Kara ve Hava Kuvvetleri Komutanlar\u0131, Somali T\u00fcrk G\u00f6rev Kuvveti Komutan\u0131 Piyade Albay Gaffar G\u00f6ren, yabanc\u0131 askeri misyon temsilcileri ve Somalili asker aileleri kat\u0131ld\u0131.<\/p>\n<p>T\u00f6renle ilgili T\u00fcrkiye Milli Savunma Bakanl\u0131\u011f\u0131\u2019ndan yap\u0131lan a\u00e7\u0131klamada, \u201cSomali T\u00fcrk G\u00f6rev Kuvveti Komutanl\u0131\u011f\u0131nda 27 Nisan 2019 tarihinde ba\u015flayan temel askerlik e\u011fitimini ve m\u00fcteakiben Ter\u00f6rizmle M\u00fccadele E\u011fitim ve Tatbikat Merkezi Komutanl\u0131\u011f\u0131\/Isparta\u2019da 1 A\u011fustos 2019 tarihinde ba\u015flayan Komando Temel E\u011fitimini ba\u015far\u0131yla tamamlayarak, 14 Kas\u0131m 2019 tarihinde Somali\u2019ye d\u00f6nen \u20193. Piyade Taburunun Somali Silahl\u0131 Kuvvetlerine Teslim T\u00f6reni\u2019, 28 Kas\u0131m 2019 tarihinde Anadolu K\u0131\u015flas\u0131nda (Mogadi\u015fu\/Somali) ger\u00e7ekle\u015ftirilmi\u015ftir\u201d denildi.<\/p>\n","protected":false},"excerpt":{"rendered":"<p>ISPARTA\u2019DA 1 A\u011eUSTOS\u2019TA BA\u015eLAYARAK, 14 KASIM\u2019A KADAR \u2018KOMANDO TEMEL E\u011e\u0130T\u0130M\u0130\u2019 ALAN SOMAL\u0130 ASKERLER\u0130 \u0130\u00c7\u0130N \u00dcLKELER\u0130NDE S\u0130LAHLI KUVVETLERE TESL\u0130M T\u00d6REN\u0130 D\u00dcZENLEND\u0130.<\/p>\n","protected":false},"author":1,"featured_media":234776,"comment_status":"closed","ping_status":"open","sticky":false,"template":"","format":"standard","meta":{"jetpack_post_was_ever_published":false,"_jetpack_newsletter_access":"","_jetpack_dont_email_post_to_subs":false,"_jetpack_newsletter_tier_id":0,"_jetpack_memberships_contains_paywalled_content":false,"_jetpack_memberships_contains_paid_content":false,"footnotes":"","jetpack_publicize_message":"","jetpack_publicize_feature_enabled":true,"jetpack_social_post_already_shared":true,"jetpack_social_options":{"image_generator_settings":{"template":"highway","default_image_id":0,"font":"","enabled":false},"version":2}},"categories":[1],"tags":[1170,17184,5679,854,572,19734,15266,957,6190,4069],"class_list":["post-234775","post","type-post","status-publish","format-standard","has-post-thumbnail","hentry","category-genel","tag-askeri","tag-askerlere","tag-ispartada","tag-komando","tag-olan","tag-somalide","tag-toren","tag-turk","tag-usulu","tag-yabanci"],"jetpack_publicize_connections":[],"jetpack_featured_media_url":"https:\/\/i0.wp.com\/www.tvturk.com\/wp-content\/uploads\/2019\/11\/ispartada-komando-olan-yabanci-askerlere-somalide-turk-usulu-askeri-toren_e398c39.jpg?fit=900%2C600","jetpack_sharing_enabled":true,"jetpack_shortlink":"https:\/\/wp.me\/paKIfm-Z4H","_links":{"self":[{"href":"http:\/\/www.tvturk.com\/index.php\/wp-json\/wp\/v2\/posts\/234775","targetHints":{"allow":["GET"]}}],"collection":[{"href":"http:\/\/www.tvturk.com\/index.php\/wp-json\/wp\/v2\/posts"}],"about":[{"href":"http:\/\/www.tvturk.com\/index.php\/wp-json\/wp\/v2\/types\/post"}],"author":[{"embeddable":true,"href":"http:\/\/www.tvturk.com\/index.php\/wp-json\/wp\/v2\/users\/1"}],"replies":[{"embeddable":true,"href":"http:\/\/www.tvturk.com\/index.php\/wp-json\/wp\/v2\/comments?post=234775"}],"version-history":[{"count":0,"href":"http:\/\/www.tvturk.com\/index.php\/wp-json\/wp\/v2\/posts\/234775\/revisions"}],"wp:featuredmedia":[{"embeddable":true,"href":"http:\/\/www.tvturk.com\/index.php\/wp-json\/wp\/v2\/media\/234776"}],"wp:attachment":[{"href":"http:\/\/www.tvturk.com\/index.php\/wp-json\/wp\/v2\/media?parent=234775"}],"wp:term":[{"taxonomy":"category","embeddable":true,"href":"http:\/\/www.tvturk.com\/index.php\/wp-json\/wp\/v2\/categories?post=234775"},{"taxonomy":"post_tag","embeddable":true,"href":"http:\/\/www.tvturk.com\/index.php\/wp-json\/wp\/v2\/tags?post=234775"}],"curies":[{"name":"wp","href":"https:\/\/api.w.org\/{rel}","templated":true}]}}