{"id":234937,"date":"2019-11-30T11:31:48","date_gmt":"2019-11-30T08:31:48","guid":{"rendered":"http:\/\/www.tvturk.com\/index.php\/ozel-arnavutlukta-deprem-sonrasi-500-yillik-preza-kalesinin-duvarlari-yikildi\/"},"modified":"2019-11-30T11:31:48","modified_gmt":"2019-11-30T08:31:48","slug":"ozel-arnavutlukta-deprem-sonrasi-500-yillik-preza-kalesinin-duvarlari-yikildi","status":"publish","type":"post","link":"http:\/\/www.tvturk.com\/index.php\/ozel-arnavutlukta-deprem-sonrasi-500-yillik-preza-kalesinin-duvarlari-yikildi\/","title":{"rendered":"(\u00d6zel) Arnavutluk\u2019ta deprem sonras\u0131 500 y\u0131ll\u0131k Preza Kalesi\u2019nin duvarlar\u0131 y\u0131k\u0131ld\u0131"},"content":{"rendered":"<p>Arnavutluk\u2019ta ya\u015fanan depremin ard\u0131ndan tarihi eserlerde b\u00fcy\u00fck hasar g\u00f6rd\u00fc. Restoresi T\u00fcrkiye \u0130\u015fbirli\u011fi Koordinasyon Ajans\u0131 (T\u0130KA) taraf\u0131ndan yap\u0131ld\u0131ktan sonra Cumhurba\u015fkan\u0131 Recep Tayyip Erdo\u011fan taraf\u0131ndan a\u00e7\u0131lan Preza Kale Cami\u2019si de, etraf\u0131n\u0131 \u00e7evreleyen surlar da y\u0131k\u0131ld\u0131. Y\u0131k\u0131lan surlar ve \u00e7evresi drone ile havadan g\u00f6r\u00fcnt\u00fclendi.<\/p>\n<p>Arnavutluk\u2019ta 4 g\u00fcn \u00f6nce ya\u015fanan 6.4 b\u00fcy\u00fckl\u00fck depremin ard\u0131ndan yaralar sar\u0131lmaya \u00e7al\u0131\u015f\u0131l\u0131yor. Y\u00fczlerce bina hasar al\u0131p y\u0131k\u0131l\u0131rken onlarca insan hayat\u0131n\u0131 kaybetti y\u00fczlerce ki\u015fi yaraland\u0131. Osmanl\u0131 zaman\u0131ndan gelen tarihi ile bilinen Arnavutluk\u2019ta hasar g\u00f6r\u00fcp y\u0131k\u0131lan yerler aras\u0131nda tarihi yerlerde bulunuyor. 500 y\u0131ll\u0131k Preza Kalesi\u2019nin bir k\u0131sm\u0131 y\u0131k\u0131ld\u0131. \u0130\u00e7erisinde Preza Kale Cami\u2019si 4 y\u0131l \u00f6nce T\u00fcrkiye \u0130\u015fbirli\u011fi Koordinasyon Ajans\u0131 (T\u0130KA) taraf\u0131ndan restore edilmi\u015fti. Restore edilen cami Cumhurba\u015fkan\u0131 Recep Tayyip Erdo\u011fan taraf\u0131ndan a\u00e7\u0131lm\u0131\u015ft\u0131.<\/p>\n<p>Preza kale caminin i\u00e7inde bulunan surlar ve bur\u00e7ta b\u00fcy\u00fck y\u0131k\u0131m meydana geldi. Depremin gece saatlerinde olmas\u0131 etraf\u0131ndan turist bulunmamas\u0131 ise b\u00fcy\u00fck bir faciay\u0131 \u00f6nledi.<\/p>\n","protected":false},"excerpt":{"rendered":"<p>ARNAVUTLUK\u2019TA YA\u015eANAN DEPREM\u0130N ARDINDAN TAR\u0130H\u0130 ESERLERDE B\u00dcY\u00dcK HASAR G\u00d6RD\u00dc. RESTORES\u0130 T\u00dcRK\u0130YE \u0130\u015eB\u0130RL\u0130\u011e\u0130 KOORD\u0130NASYON AJANSI (T\u0130KA) TARAFINDAN YAPILDIKTAN SONRA CUMHURBA\u015eKANI RECEP TAYY\u0130P ERDO\u011eAN TARAFINDAN A\u00c7ILAN PREZA KALE CAM\u0130\u2019S\u0130 DE, ETRAFINI \u00c7EVRELEYEN SURLAR DA YIKILDI. YIKILAN SURLAR VE \u00c7EVRES\u0130 DRONE \u0130LE HAVADAN G\u00d6R\u00dcNT\u00dcLEND\u0130.<\/p>\n","protected":false},"author":1,"featured_media":234938,"comment_status":"closed","ping_status":"open","sticky":false,"template":"","format":"standard","meta":{"jetpack_post_was_ever_published":false,"_jetpack_newsletter_access":"","_jetpack_dont_email_post_to_subs":false,"_jetpack_newsletter_tier_id":0,"_jetpack_memberships_contains_paywalled_content":false,"_jetpack_memberships_contains_paid_content":false,"footnotes":"","jetpack_publicize_message":"","jetpack_publicize_feature_enabled":true,"jetpack_social_post_already_shared":true,"jetpack_social_options":{"image_generator_settings":{"template":"highway","default_image_id":0,"font":"","enabled":false},"version":2}},"categories":[10],"tags":[1073,565,26990,221,8641,52767,59061,36,537,710],"class_list":["post-234937","post","type-post","status-publish","format-standard","has-post-thumbnail","hentry","category-dunya","tag-ozel","tag-565","tag-arnavutlukta","tag-deprem","tag-duvarlari","tag-kalesinin","tag-preza","tag-sonrasi","tag-yikildi","tag-yillik"],"jetpack_publicize_connections":[],"jetpack_featured_media_url":"https:\/\/i0.wp.com\/www.tvturk.com\/wp-content\/uploads\/2019\/11\/ozel-arnavutlukta-deprem-sonrasi-500-yillik-preza-kalesinin-duvarlari-yikildi_238922b.jpg?fit=1000%2C750","jetpack_sharing_enabled":true,"jetpack_shortlink":"https:\/\/wp.me\/paKIfm-Z7j","_links":{"self":[{"href":"http:\/\/www.tvturk.com\/index.php\/wp-json\/wp\/v2\/posts\/234937","targetHints":{"allow":["GET"]}}],"collection":[{"href":"http:\/\/www.tvturk.com\/index.php\/wp-json\/wp\/v2\/posts"}],"about":[{"href":"http:\/\/www.tvturk.com\/index.php\/wp-json\/wp\/v2\/types\/post"}],"author":[{"embeddable":true,"href":"http:\/\/www.tvturk.com\/index.php\/wp-json\/wp\/v2\/users\/1"}],"replies":[{"embeddable":true,"href":"http:\/\/www.tvturk.com\/index.php\/wp-json\/wp\/v2\/comments?post=234937"}],"version-history":[{"count":0,"href":"http:\/\/www.tvturk.com\/index.php\/wp-json\/wp\/v2\/posts\/234937\/revisions"}],"wp:featuredmedia":[{"embeddable":true,"href":"http:\/\/www.tvturk.com\/index.php\/wp-json\/wp\/v2\/media\/234938"}],"wp:attachment":[{"href":"http:\/\/www.tvturk.com\/index.php\/wp-json\/wp\/v2\/media?parent=234937"}],"wp:term":[{"taxonomy":"category","embeddable":true,"href":"http:\/\/www.tvturk.com\/index.php\/wp-json\/wp\/v2\/categories?post=234937"},{"taxonomy":"post_tag","embeddable":true,"href":"http:\/\/www.tvturk.com\/index.php\/wp-json\/wp\/v2\/tags?post=234937"}],"curies":[{"name":"wp","href":"https:\/\/api.w.org\/{rel}","templated":true}]}}