{"id":23525,"date":"2019-02-12T08:40:54","date_gmt":"2019-02-12T05:40:54","guid":{"rendered":"http:\/\/www.tvturk.com\/index.php\/buyukkilic-saglik-turizm-merkezi-artik-kayseri-olacak\/"},"modified":"2019-02-12T08:40:56","modified_gmt":"2019-02-12T05:40:56","slug":"buyukkilic-saglik-turizm-merkezi-artik-kayseri-olacak","status":"publish","type":"post","link":"http:\/\/www.tvturk.com\/index.php\/buyukkilic-saglik-turizm-merkezi-artik-kayseri-olacak\/","title":{"rendered":"B\u00fcy\u00fckk\u0131l\u0131\u00e7: &#8220;Sa\u011fl\u0131k turizm merkezi art\u0131k Kayseri olacak\u201d"},"content":{"rendered":"<p>B\u00fcy\u00fck\u015fehir Belediye Ba\u015fkan Aday\u0131 ve Melikgazi Belediye Ba\u015fkan\u0131 Dr. Memduh B\u00fcy\u00fckk\u0131l\u0131\u00e7, Kayseri \u015fehrinin sa\u011fl\u0131k sekt\u00f6r\u00fcnde \u00f6nc\u00fc ve \u00f6rnek te\u015fkil etti\u011fini \u00f6zel ve kamu hastaneleri ile 20 sa\u011fl\u0131k merkezi bulundu\u011funu s\u00f6yledi.<\/p>\n<p>Kayseri \u015eehir Hastanesi, Erciyes \u00dcniversite Hastanesi, Devlet Hastanesi ile \u00f6zel hastaneleri, di\u015f hastaneleri ile \u0130\u00e7 Anadolu\u2019ya hizmet verdi\u011fini ancak bunun yetersiz oldu\u011funu belirten Kayseri B\u00fcy\u00fck\u015fehir Belediye Ba\u015fkan Aday\u0131 ve Melikgazi Belediye Ba\u015fkan\u0131 Dr. Memduh B\u00fcy\u00fckk\u0131l\u0131\u00e7 \u201cKayseri art\u0131k bundan b\u00f6yle sadece \u0130\u00e7 Anadolu De\u011fil, Orta Do\u011fu, T\u00fcrkiye Cumhuriyetler olmak \u00fczere Avrupa \u00fclkelerine sa\u011fl\u0131k hizmeti veren bir \u015fehir olacakt\u0131r. \u00dclkemizde sa\u011fl\u0131k sekt\u00f6r\u00fc \u00e7ok ileridedir. Kayseri bundan en \u00e7ok nasibini alan bir \u015fehirdir. Binalar\u0131n ve tesislerin mevcudiyeti yan\u0131nda gerekli sa\u011fl\u0131k eleman\u0131 ve t\u0131p doktorlar\u0131 ile \u00e7ok cazip, tavsiye edilen ve tercih edilen bir \u015fehirdir. Bu sa\u011fl\u0131k sekt\u00f6r\u00fcne yeni bir misyon ekleyerek sa\u011fl\u0131k turizm ile organize edece\u011fiz Bunun i\u00e7in Sa\u011fl\u0131k birimleri, turizm birimleri ile gerekli g\u00f6r\u00fc\u015fmeler yap\u0131ld\u0131. Yani sonu\u00e7 itibari ile sa\u011fl\u0131k turizm i\u00e7in gerekli planlama yap\u0131ld\u0131\u201d \u015feklinde konu\u015ftu.<\/p>\n<p>B\u00fcy\u00fckk\u0131l\u0131\u00e7, sa\u011fl\u0131k turizm ile Kayseri\u2019ye yeni bir misyon ve vizyon eklenece\u011fini bu yeni sekt\u00f6r ile hem istihdam hem de ticaretin artaca\u011f\u0131n\u0131 s\u00f6zlerine ekledi.<div class=\"tiled-gallery type-rectangular tiled-gallery-unresized\" data-original-width=\"500\" data-carousel-extra='null' itemscope itemtype=\"http:\/\/schema.org\/ImageGallery\" > <div class=\"gallery-row\" style=\"width: 500px; height: 154px;\" data-original-width=\"500\" data-original-height=\"154\" > <div class=\"gallery-group images-1\" style=\"width: 271px; height: 154px;\" data-original-width=\"271\" data-original-height=\"154\" > <div class=\"tiled-gallery-item tiled-gallery-item-large\" itemprop=\"associatedMedia\" itemscope itemtype=\"http:\/\/schema.org\/ImageObject\"> <a href=\"http:\/\/www.tvturk.com\/index.php\/buyukkilic-saglik-turizm-merkezi-artik-kayseri-olacak\/buyukkilic-saglik-turizm-merkezi-artik-kayseri-olacak-3\/\" border=\"0\" itemprop=\"url\"> <meta itemprop=\"width\" content=\"267\"> <meta itemprop=\"height\" content=\"150\"> <img decoding=\"async\" class=\"\" data-attachment-id=\"23527\" data-orig-file=\"http:\/\/www.tvturk.com\/wp-content\/uploads\/2019\/02\/buyukkilic-saglik-turizm-merkezi-artik-kayseri-olacak_c35e506.jpg\" data-orig-size=\"1000,562\" data-comments-opened=\"\" data-image-meta=\"{&quot;aperture&quot;:&quot;0&quot;,&quot;credit&quot;:&quot;IHA&quot;,&quot;camera&quot;:&quot;&quot;,&quot;caption&quot;:&quot;B\\u00dcY\\u00dcK\\u015eEH\\u0130R BELED\\u0130YE BA\\u015eKAN ADAYI VE MEL\\u0130KGAZ\\u0130 BELED\\u0130YE BA\\u015eKANI DR. MEMDUH B\\u00dcY\\u00dcKKILI\\u00c7, KAYSER\\u0130 \\u015eEHR\\u0130N\\u0130N SA\\u011eLIK SEKT\\u00d6R\\u00dcNDE \\u00d6NC\\u00dc VE \\u00d6RNEK TE\\u015eK\\u0130L ETT\\u0130\\u011e\\u0130N\\u0130 \\u00d6ZEL VE KAMU HASTANELER\\u0130 \\u0130LE 20 SA\\u011eLIK MERKEZ\\u0130 BULUNDU\\u011eUNU S\\u00d6YLED\\u0130. (\\u0130HA\\\/KAYSER\\u0130-\\u0130HA)&quot;,&quot;created_timestamp&quot;:&quot;0&quot;,&quot;copyright&quot;:&quot;\\u0130HLAS HABER AJANSI, www.iha.com.tr&quot;,&quot;focal_length&quot;:&quot;0&quot;,&quot;iso&quot;:&quot;0&quot;,&quot;shutter_speed&quot;:&quot;0&quot;,&quot;title&quot;:&quot;B\\u00dcY\\u00dcKKILI\\u00c7: \\u0022SA\\u011eLIK TUR\\u0130ZM MERKEZ\\u0130 ARTIK KAYSER\\u0130 OLACAK\\u201d&quot;,&quot;orientation&quot;:&quot;0&quot;}\" data-image-title=\"B\u00fcy\u00fckk\u0131l\u0131\u00e7: &amp;#8220;Sa\u011fl\u0131k turizm merkezi art\u0131k Kayseri olacak\u201d\" data-image-description=\"&lt;p&gt;B\u00fcy\u00fckk\u0131l\u0131\u00e7: &amp;#8220;Sa\u011fl\u0131k turizm merkezi art\u0131k Kayseri olacak\u201d&lt;\/p&gt; \" data-medium-file=\"https:\/\/i0.wp.com\/www.tvturk.com\/wp-content\/uploads\/2019\/02\/buyukkilic-saglik-turizm-merkezi-artik-kayseri-olacak_c35e506.jpg?fit=300%2C169\" data-large-file=\"https:\/\/i0.wp.com\/www.tvturk.com\/wp-content\/uploads\/2019\/02\/buyukkilic-saglik-turizm-merkezi-artik-kayseri-olacak_c35e506.jpg?fit=1000%2C562\" src=\"https:\/\/i0.wp.com\/www.tvturk.com\/wp-content\/uploads\/2019\/02\/buyukkilic-saglik-turizm-merkezi-artik-kayseri-olacak_c35e506.jpg?w=267&#038;h=150\" srcset=\"https:\/\/i0.wp.com\/www.tvturk.com\/wp-content\/uploads\/2019\/02\/buyukkilic-saglik-turizm-merkezi-artik-kayseri-olacak_c35e506.jpg?w=1000 1000w, https:\/\/i0.wp.com\/www.tvturk.com\/wp-content\/uploads\/2019\/02\/buyukkilic-saglik-turizm-merkezi-artik-kayseri-olacak_c35e506.jpg?resize=150%2C84 150w, https:\/\/i0.wp.com\/www.tvturk.com\/wp-content\/uploads\/2019\/02\/buyukkilic-saglik-turizm-merkezi-artik-kayseri-olacak_c35e506.jpg?resize=300%2C169 300w, https:\/\/i0.wp.com\/www.tvturk.com\/wp-content\/uploads\/2019\/02\/buyukkilic-saglik-turizm-merkezi-artik-kayseri-olacak_c35e506.jpg?resize=768%2C432 768w, https:\/\/i0.wp.com\/www.tvturk.com\/wp-content\/uploads\/2019\/02\/buyukkilic-saglik-turizm-merkezi-artik-kayseri-olacak_c35e506.jpg?resize=200%2C113 200w\" width=\"267\" height=\"150\" loading=\"lazy\" data-original-width=\"267\" data-original-height=\"150\" itemprop=\"http:\/\/schema.org\/image\" title=\"B\u00fcy\u00fckk\u0131l\u0131\u00e7: &quot;Sa\u011fl\u0131k turizm merkezi art\u0131k Kayseri olacak\u201d\" alt=\"B\u00fcy\u00fckk\u0131l\u0131\u00e7: &quot;Sa\u011fl\u0131k turizm merkezi art\u0131k Kayseri olacak\u201d\" style=\"width: 267px; height: 150px;\" \/> <\/a> <\/div> <\/div> <!-- close group --> <div class=\"gallery-group images-1\" style=\"width: 229px; height: 154px;\" data-original-width=\"229\" data-original-height=\"154\" > <div class=\"tiled-gallery-item tiled-gallery-item-small\" itemprop=\"associatedMedia\" itemscope itemtype=\"http:\/\/schema.org\/ImageObject\"> <a href=\"http:\/\/www.tvturk.com\/index.php\/buyukkilic-saglik-turizm-merkezi-artik-kayseri-olacak\/buyukkilic-saglik-turizm-merkezi-artik-kayseri-olacak-4\/\" border=\"0\" itemprop=\"url\"> <meta itemprop=\"width\" content=\"225\"> <meta itemprop=\"height\" content=\"150\"> <img decoding=\"async\" class=\"\" data-attachment-id=\"23528\" data-orig-file=\"http:\/\/www.tvturk.com\/wp-content\/uploads\/2019\/02\/buyukkilic-saglik-turizm-merkezi-artik-kayseri-olacak_2f9b459.jpg\" data-orig-size=\"1000,667\" data-comments-opened=\"\" data-image-meta=\"{&quot;aperture&quot;:&quot;0&quot;,&quot;credit&quot;:&quot;IHA&quot;,&quot;camera&quot;:&quot;&quot;,&quot;caption&quot;:&quot;B\\u00dcY\\u00dcK\\u015eEH\\u0130R BELED\\u0130YE BA\\u015eKAN ADAYI VE MEL\\u0130KGAZ\\u0130 BELED\\u0130YE BA\\u015eKANI DR. MEMDUH B\\u00dcY\\u00dcKKILI\\u00c7, KAYSER\\u0130 \\u015eEHR\\u0130N\\u0130N SA\\u011eLIK SEKT\\u00d6R\\u00dcNDE \\u00d6NC\\u00dc VE \\u00d6RNEK TE\\u015eK\\u0130L ETT\\u0130\\u011e\\u0130N\\u0130 \\u00d6ZEL VE KAMU HASTANELER\\u0130 \\u0130LE 20 SA\\u011eLIK MERKEZ\\u0130 BULUNDU\\u011eUNU S\\u00d6YLED\\u0130. (\\u0130HA\\\/KAYSER\\u0130-\\u0130HA)&quot;,&quot;created_timestamp&quot;:&quot;0&quot;,&quot;copyright&quot;:&quot;\\u0130HLAS HABER AJANSI, www.iha.com.tr&quot;,&quot;focal_length&quot;:&quot;0&quot;,&quot;iso&quot;:&quot;0&quot;,&quot;shutter_speed&quot;:&quot;0&quot;,&quot;title&quot;:&quot;B\\u00dcY\\u00dcKKILI\\u00c7: \\u0022SA\\u011eLIK TUR\\u0130ZM MERKEZ\\u0130 ARTIK KAYSER\\u0130 OLACAK\\u201d&quot;,&quot;orientation&quot;:&quot;0&quot;}\" data-image-title=\"B\u00fcy\u00fckk\u0131l\u0131\u00e7: &amp;#8220;Sa\u011fl\u0131k turizm merkezi art\u0131k Kayseri olacak\u201d\" data-image-description=\"&lt;p&gt;B\u00fcy\u00fckk\u0131l\u0131\u00e7: &amp;#8220;Sa\u011fl\u0131k turizm merkezi art\u0131k Kayseri olacak\u201d&lt;\/p&gt; \" data-medium-file=\"https:\/\/i0.wp.com\/www.tvturk.com\/wp-content\/uploads\/2019\/02\/buyukkilic-saglik-turizm-merkezi-artik-kayseri-olacak_2f9b459.jpg?fit=300%2C200\" data-large-file=\"https:\/\/i0.wp.com\/www.tvturk.com\/wp-content\/uploads\/2019\/02\/buyukkilic-saglik-turizm-merkezi-artik-kayseri-olacak_2f9b459.jpg?fit=1000%2C667\" src=\"https:\/\/i0.wp.com\/www.tvturk.com\/wp-content\/uploads\/2019\/02\/buyukkilic-saglik-turizm-merkezi-artik-kayseri-olacak_2f9b459.jpg?w=225&#038;h=150\" srcset=\"https:\/\/i0.wp.com\/www.tvturk.com\/wp-content\/uploads\/2019\/02\/buyukkilic-saglik-turizm-merkezi-artik-kayseri-olacak_2f9b459.jpg?w=1000 1000w, https:\/\/i0.wp.com\/www.tvturk.com\/wp-content\/uploads\/2019\/02\/buyukkilic-saglik-turizm-merkezi-artik-kayseri-olacak_2f9b459.jpg?resize=150%2C100 150w, https:\/\/i0.wp.com\/www.tvturk.com\/wp-content\/uploads\/2019\/02\/buyukkilic-saglik-turizm-merkezi-artik-kayseri-olacak_2f9b459.jpg?resize=300%2C200 300w, https:\/\/i0.wp.com\/www.tvturk.com\/wp-content\/uploads\/2019\/02\/buyukkilic-saglik-turizm-merkezi-artik-kayseri-olacak_2f9b459.jpg?resize=768%2C512 768w, https:\/\/i0.wp.com\/www.tvturk.com\/wp-content\/uploads\/2019\/02\/buyukkilic-saglik-turizm-merkezi-artik-kayseri-olacak_2f9b459.jpg?resize=170%2C113 170w, https:\/\/i0.wp.com\/www.tvturk.com\/wp-content\/uploads\/2019\/02\/buyukkilic-saglik-turizm-merkezi-artik-kayseri-olacak_2f9b459.jpg?resize=120%2C80 120w\" width=\"225\" height=\"150\" loading=\"lazy\" data-original-width=\"225\" data-original-height=\"150\" itemprop=\"http:\/\/schema.org\/image\" title=\"B\u00fcy\u00fckk\u0131l\u0131\u00e7: &quot;Sa\u011fl\u0131k turizm merkezi art\u0131k Kayseri olacak\u201d\" alt=\"B\u00fcy\u00fckk\u0131l\u0131\u00e7: &quot;Sa\u011fl\u0131k turizm merkezi art\u0131k Kayseri olacak\u201d\" style=\"width: 225px; height: 150px;\" \/> <\/a> <\/div> <\/div> <!-- close group --> <\/div> <!-- close row --> <\/div><\/p>\n","protected":false},"excerpt":{"rendered":"<p>B\u00dcY\u00dcK\u015eEH\u0130R BELED\u0130YE BA\u015eKAN ADAYI VE MEL\u0130KGAZ\u0130 BELED\u0130YE BA\u015eKANI DR. MEMDUH B\u00dcY\u00dcKKILI\u00c7, KAYSER\u0130 \u015eEHR\u0130N\u0130N SA\u011eLIK SEKT\u00d6R\u00dcNDE \u00d6NC\u00dc VE \u00d6RNEK TE\u015eK\u0130L ETT\u0130\u011e\u0130N\u0130 \u00d6ZEL VE KAMU HASTANELER\u0130 \u0130LE 20 SA\u011eLIK MERKEZ\u0130 BULUNDU\u011eUNU S\u00d6YLED\u0130.<\/p>\n","protected":false},"author":1,"featured_media":23526,"comment_status":"closed","ping_status":"open","sticky":false,"template":"","format":"standard","meta":{"jetpack_post_was_ever_published":false,"_jetpack_newsletter_access":"","_jetpack_dont_email_post_to_subs":false,"_jetpack_newsletter_tier_id":0,"_jetpack_memberships_contains_paywalled_content":false,"_jetpack_memberships_contains_paid_content":false,"footnotes":"","jetpack_publicize_message":"","jetpack_publicize_feature_enabled":true,"jetpack_social_post_already_shared":false,"jetpack_social_options":{"image_generator_settings":{"template":"highway","default_image_id":0,"font":"","enabled":false},"version":2}},"categories":[655],"tags":[4011,2058,274,295,1189,734,2184],"class_list":["post-23525","post","type-post","status-publish","format-standard","has-post-thumbnail","hentry","category-son-dakika","tag-kayseri","tag-artik","tag-buyukkilic","tag-merkezi","tag-olacak","tag-saglik","tag-turizm"],"jetpack_publicize_connections":[],"jetpack_featured_media_url":"https:\/\/i0.wp.com\/www.tvturk.com\/wp-content\/uploads\/2019\/02\/buyukkilic-saglik-turizm-merkezi-artik-kayseri-olacak_bd43d9c.jpg?fit=1000%2C562","jetpack_sharing_enabled":true,"jetpack_shortlink":"https:\/\/wp.me\/paKIfm-67r","_links":{"self":[{"href":"http:\/\/www.tvturk.com\/index.php\/wp-json\/wp\/v2\/posts\/23525","targetHints":{"allow":["GET"]}}],"collection":[{"href":"http:\/\/www.tvturk.com\/index.php\/wp-json\/wp\/v2\/posts"}],"about":[{"href":"http:\/\/www.tvturk.com\/index.php\/wp-json\/wp\/v2\/types\/post"}],"author":[{"embeddable":true,"href":"http:\/\/www.tvturk.com\/index.php\/wp-json\/wp\/v2\/users\/1"}],"replies":[{"embeddable":true,"href":"http:\/\/www.tvturk.com\/index.php\/wp-json\/wp\/v2\/comments?post=23525"}],"version-history":[{"count":1,"href":"http:\/\/www.tvturk.com\/index.php\/wp-json\/wp\/v2\/posts\/23525\/revisions"}],"predecessor-version":[{"id":23529,"href":"http:\/\/www.tvturk.com\/index.php\/wp-json\/wp\/v2\/posts\/23525\/revisions\/23529"}],"wp:featuredmedia":[{"embeddable":true,"href":"http:\/\/www.tvturk.com\/index.php\/wp-json\/wp\/v2\/media\/23526"}],"wp:attachment":[{"href":"http:\/\/www.tvturk.com\/index.php\/wp-json\/wp\/v2\/media?parent=23525"}],"wp:term":[{"taxonomy":"category","embeddable":true,"href":"http:\/\/www.tvturk.com\/index.php\/wp-json\/wp\/v2\/categories?post=23525"},{"taxonomy":"post_tag","embeddable":true,"href":"http:\/\/www.tvturk.com\/index.php\/wp-json\/wp\/v2\/tags?post=23525"}],"curies":[{"name":"wp","href":"https:\/\/api.w.org\/{rel}","templated":true}]}}