{"id":235321,"date":"2019-12-01T09:31:47","date_gmt":"2019-12-01T06:31:47","guid":{"rendered":"http:\/\/www.tvturk.com\/index.php\/yazar-nazan-sara-satana-zaman-yolculugunu-anlatti\/"},"modified":"2019-12-01T09:31:47","modified_gmt":"2019-12-01T06:31:47","slug":"yazar-nazan-sara-satana-zaman-yolculugunu-anlatti","status":"publish","type":"post","link":"http:\/\/www.tvturk.com\/index.php\/yazar-nazan-sara-satana-zaman-yolculugunu-anlatti\/","title":{"rendered":"Yazar Nazan \u015eara \u015eatana zaman yolculu\u011funu anlatt\u0131"},"content":{"rendered":"<p>Yazar Nazan \u015eara Satana, Do\u011fu ve G\u00fcneydo\u011fu Anadolu B\u00f6lgesi\u2019nin en b\u00fcy\u00fck al\u0131\u015fveri\u015f merkezi olan Ceylan Karavil Park\u2019ta T\u00fcrk Zinciri isimli kitab\u0131n\u0131n imza g\u00fcn\u00fcne kat\u0131ld\u0131.<\/p>\n<p>Karavil Grup ve Ceylan Grup ortakl\u0131\u011f\u0131nda hayata ge\u00e7en kiralama ve y\u00f6netimi Prime Development taraf\u0131ndan yap\u0131lan Ceylan Karavil Park AVM \u00fcnl\u00fc yazar Nazan \u015eara \u015eatana\u2019y\u0131 a\u011f\u0131rlayarak kitapseverlerle bulu\u015fturdu. Vatanda\u015flar\u0131n yo\u011fun ilgi g\u00f6sterdi\u011fi, \u015eeyh \u015eamil\u2019in soyundan gelen yazar Nazan \u015eara \u015eatana, hayranlar\u0131yla foto\u011fraf \u00e7ekip, K\u00fcrt\u00e7e isimleri olanlar\u0131n anlamlar\u0131n\u0131 \u00f6\u011frenip not ald\u0131.<\/p>\n<p>\u0130hlas Haber Ajans\u0131 (\u0130HA) muhabirine a\u00e7\u0131klama yapan Nazan \u015eara \u015eatana, Diyarbak\u0131r\u2019a ikinci geli\u015fi oldu\u011funu, daha \u00f6nce Topkap\u0131 \u015eifresi kitab\u0131yla geldi\u011fini s\u00f6yledi. Yazar \u015eara \u015eatan, \u201cDiyarbak\u0131rl\u0131lar kitap okuyorlar ve \u00e7ok kalabal\u0131kt\u0131, \u00e7ok g\u00fczeldi. Benim hi\u00e7 unutamad\u0131\u011f\u0131m imza g\u00fcnlerimden biridir Diyarbak\u0131r. U\u011furuna da inan\u0131yorum. Yeni kitab\u0131mda da yine Diyarbak\u0131r\u2019da olsun istedim. AVM\u2019nin yetkilisi Didem Y\u0131lmaz Oto han\u0131m bu konuda o kadar iyi ki, se\u00e7iyor sanki. Buraya gelen sanat\u00e7\u0131lar\u0131, yazarlar\u0131 bir\u00e7o\u011funu tan\u0131yorum. Onlar\u0131 se\u00e7iyor b\u00f6yle. Kimler, neleri yapm\u0131\u015flar, neleri ba\u015farm\u0131\u015flar ve ne g\u00fczellikler sermi\u015flerse onlar\u0131 davet ediyor. Bunlardan biri de benim, tabi \u00e7ok mutluyum. Fantastik kitap yazarken \u015f\u00f6yle bir kolayl\u0131\u011f\u0131n\u0131z var. Fantastik dedi\u011finiz zaman hayallerinizi hem yazar olarak hem okurlar olarak daha geni\u015f tutabiliyorsunuz. \u00c7\u00fcnk\u00fc bir noktada fantastikliyorsunuz. Yaln\u0131z \u015furada bir ayr\u0131m\u0131 \u00e7ok ciddi yapmak laz\u0131m. Fantastik kitap yazarken de ben tarihten esinlenerek kitap yazd\u0131\u011f\u0131m i\u00e7in asla asla i\u00e7inde hayaller olmuyor. Ger\u00e7eklerin i\u00e7ine g\u00fczellikler ilave edebiliyorsunuz. Bir yazar bir kitab\u0131 yaz\u0131yorsa kitab\u0131n i\u00e7inde olmal\u0131. Karakterle tiplemelerle yatmal\u0131, onlarla kalkmal\u0131. Sonra kendimden s\u00f6z etti\u011fim zaman evet, Allah\u2019\u0131n bana verdi\u011fi b\u00fcy\u00fck bir l\u00fctuf. Bunu kabul ediyorum. Ben yazd\u0131\u011f\u0131m kitaplardaki tiplemelerimle birebir ya\u015f\u0131yorum. \u00c7ok \u00f6nemli bir \u015fey s\u00f6ylemek istiyorum. Bazen yazd\u0131klar\u0131m\u0131 bir g\u00fcn, birka\u00e7 g\u00fcn sonra okudu\u011fumda kendi yazd\u0131klar\u0131m\u0131 okudu\u011fumda onlar\u0131 herhangi bir yerde okumad\u0131\u011f\u0131m\u0131 biliyorum. Ama onlar\u0131 yaz\u0131yorum. Bunun ad\u0131 astral seyahat midir, bunun ad\u0131 nedir bilemiyorum. Ama bu bir ger\u00e7ek. Ben kitaplar\u0131mdaki tiplemelerle uzun uzun sohbetler yap\u0131yorum. Hatta bir bilinmeyeni de bu sohbetlerimden sonra a\u00e7\u0131kland\u0131. Bilmiyorum, diyorum ya ben \u015fansl\u0131y\u0131m\u201d dedi.<\/p>\n<p>\u201cDiyarbak\u0131r d\u00fcnyan\u0131n en g\u00fczel \u015fehirlerinden biri\u201d<\/p>\n<p>Diyarbak\u0131rl\u0131lar\u0131n okudu\u011funu, \u00f6zellikle gen\u00e7lere hayran oldu\u011funu kaydeden Nazan \u015eara \u015eatana, s\u00f6zlerine \u015f\u00f6yle devam etti:<\/p>\n<p>\u201cBen daha \u00f6nce geldi\u011fimde o kadar \u00e7ok \u015fa\u015f\u0131rm\u0131\u015ft\u0131m ki, T\u00fcrkiye\u2019nin \u00e7e\u015fitli yerlerinde imza g\u00fcnlerine gidiyoruz. Ama bunu t\u00fcm samimiyetimle s\u00f6yl\u00fcyorum. Televizyon programlar\u0131nda da s\u00f6yledim zaten. Bug\u00fcn de ayn\u0131s\u0131 olaca\u011f\u0131n\u0131 d\u00fc\u015f\u00fcn\u00fcyorum. Diyarbak\u0131rl\u0131 kitap okuyor, Diyarbak\u0131rl\u0131 yazara \u00f6nem veriyor. Ben hani hep diyorum ya, yazarlar\u0131n okurlar\u0131 alk\u0131\u015flar\u0131d\u0131r. Diyarbak\u0131r \u00e7ok alk\u0131\u015fl\u0131yor. Biz T\u00fcrkiye\u2019de kitap okumay\u0131 sevmiyoruz. Ger\u00e7ekten sevmiyoruz. T\u00fcrkiye\u2019nin her yerinde, b\u00fct\u00fcn \u015fehirlerinde kitap okuma oran\u0131 \u00e7ok d\u00fc\u015f\u00fck. Ama Diyarbak\u0131r\u2019da y\u00fcksek. Bunu her zaman s\u00f6yledim ve gururla s\u00f6yl\u00fcyorum. Zaten ben de Diyarbak\u0131rl\u0131y\u0131m. \u015eeyh \u015eamil\u2019in soyundan gelmek \u00e7ok b\u00fcy\u00fck bir \u015fey. \u00c7ok \u00f6nemli bir \u015fey. \u015eeref duyulan bir \u015fey. \u00c7ok \u00e7ok g\u00fczel bir olay. Allah herkese nasip etmiyor. Allah bana \u015eeyh \u015eamil\u2019in soyundan gelmeyi nasip etmi\u015fse benim edepli yaz\u0131 yazmam gerekiyor. Benim bilgili yaz\u0131 yazmam gerekiyor. Benim tarihi iyi \u00f6\u011frenmem gerekiyor. Yoksa oturup da b\u00f6yle herhangi bir \u015feyi yazabilirsiniz. Ben \u00f6yle yapamam. Benim sorumluluklar\u0131m atalar\u0131mdan geliyor. Ben anne taraf\u0131ndan Da\u011f\u0131stan k\u00f6kenliyim ve ilk kitab\u0131m \u201cAsar \u015eamil ve Rus Terzi\u201d \u015eeyh \u015eamil\u2019in birebir onun k\u00f6y\u00fcnden, onun evinden, onun ya\u015fad\u0131\u011f\u0131 yerden gelen dedemin hayat hikayesi. Ben herhangi bir \u015fey yazabilir miyim? \u015eimdi Diyarbak\u0131r\u2019da asl\u0131nda yazd\u0131\u011f\u0131m bana g\u00f6re Diyarbak\u0131r\u2019a bir imza g\u00fcn\u00fcnde gelecek isem bir daha ki sefer \u015fark\u0131n modern gelinine \u015fehri baharla gelmek istiyorum. Diyarbak\u0131r\u2019a 1915 tarihinde gelin gelmi\u015f modern d\u00fc\u015f\u00fcnceli, \u00e7a\u011fda\u015f d\u00fc\u015f\u00fcnceli bir Arap kad\u0131n\u0131n Diyarbak\u0131r\u2019a gelmesi ve burada o tarihte okuma yazmay\u0131 kad\u0131nlara \u00f6\u011fretmesi. Mevlitler okumas\u0131 ve bu kad\u0131n\u0131n yine ayn\u0131 zamanda dans etmesi. O kadar dolu dolu bir kad\u0131n ki, o kad\u0131n o tarihte kad\u0131na \u015fiddetin o tarihte m\u00fccadelesini veren bir kad\u0131n. B\u00fcy\u00fck olaylar\u0131 ba\u015farm\u0131\u015f bir kad\u0131n. \u015eehri bahar, onu tekrar elden ge\u00e7irece\u011fim ve yeniden yay\u0131nlanacak. Ve ben o zaman bir Diyarbak\u0131r kitab\u0131 yazarak burada olaca\u011f\u0131m. \u00c7e\u015fitli d\u00f6nemlerin, \u00e7e\u015fitli yerleri ve \u00e7e\u015fitli tarihlerin kitaplar\u0131n\u0131 yazd\u0131m. \u015eimdi de bir Diyarbak\u0131r kitab\u0131yla bir daha ki sefer \u00f6yle gelece\u011fim. Diyarbak\u0131r d\u00fcnyan\u0131n en g\u00fczel \u015fehirlerinden biri.\u201d<\/p>\n<p>Yazar Nazan \u015eara \u015eatana, kitapseverlerin kitaplar\u0131n\u0131 imzalad\u0131ktan sonra hayranlar\u0131yla hat\u0131ra foto\u011fraf \u00e7ekti.<\/p>\n","protected":false},"excerpt":{"rendered":"<p>DO\u011eU VE G\u00dcNEYDO\u011eU ANADOLU B\u00d6LGES\u0130\u2019N\u0130N EN B\u00dcY\u00dcK ALI\u015eVER\u0130\u015e MERKEZ\u0130 OLAN CEYLAN KARAV\u0130L PARK\u2019TA YAZAR NAZAN \u015eARA \u015eATANA, T\u00dcRK Z\u0130NC\u0130R\u0130 \u0130S\u0130ML\u0130 K\u0130TABININ \u0130MZA G\u00dcN\u00dcN\u00dc D\u00dcZENLED\u0130.<\/p>\n","protected":false},"author":1,"featured_media":235322,"comment_status":"closed","ping_status":"open","sticky":false,"template":"","format":"standard","meta":{"jetpack_post_was_ever_published":false,"_jetpack_newsletter_access":"","_jetpack_dont_email_post_to_subs":false,"_jetpack_newsletter_tier_id":0,"_jetpack_memberships_contains_paywalled_content":false,"_jetpack_memberships_contains_paid_content":false,"footnotes":"","jetpack_publicize_message":"","jetpack_publicize_feature_enabled":true,"jetpack_social_post_already_shared":true,"jetpack_social_options":{"image_generator_settings":{"template":"highway","default_image_id":0,"font":"","enabled":false},"version":2}},"categories":[656],"tags":[356,6486,11632,59127,1448,31661,74],"class_list":["post-235321","post","type-post","status-publish","format-standard","has-post-thumbnail","hentry","category-kultur-sanat","tag-anlatti","tag-nazan","tag-sara","tag-satana","tag-yazar","tag-yolculugunu","tag-zaman"],"jetpack_publicize_connections":[],"jetpack_featured_media_url":"https:\/\/i0.wp.com\/www.tvturk.com\/wp-content\/uploads\/2019\/12\/yazar-nazan-sara-satana-zaman-yolculugunu-anlatti_c48b743.jpg?fit=1000%2C666","jetpack_sharing_enabled":true,"jetpack_shortlink":"https:\/\/wp.me\/paKIfm-Zdv","_links":{"self":[{"href":"http:\/\/www.tvturk.com\/index.php\/wp-json\/wp\/v2\/posts\/235321","targetHints":{"allow":["GET"]}}],"collection":[{"href":"http:\/\/www.tvturk.com\/index.php\/wp-json\/wp\/v2\/posts"}],"about":[{"href":"http:\/\/www.tvturk.com\/index.php\/wp-json\/wp\/v2\/types\/post"}],"author":[{"embeddable":true,"href":"http:\/\/www.tvturk.com\/index.php\/wp-json\/wp\/v2\/users\/1"}],"replies":[{"embeddable":true,"href":"http:\/\/www.tvturk.com\/index.php\/wp-json\/wp\/v2\/comments?post=235321"}],"version-history":[{"count":0,"href":"http:\/\/www.tvturk.com\/index.php\/wp-json\/wp\/v2\/posts\/235321\/revisions"}],"wp:featuredmedia":[{"embeddable":true,"href":"http:\/\/www.tvturk.com\/index.php\/wp-json\/wp\/v2\/media\/235322"}],"wp:attachment":[{"href":"http:\/\/www.tvturk.com\/index.php\/wp-json\/wp\/v2\/media?parent=235321"}],"wp:term":[{"taxonomy":"category","embeddable":true,"href":"http:\/\/www.tvturk.com\/index.php\/wp-json\/wp\/v2\/categories?post=235321"},{"taxonomy":"post_tag","embeddable":true,"href":"http:\/\/www.tvturk.com\/index.php\/wp-json\/wp\/v2\/tags?post=235321"}],"curies":[{"name":"wp","href":"https:\/\/api.w.org\/{rel}","templated":true}]}}