{"id":235341,"date":"2019-12-01T10:31:42","date_gmt":"2019-12-01T07:31:42","guid":{"rendered":"http:\/\/www.tvturk.com\/index.php\/ukraynada-turk-vatandaslari-havaalaninda-kotu-muamele-gorduklerini-iddia-etti\/"},"modified":"2019-12-01T10:31:42","modified_gmt":"2019-12-01T07:31:42","slug":"ukraynada-turk-vatandaslari-havaalaninda-kotu-muamele-gorduklerini-iddia-etti","status":"publish","type":"post","link":"http:\/\/www.tvturk.com\/index.php\/ukraynada-turk-vatandaslari-havaalaninda-kotu-muamele-gorduklerini-iddia-etti\/","title":{"rendered":"Ukrayna\u2019da T\u00fcrk vatanda\u015flar\u0131 havaalan\u0131nda k\u00f6t\u00fc muamele g\u00f6rd\u00fcklerini iddia etti"},"content":{"rendered":"<p>Ukrayna\u2019n\u0131n liman kentlerinden biri olan Odessa\u2019da, \u00fclkeye al\u0131nmayan T\u00fcrk vatanda\u015flar\u0131 havaalan\u0131nda k\u00f6t\u00fc muamele g\u00f6rd\u00fcklerini iddia etti.<\/p>\n<p>Ukrayna\u2019daki Odessa Havaliman\u0131\u2019nda bir grup T\u00fcrk vatanda\u015f\u0131 nedenini bilmedikleri bir \u015fekilde \u00fclkeye al\u0131nmad\u0131klar\u0131n\u0131 s\u00f6yledi. Kendilerine havaalan\u0131nda k\u00f6t\u00fc muamele yap\u0131ld\u0131\u011f\u0131n\u0131 \u00f6ne s\u00fcren T\u00fcrk vatanda\u015flar, duruma tepki g\u00f6sterdi.<\/p>\n<p>Havaliman\u0131nda g\u00f6r\u00fcnt\u00fc \u00e7eken ve a\u00e7\u0131klama yapan bir T\u00fcrk vatanda\u015f, \u201cYakla\u015f\u0131k on g\u00fcn \u00f6nce geldi\u011fimiz Ukrayna\u2019da bize \u00e7ok k\u00f6t\u00fc davrand\u0131lar. Evraklar\u0131m\u0131zda bir eksiklik yok. \u00dclkeye al\u0131nmama sebebini sordu\u011fumuzda bize d\u00fczg\u00fcn bir a\u00e7\u0131klama bile yap\u0131lm\u0131yor. S\u0131n\u0131rda g\u00f6revli polis memurlar\u0131, bize bug\u00fcn \u00fclkeye al\u0131nmad\u0131ysan\u0131z yar\u0131n al\u0131n\u0131rs\u0131n\u0131z \u015feklinde s\u00f6zler sarf edip, alay ediyor. Biz ka\u00e7ak g\u00f6\u00e7ek insanlar de\u011filiz. Tamamen keyfi olarak i\u00e7eri al\u0131nm\u0131yoruz. 10 eurodan 20 eurodan bir \u015fi\u015fe suyu sat\u0131yorlar param\u0131z kalmad\u0131 ekmek su bile vermiyorlar. Beni g\u00fcnlerce tuttuktan sonra geri g\u00f6nderdiler ama hala orada vatanda\u015flar\u0131m\u0131z kald\u0131. \u0130\u00e7lerinde kanser hastas\u0131 olan var. En \u00e7ok zorumuza giden de bizlere, bayra\u011f\u0131m\u0131za ve devletimize hakaret edilmesi. Biz \u00fclkemize ve devletimize hakaret etmelerini gerektirecek bir \u015fey yapmad\u0131k. Ne i\u00e7in \u00fclkeye al\u0131nmad\u0131\u011f\u0131m\u0131z\u0131 a\u00e7\u0131klayam\u0131yorlar bile. Hakarete u\u011frad\u0131\u011f\u0131m\u0131z\u0131, su\u00e7suz oldu\u011fumuzu Odessa\u2019daki konsoloslu\u011fa ilettik geldiler. Ama onlar da bir \u015fey yapamad\u0131. Ukraynal\u0131lar bizim \u00fclkemize geldi\u011finde biz onlara b\u00f6yle davranm\u0131yoruz. Biz misafirperver bir milletiz. Sesimizi D\u0131\u015fi\u015fleri Bakanl\u0131\u011f\u0131m\u0131za duyurmak istiyoruz. Allah r\u0131zas\u0131 i\u00e7in bu insanlar\u0131n ma\u011fduriyetini giderin\u201d ifadelerini kulland\u0131.<\/p>\n<p>Ge\u00e7ti\u011fimiz aylarda T\u00fcrkiye Cumhuriyeti Kiev B\u00fcy\u00fckel\u00e7isi Ahmet Ya\u011fmur G\u00fcldere, T\u00fcrk vatanda\u015flar\u0131n\u0131n s\u0131n\u0131rlarda ya\u015fad\u0131\u011f\u0131 sorunlar sebebiyle Ukrayna Devlet S\u0131n\u0131r Servisi Ba\u015fkan\u0131 Sergey Deyneko ile g\u00f6r\u00fc\u015fm\u00fc\u015ft\u00fc.<\/p>\n","protected":false},"excerpt":{"rendered":"<p>UKRAYNA\u2019NIN L\u0130MAN KENTLER\u0130NDEN B\u0130R\u0130 OLAN ODESSA\u2019DA, \u00dcLKEYE ALINMAYAN T\u00dcRK VATANDA\u015eLARI HAVAALANINDA K\u00d6T\u00dc MUAMELE G\u00d6RD\u00dcKLER\u0130N\u0130 \u0130DD\u0130A ETT\u0130.<\/p>\n","protected":false},"author":1,"featured_media":235342,"comment_status":"closed","ping_status":"open","sticky":false,"template":"","format":"standard","meta":{"jetpack_post_was_ever_published":false,"_jetpack_newsletter_access":"","_jetpack_dont_email_post_to_subs":false,"_jetpack_newsletter_tier_id":0,"_jetpack_memberships_contains_paywalled_content":false,"_jetpack_memberships_contains_paid_content":false,"footnotes":"","jetpack_publicize_message":"","jetpack_publicize_feature_enabled":true,"jetpack_social_post_already_shared":true,"jetpack_social_options":{"image_generator_settings":{"template":"highway","default_image_id":0,"font":"","enabled":false},"version":2}},"categories":[10],"tags":[8562,207,59134,21689,8141,50452,957,14308,922],"class_list":["post-235341","post","type-post","status-publish","format-standard","has-post-thumbnail","hentry","category-dunya","tag-kotu","tag-etti","tag-gorduklerini","tag-havaalaninda","tag-iddia","tag-muamele","tag-turk","tag-ukraynada","tag-vatandaslari"],"jetpack_publicize_connections":[],"jetpack_featured_media_url":"https:\/\/i0.wp.com\/www.tvturk.com\/wp-content\/uploads\/2019\/12\/ukraynada-turk-vatandaslari-havaalaninda-kotu-muamele-gorduklerini-iddia-etti_505cfd3.jpg?fit=562%2C1000","jetpack_sharing_enabled":true,"jetpack_shortlink":"https:\/\/wp.me\/paKIfm-ZdP","_links":{"self":[{"href":"http:\/\/www.tvturk.com\/index.php\/wp-json\/wp\/v2\/posts\/235341","targetHints":{"allow":["GET"]}}],"collection":[{"href":"http:\/\/www.tvturk.com\/index.php\/wp-json\/wp\/v2\/posts"}],"about":[{"href":"http:\/\/www.tvturk.com\/index.php\/wp-json\/wp\/v2\/types\/post"}],"author":[{"embeddable":true,"href":"http:\/\/www.tvturk.com\/index.php\/wp-json\/wp\/v2\/users\/1"}],"replies":[{"embeddable":true,"href":"http:\/\/www.tvturk.com\/index.php\/wp-json\/wp\/v2\/comments?post=235341"}],"version-history":[{"count":0,"href":"http:\/\/www.tvturk.com\/index.php\/wp-json\/wp\/v2\/posts\/235341\/revisions"}],"wp:featuredmedia":[{"embeddable":true,"href":"http:\/\/www.tvturk.com\/index.php\/wp-json\/wp\/v2\/media\/235342"}],"wp:attachment":[{"href":"http:\/\/www.tvturk.com\/index.php\/wp-json\/wp\/v2\/media?parent=235341"}],"wp:term":[{"taxonomy":"category","embeddable":true,"href":"http:\/\/www.tvturk.com\/index.php\/wp-json\/wp\/v2\/categories?post=235341"},{"taxonomy":"post_tag","embeddable":true,"href":"http:\/\/www.tvturk.com\/index.php\/wp-json\/wp\/v2\/tags?post=235341"}],"curies":[{"name":"wp","href":"https:\/\/api.w.org\/{rel}","templated":true}]}}