{"id":235353,"date":"2019-12-01T10:46:19","date_gmt":"2019-12-01T07:46:19","guid":{"rendered":"http:\/\/www.tvturk.com\/index.php\/irakin-zikar-kentinde-asiretler-kontrol-noktasi-kurdu\/"},"modified":"2019-12-01T10:46:19","modified_gmt":"2019-12-01T07:46:19","slug":"irakin-zikar-kentinde-asiretler-kontrol-noktasi-kurdu","status":"publish","type":"post","link":"http:\/\/www.tvturk.com\/index.php\/irakin-zikar-kentinde-asiretler-kontrol-noktasi-kurdu\/","title":{"rendered":"Irak\u2019\u0131n Zikar kentinde a\u015firetler kontrol noktas\u0131 kurdu"},"content":{"rendered":"<p>Irak\u2019\u0131n Kerbela kentindeki h\u00fck\u00fcmet kar\u015f\u0131t\u0131 g\u00f6sterilerde protestocular, g\u00fcvenlik g\u00fc\u00e7lerine molotof kokteyli att\u0131. En kanl\u0131 protestolar\u0131n ya\u015fand\u0131\u011f\u0131 Zikar kentinde ise a\u015firetler kentin giri\u015finde kontrol noktas\u0131 kurdu.<\/p>\n<p>Irak\u2019\u0131n ba\u015fkenti Ba\u011fdat ve di\u011fer kentlerde 2 ayd\u0131r devam eden h\u00fck\u00fcmet kar\u015f\u0131t\u0131 g\u00f6steriler sonras\u0131 Ba\u015fbakan Adil Abd\u00fclmehdi\u2019nin istifa etmesinin ard\u0131ndan 3 g\u00fcnl\u00fck yas ilan edilmesiyle bir\u00e7ok b\u00f6lgede tansiyon d\u00fc\u015ft\u00fc. Ancak gece saatlerinde g\u00f6stericiler Kerbela kentinde g\u00fcvenlik g\u00fc\u00e7lerine molotof kokteylleri ile sald\u0131rd\u0131. Protestocular aras\u0131na s\u0131zan baz\u0131 provokat\u00f6rler taraf\u0131ndan yap\u0131lan sald\u0131r\u0131 sonucu yaralanan 9 g\u00fcvenlik mensubu hastaneye kald\u0131r\u0131ld\u0131.<\/p>\n<p>En kanl\u0131 olaylar\u0131n ya\u015fand\u0131\u011f\u0131 Zikar\u2019da ise protestocular aras\u0131na provokat\u00f6rlerin s\u0131zmalar\u0131n\u0131 engellemek i\u00e7in a\u015firetler kentin giri\u015f noktalar\u0131nda kontrol noktas\u0131 olu\u015fturdu. A\u015firetler, Ba\u011fdat ile Diyala illerinden kente girmek isteyen ve yanlar\u0131nda 13 el bombas\u0131 bulunan bir grubu yakalad\u0131.<\/p>\n<p>\u00d6te yandan, Irak \u0130nsan Haklar\u0131 Y\u00fcksek Komiserli\u011fi ba\u015fkent Ba\u011fdat\u2019ta g\u00f6zalt\u0131na al\u0131nan 24 protestocunun serbest b\u0131rak\u0131ld\u0131\u011f\u0131n\u0131 duyurdu. Yap\u0131lan a\u00e7\u0131klamada, g\u00f6zalt\u0131nda bulunan 9 ki\u015finin ailelerinden yasal i\u015flemlerin tamamlanmas\u0131 i\u00e7in ba\u015fvuru yap\u0131lmas\u0131 istenildi.<\/p>\n<p>Irak\u2019ta 2 ayd\u0131r s\u00fcren ve yakla\u015f\u0131k 400 ki\u015finin \u00f6l\u00fcm\u00fcyle, 15 binden fazla ki\u015finin yaralanmas\u0131yla sonu\u00e7lanan h\u00fck\u00fcmet kar\u015f\u0131t\u0131 protesto g\u00f6sterileri Ba\u015fbakan Adil Abd\u00fclmehdi\u2019yi istifa etmeye zorlam\u0131\u015ft\u0131.<\/p>\n","protected":false},"excerpt":{"rendered":"<p>Z\u0130KAR KENT\u0130NDE A\u015e\u0130RETLER KENT\u0130N G\u0130R\u0130\u015e\u0130NDE KONTROL NOKTASI KURDU.<\/p>\n","protected":false},"author":1,"featured_media":235354,"comment_status":"closed","ping_status":"open","sticky":false,"template":"","format":"standard","meta":{"jetpack_post_was_ever_published":false,"_jetpack_newsletter_access":"","_jetpack_dont_email_post_to_subs":false,"_jetpack_newsletter_tier_id":0,"_jetpack_memberships_contains_paywalled_content":false,"_jetpack_memberships_contains_paid_content":false,"footnotes":"","jetpack_publicize_message":"","jetpack_publicize_feature_enabled":true,"jetpack_social_post_already_shared":true,"jetpack_social_options":{"image_generator_settings":{"template":"highway","default_image_id":0,"font":"","enabled":false},"version":2}},"categories":[10],"tags":[36606,7859,20534,868,466,103,59136],"class_list":["post-235353","post","type-post","status-publish","format-standard","has-post-thumbnail","hentry","category-dunya","tag-asiretler","tag-irakin","tag-kentinde","tag-kontrol","tag-kurdu","tag-noktasi","tag-zikar"],"jetpack_publicize_connections":[],"jetpack_featured_media_url":"https:\/\/i0.wp.com\/www.tvturk.com\/wp-content\/uploads\/2019\/12\/irakin-zikar-kentinde-asiretler-kontrol-noktasi-kurdu_6d00201.jpg?fit=750%2C400","jetpack_sharing_enabled":true,"jetpack_shortlink":"https:\/\/wp.me\/paKIfm-Ze1","_links":{"self":[{"href":"http:\/\/www.tvturk.com\/index.php\/wp-json\/wp\/v2\/posts\/235353","targetHints":{"allow":["GET"]}}],"collection":[{"href":"http:\/\/www.tvturk.com\/index.php\/wp-json\/wp\/v2\/posts"}],"about":[{"href":"http:\/\/www.tvturk.com\/index.php\/wp-json\/wp\/v2\/types\/post"}],"author":[{"embeddable":true,"href":"http:\/\/www.tvturk.com\/index.php\/wp-json\/wp\/v2\/users\/1"}],"replies":[{"embeddable":true,"href":"http:\/\/www.tvturk.com\/index.php\/wp-json\/wp\/v2\/comments?post=235353"}],"version-history":[{"count":0,"href":"http:\/\/www.tvturk.com\/index.php\/wp-json\/wp\/v2\/posts\/235353\/revisions"}],"wp:featuredmedia":[{"embeddable":true,"href":"http:\/\/www.tvturk.com\/index.php\/wp-json\/wp\/v2\/media\/235354"}],"wp:attachment":[{"href":"http:\/\/www.tvturk.com\/index.php\/wp-json\/wp\/v2\/media?parent=235353"}],"wp:term":[{"taxonomy":"category","embeddable":true,"href":"http:\/\/www.tvturk.com\/index.php\/wp-json\/wp\/v2\/categories?post=235353"},{"taxonomy":"post_tag","embeddable":true,"href":"http:\/\/www.tvturk.com\/index.php\/wp-json\/wp\/v2\/tags?post=235353"}],"curies":[{"name":"wp","href":"https:\/\/api.w.org\/{rel}","templated":true}]}}