{"id":235379,"date":"2019-12-01T11:32:14","date_gmt":"2019-12-01T08:32:14","guid":{"rendered":"http:\/\/www.tvturk.com\/index.php\/ahidin-ankara-sohbetlerinin-konugu-nevzat-ceylan-oldu\/"},"modified":"2019-12-01T11:32:14","modified_gmt":"2019-12-01T08:32:14","slug":"ahidin-ankara-sohbetlerinin-konugu-nevzat-ceylan-oldu","status":"publish","type":"post","link":"http:\/\/www.tvturk.com\/index.php\/ahidin-ankara-sohbetlerinin-konugu-nevzat-ceylan-oldu\/","title":{"rendered":"AH\u0130D\u2019in \u201cAnkara Sohbetleri\u201dnin konu\u011fu Nevzat Ceylan oldu"},"content":{"rendered":"<p>Ankaral\u0131lar ve Ankara\u2019ya Hizmet Edenler Derne\u011fi (AH\u0130D) taraf\u0131ndan ilki ger\u00e7ekle\u015ftirilen Ankara Sohbetleri program\u0131n\u0131n konu\u011fu Ankara milletvekili ve Ba\u015fkent Ankara Meclisi Ba\u015fkan\u0131 Nevzat Ceylan\u2019d\u0131. Ankaral\u0131lar Derne\u011fi Genel Merkezinde d\u00fczenlenen programa Mamak Belediye Ba\u015fkan\u0131 Murat K\u00f6se, STK temsilcileri ve \u00e7ok say\u0131da davetli kat\u0131ld\u0131.<\/p>\n<p>A\u00e7\u0131l\u0131\u015f konu\u015fmas\u0131n\u0131 yapan AH\u0130D Genel Ba\u015fkan\u0131 Hilmi Yaman, \u201cG\u00fcndemimiz her zaman oldu\u011fu gibi Ankara\u2019m\u0131z. Ankara\u2019y\u0131 her alanda konu\u015fmak i\u00e7in bir dizi program haz\u0131rlad\u0131k. Ankara Sohbetleri ad\u0131n\u0131 verdi\u011fimiz bu programda her ay bir konu\u011fumuzla Ankara\u2019m\u0131z\u0131 hem\u015fehrilerimize tan\u0131taca\u011f\u0131z\u201d dedi.<\/p>\n<p>Ankara\u2019n\u0131n, g\u00fcn\u00fcm\u00fczde oldu\u011fu gibi ge\u00e7mi\u015fte de \u00e7ok \u00f6nemli bir kent oldu\u011funu, T\u00fcrklerin eline ge\u00e7meden \u00f6nce \u00fc\u00e7 kez ba\u015fkentlik yapt\u0131\u011f\u0131n\u0131 s\u00f6yleyen Nevzat Ceylan, \u201cDaha sonra Ankara d\u00f6rd\u00fcnc\u00fc olarak, Ahi Cumhuriyeti\u2019ne 71 y\u0131l ba\u015fkentlik yapm\u0131\u015ft\u0131r\u201c dedi. Ceylan; Ankara\u2019da k\u00f6kle\u015fip geli\u015fen Ahi Cumhuriyeti\u2019nin d\u00fcnya demokrasi tarihinde \u00e7ok \u00f6nemli bir yeri oldu\u011funu s\u00f6yledi.<\/p>\n<p>Ankara\u2019n\u0131n 5. ba\u015fkentli\u011fini T\u00fcrkiye Cumhuriyetine yap\u0131yor olmas\u0131n\u0131n tesad\u00fcf olmad\u0131\u011f\u0131n\u0131 aktaran Ceylan, Sel\u00e7uklu Devletinin par\u00e7alanmas\u0131ndan sonra Anadolu\u2019da 16 beylik kuruldu\u011funu, sadece Ankara\u2019da beylik kurulmad\u0131\u011f\u0131n\u0131 ve Ankara\u2019n\u0131n 1292 y\u0131l\u0131ndan 1363 y\u0131l\u0131nda Osmanl\u0131 idaresine ge\u00e7ene kadar se\u00e7imle gelen Ankara Ahileri taraf\u0131ndan y\u00f6netildi\u011fini belirtti.<\/p>\n<p>Ceylan, &#8220;Gazi Mustafa Kemal Atat\u00fcrk, Ankara\u2019m\u0131z\u0131 ba\u015fkent olarak se\u00e7mesini \u015f\u00f6yle a\u00e7\u0131kl\u0131yor; \u2019Ben Ankara\u2019y\u0131 co\u011frafyadan de\u011fil, bir cumhuriyet merkezi olarak tarihten \u00f6\u011frendim ve g\u00f6rd\u00fcm ki Anadolu\u2019da beylik kurulamayan ve kendi kendini idare eden tek yer Ankara.\u2019 Ankara 15, 16 ve 17. y\u00fczy\u0131llarda d\u00fcnyan\u0131n geli\u015fmi\u015f 20 \u015fehrinden birisi, bu d\u00f6nemlerde n\u00fcfusu 20 binin \u00fczerinde&#8221; dedi. Ceylan, bu ekonomik geli\u015fmedeki en b\u00fcy\u00fck pay\u0131n Ankara Ke\u00e7isinden elde edilen tiftikten \u00fcretilen sof kuma\u015fa ait oldu\u011funu s\u00f6yledi. O d\u00f6nemde Ankara\u2019da y\u00fczlerce sof kuma\u015f tezgah\u0131 bulundu\u011funu anlatan Ceylan, buralarda \u00e7al\u0131\u015fan i\u015f\u00e7ilerin hak ve hukuklar\u0131n\u0131n Hac\u0131 Bayram Veli taraf\u0131ndan korundu\u011funu, bunun da d\u00fcnyada sendikac\u0131l\u0131\u011f\u0131n ba\u015flang\u0131c\u0131 oldu\u011funu s\u00f6yledi.<\/p>\n<p>Ankara\u2019n\u0131n savunma sanayinin, ula\u015f\u0131m\u0131n, e\u011fitimin ve sa\u011fl\u0131\u011f\u0131n ba\u015fkenti oldu\u011funa de\u011finen Ceylan, \u201cAnkara\u2019m\u0131z her ge\u00e7en g\u00fcn daha da b\u00fcy\u00fcy\u00fcp geli\u015fen bir \u015fehir; \u015fehrimizde 20 \u00fcniversite, 8 teknokent, 12 OSB ve savunma sanayinin y\u00fczde 75\u2019i burada bulunmakta. \u015eehrimiz, Anadolujet ve Y\u00fcksek H\u0131zl\u0131 Tren ile ula\u015f\u0131m\u0131n, Avrupa\u2019n\u0131n en b\u00fcy\u00fck, d\u00fcnyan\u0131n 3. b\u00fcy\u00fck hastanesi Bilkent \u015eehir Hastanesi ve Etlik \u015eehir Hastanesi ile toplamda 7 bin 500 yatak kapasitesi ile de sa\u011fl\u0131\u011f\u0131n ba\u015fkentidir\u201d diye konu\u015ftu.<\/p>\n","protected":false},"excerpt":{"rendered":"<p>ANKARALILAR VE ANKARA\u2019YA H\u0130ZMET EDENLER DERNE\u011e\u0130 (AH\u0130D) TARAFINDAN \u0130LK\u0130 GER\u00c7EKLE\u015eT\u0130R\u0130LEN ANKARA SOHBETLER\u0130 PROGRAMININ KONU\u011eU ANKARA M\u0130LLETVEK\u0130L\u0130 VE BA\u015eKENT ANKARA MECL\u0130S\u0130 BA\u015eKANI NEVZAT CEYLAN\u2019DI.<\/p>\n","protected":false},"author":1,"featured_media":235380,"comment_status":"closed","ping_status":"open","sticky":false,"template":"","format":"standard","meta":{"jetpack_post_was_ever_published":false,"_jetpack_newsletter_access":"","_jetpack_dont_email_post_to_subs":false,"_jetpack_newsletter_tier_id":0,"_jetpack_memberships_contains_paywalled_content":false,"_jetpack_memberships_contains_paid_content":false,"footnotes":"","jetpack_publicize_message":"","jetpack_publicize_feature_enabled":true,"jetpack_social_post_already_shared":true,"jetpack_social_options":{"image_generator_settings":{"template":"highway","default_image_id":0,"font":"","enabled":false},"version":2}},"categories":[1],"tags":[59139,1475,22896,7542,11059,77,59140],"class_list":["post-235379","post","type-post","status-publish","format-standard","has-post-thumbnail","hentry","category-genel","tag-ahidin","tag-ankara","tag-ceylan","tag-konugu","tag-nevzat","tag-oldu","tag-sohbetlerinin"],"jetpack_publicize_connections":[],"jetpack_featured_media_url":"https:\/\/i0.wp.com\/www.tvturk.com\/wp-content\/uploads\/2019\/12\/ahidin-ankara-sohbetlerinin-konugu-nevzat-ceylan-oldu_ead94f5.jpg?fit=960%2C640","jetpack_sharing_enabled":true,"jetpack_shortlink":"https:\/\/wp.me\/paKIfm-Zer","_links":{"self":[{"href":"http:\/\/www.tvturk.com\/index.php\/wp-json\/wp\/v2\/posts\/235379","targetHints":{"allow":["GET"]}}],"collection":[{"href":"http:\/\/www.tvturk.com\/index.php\/wp-json\/wp\/v2\/posts"}],"about":[{"href":"http:\/\/www.tvturk.com\/index.php\/wp-json\/wp\/v2\/types\/post"}],"author":[{"embeddable":true,"href":"http:\/\/www.tvturk.com\/index.php\/wp-json\/wp\/v2\/users\/1"}],"replies":[{"embeddable":true,"href":"http:\/\/www.tvturk.com\/index.php\/wp-json\/wp\/v2\/comments?post=235379"}],"version-history":[{"count":0,"href":"http:\/\/www.tvturk.com\/index.php\/wp-json\/wp\/v2\/posts\/235379\/revisions"}],"wp:featuredmedia":[{"embeddable":true,"href":"http:\/\/www.tvturk.com\/index.php\/wp-json\/wp\/v2\/media\/235380"}],"wp:attachment":[{"href":"http:\/\/www.tvturk.com\/index.php\/wp-json\/wp\/v2\/media?parent=235379"}],"wp:term":[{"taxonomy":"category","embeddable":true,"href":"http:\/\/www.tvturk.com\/index.php\/wp-json\/wp\/v2\/categories?post=235379"},{"taxonomy":"post_tag","embeddable":true,"href":"http:\/\/www.tvturk.com\/index.php\/wp-json\/wp\/v2\/tags?post=235379"}],"curies":[{"name":"wp","href":"https:\/\/api.w.org\/{rel}","templated":true}]}}