{"id":235389,"date":"2019-12-01T12:01:58","date_gmt":"2019-12-01T09:01:58","guid":{"rendered":"http:\/\/www.tvturk.com\/index.php\/dunya-engelliler-gununde-sevgi-engel-tanimaz-etkinligi\/"},"modified":"2019-12-01T12:01:58","modified_gmt":"2019-12-01T09:01:58","slug":"dunya-engelliler-gununde-sevgi-engel-tanimaz-etkinligi","status":"publish","type":"post","link":"http:\/\/www.tvturk.com\/index.php\/dunya-engelliler-gununde-sevgi-engel-tanimaz-etkinligi\/","title":{"rendered":"\u2019D\u00fcnya Engelliler G\u00fcn\u00fc\u2019nde \u201cSevgi Engel Tan\u0131maz\u201d etkinli\u011fi"},"content":{"rendered":"<p>Ankara B\u00fcy\u00fck\u015fehir Belediyesi, \u201c3 Aral\u0131k D\u00fcnya Engelliler G\u00fcn\u00fc\u201d kapsam\u0131nda engelli vatanda\u015flara \u00f6zel program haz\u0131rlad\u0131.<\/p>\n<p>B\u00fcy\u00fck\u015fehir Belediyesi, 3 Aral\u0131k Sal\u0131 g\u00fcn\u00fc \u201cSevgi Engel Tan\u0131maz\u201d temas\u0131yla sergi, e\u011flence ve yemek program\u0131 d\u00fczenleyecek. K\u0131z\u0131lay Metro Sanat Galerisinde 2 Aral\u0131k Pazartesi g\u00fcn\u00fc saat 11.00\u2019de resim ve el sanatlar\u0131 sergisi ile ba\u015flayacak olan etkinlikler, Gen\u00e7lik Park\u0131 K\u00fclt\u00fcr Merkezi Necip Faz\u0131l Salonu\u2019nda saat 14.00\u2019teki programla devam edecek. Programda mehter tak\u0131m\u0131 ile halk oyunlar\u0131 g\u00f6sterileri yap\u0131lacak, m\u00fczikli g\u00f6steri gruplar\u0131 sahne alacak.<\/p>\n<p>Sosyal Hizmetler Daire Ba\u015fkanl\u0131\u011f\u0131, Engelli Hizmet Merkezine kay\u0131tl\u0131 olan ihtiya\u00e7 sahibi 4 engelli \u00fcyeye, ya\u015famlar\u0131n\u0131 kolayla\u015ft\u0131rmak amac\u0131yla ak\u00fcl\u00fc ve manuel tekerlekli sandalye hediye edecek. Ak\u015fam saatlerinde de hizmet binas\u0131nda yemek organizasyonu ger\u00e7ekle\u015fecek.Yeme\u011fe kat\u0131lmak isteyen engelli vatanda\u015flar i\u00e7in Gen\u00e7lik Park\u0131ndan saat 16.00\u2019da otob\u00fcs kald\u0131r\u0131lacak. Ayr\u0131ca B\u00fcy\u00fck\u015fehir Belediyesi, Gen\u00e7lik Park\u0131 K\u00fclt\u00fcr Merkezi Necip Faz\u0131l Salonu\u2019nda d\u00fczenlenecek etkinli\u011fe kat\u0131lmak isteyen vatanda\u015flar i\u00e7in 3 Aral\u0131k Pazartesi g\u00fcn\u00fc saat 12.30\u2019da \u015fu \u00fc\u00e7 noktadan \u00fccretsiz asans\u00f6rl\u00fc otob\u00fcs servis hizmeti verecek. Otob\u00fcs\u00fcn hareket edece\u011fi adresler \u015fu \u015fekilde:<\/p>\n<p>&#8220;Sincan Harikalar Diyar\u0131 Engelliler Hizmet Merkezi, Elvankent Aile Ya\u015fam Merkezi, Ku\u015fca\u011f\u0131z Aile Ya\u015fam Merkezi.&#8221;<\/p>\n","protected":false},"excerpt":{"rendered":"<p>ANKARA B\u00dcY\u00dcK\u015eEH\u0130R BELED\u0130YES\u0130, \u201c3 ARALIK D\u00dcNYA ENGELL\u0130LER G\u00dcN\u00dc\u201d KAPSAMINDA ENGELL\u0130 VATANDA\u015eLARA \u00d6ZEL PROGRAM HAZIRLADI.<\/p>\n","protected":false},"author":1,"featured_media":235390,"comment_status":"closed","ping_status":"open","sticky":false,"template":"","format":"standard","meta":{"jetpack_post_was_ever_published":false,"_jetpack_newsletter_access":"","_jetpack_dont_email_post_to_subs":false,"_jetpack_newsletter_tier_id":0,"_jetpack_memberships_contains_paywalled_content":false,"_jetpack_memberships_contains_paid_content":false,"footnotes":"","jetpack_publicize_message":"","jetpack_publicize_feature_enabled":true,"jetpack_social_post_already_shared":true,"jetpack_social_options":{"image_generator_settings":{"template":"highway","default_image_id":0,"font":"","enabled":false},"version":2}},"categories":[1],"tags":[349,11939,4760,69,2246,10258,22563],"class_list":["post-235389","post","type-post","status-publish","format-standard","has-post-thumbnail","hentry","category-genel","tag-dunya","tag-engel","tag-engelliler","tag-etkinligi","tag-gununde","tag-sevgi","tag-tanimaz"],"jetpack_publicize_connections":[],"jetpack_featured_media_url":"https:\/\/i0.wp.com\/www.tvturk.com\/wp-content\/uploads\/2019\/12\/dunya-engelliler-gununde-sevgi-engel-tanimaz-etkinligi_6ecf8ca.jpg?fit=1000%2C665","jetpack_sharing_enabled":true,"jetpack_shortlink":"https:\/\/wp.me\/paKIfm-ZeB","_links":{"self":[{"href":"http:\/\/www.tvturk.com\/index.php\/wp-json\/wp\/v2\/posts\/235389","targetHints":{"allow":["GET"]}}],"collection":[{"href":"http:\/\/www.tvturk.com\/index.php\/wp-json\/wp\/v2\/posts"}],"about":[{"href":"http:\/\/www.tvturk.com\/index.php\/wp-json\/wp\/v2\/types\/post"}],"author":[{"embeddable":true,"href":"http:\/\/www.tvturk.com\/index.php\/wp-json\/wp\/v2\/users\/1"}],"replies":[{"embeddable":true,"href":"http:\/\/www.tvturk.com\/index.php\/wp-json\/wp\/v2\/comments?post=235389"}],"version-history":[{"count":0,"href":"http:\/\/www.tvturk.com\/index.php\/wp-json\/wp\/v2\/posts\/235389\/revisions"}],"wp:featuredmedia":[{"embeddable":true,"href":"http:\/\/www.tvturk.com\/index.php\/wp-json\/wp\/v2\/media\/235390"}],"wp:attachment":[{"href":"http:\/\/www.tvturk.com\/index.php\/wp-json\/wp\/v2\/media?parent=235389"}],"wp:term":[{"taxonomy":"category","embeddable":true,"href":"http:\/\/www.tvturk.com\/index.php\/wp-json\/wp\/v2\/categories?post=235389"},{"taxonomy":"post_tag","embeddable":true,"href":"http:\/\/www.tvturk.com\/index.php\/wp-json\/wp\/v2\/tags?post=235389"}],"curies":[{"name":"wp","href":"https:\/\/api.w.org\/{rel}","templated":true}]}}