{"id":235439,"date":"2019-12-01T13:46:58","date_gmt":"2019-12-01T10:46:58","guid":{"rendered":"http:\/\/www.tvturk.com\/index.php\/sozenden-chpnin-aymye-tasidigi-guvenlik-sorusturmasi-kararinin-kaldirilmasi-kararina-tepki\/"},"modified":"2019-12-01T13:46:58","modified_gmt":"2019-12-01T10:46:58","slug":"sozenden-chpnin-aymye-tasidigi-guvenlik-sorusturmasi-kararinin-kaldirilmasi-kararina-tepki","status":"publish","type":"post","link":"http:\/\/www.tvturk.com\/index.php\/sozenden-chpnin-aymye-tasidigi-guvenlik-sorusturmasi-kararinin-kaldirilmasi-kararina-tepki\/","title":{"rendered":"S\u00f6zen\u2019den CHP\u2019nin AYM\u2019ye ta\u015f\u0131d\u0131\u011f\u0131 g\u00fcvenlik soru\u015fturmas\u0131 karar\u0131n\u0131n kald\u0131r\u0131lmas\u0131 karar\u0131na tepki"},"content":{"rendered":"<p>D\u00fcnya Be\u015ften B\u00fcy\u00fckt\u00fcr Derne\u011fi Genel Ba\u015fkan\u0131 Ziya S\u00f6zen, Anayasa Mahkemesinin (AYM) kamuya atamalarda g\u00fcvenlik soru\u015fturmalar\u0131n\u0131 kald\u0131ran karar\u0131n\u0131 ve bu karar\u0131 AYM\u2019ye ta\u015f\u0131yan CHP\u2019yi k\u0131nad\u0131\u011f\u0131n\u0131 s\u00f6yledi.<\/p>\n<p>D\u00fcnya Be\u015ften B\u00fcy\u00fckt\u00fcr Derne\u011fi Genel Ba\u015fkan\u0131 S\u00f6zen, CHP\u2019nin Anayasa Mahkemesine ta\u015f\u0131d\u0131\u011f\u0131 g\u00fcvenlik soru\u015fturmas\u0131n\u0131n kald\u0131r\u0131lmas\u0131yla ilgili karar\u0131 k\u0131nayarak, FET\u00d6 ve PKK\u2019l\u0131lar\u0131n devlet kurumuna s\u0131zmas\u0131n\u0131n \u00f6n\u00fcn\u00fc a\u00e7t\u0131klar\u0131n\u0131 s\u00f6yledi. S\u00f6zen, \u201cAnayasa Mahkemesinin kamuya atamalarda g\u00fcvenlik soru\u015fturmalar\u0131n\u0131 kald\u0131ran karar\u0131n\u0131 ve bu karar\u0131 AYM\u2019ye ta\u015f\u0131yan CHP\u2019yi de k\u0131n\u0131yorum. Bu karar kripto FET\u00d6\u2019c\u00fclerin, PKK\u2019l\u0131lar\u0131n devlet kurumlar\u0131na s\u0131zman\u0131n \u00f6n\u00fcn\u00fc a\u00e7m\u0131\u015ft\u0131r. AYM bu karar\u0131yla PKK\u2019l\u0131lar\u0131n, FET\u00d6\u2019c\u00fclerin hamili\u011fini yapmaya devam ediyor. AYM daha \u00f6nce de genel yay\u0131n y\u00f6netmeni oldu\u011fu Cumhuriyet Gazetesi\u2019nde M\u0130T t\u0131rlar\u0131 g\u00f6r\u00fcnt\u00fclerini de\u015fifre eden Can D\u00fcndar hakk\u0131nda verilen tutuklama karar\u0131n\u0131n hak ihlali oldu\u011fu y\u00f6n\u00fcnde karar vermi\u015f, Can D\u00fcndar bu karardan yararlan\u0131p yurt d\u0131\u015f\u0131na ka\u00e7m\u0131\u015ft\u0131. AYM ayr\u0131ca TSK\u2019n\u0131n PKK\u2019ya y\u00f6nelik G\u00fcneydo\u011fu Anadolu\u2019da ger\u00e7ekle\u015ftirdi\u011fi operasyonlar kar\u015f\u0131s\u0131nda bin 128 akademisyenin \u2018Bu su\u00e7a ortak olmayaca\u011f\u0131z\u2019 adl\u0131 bildiriye imza atan akademisyenler, kendilerine a\u00e7\u0131lan soru\u015fturma ve davalar nedeniyle AYM\u2019ye ifade \u00f6zg\u00fcrl\u00fcklerinin k\u0131s\u0131tland\u0131\u011f\u0131 y\u00f6n\u00fcnde ba\u015fvurmu\u015f, AYM de akademisyenlerin cezaland\u0131r\u0131lmalar\u0131n\u0131n \u2018ifade \u00f6zg\u00fcrl\u00fcklerinin ihlali\u2019 oldu\u011funa karar vermi\u015fti. AYM\u2019nin bu skandal kararlar\u0131n\u0131n hi\u00e7biri hukuk ilkesi ile ba\u011fda\u015fmamakta, adeta ter\u00f6r yanl\u0131lar\u0131n\u0131 koruma ve himaye alt\u0131na almaktad\u0131r. AYM bu kararlar\u0131 T\u00fcrk hukuk tarihine kara leke olarak yerini alm\u0131\u015ft\u0131r. AYM bu kararlar\u0131 al\u0131rken hukuk ilkelerini hi\u00e7e saym\u0131\u015f, FET\u00d6\u2019n\u00fcn dayatmas\u0131 ve bask\u0131s\u0131 sonucu bu kararlar\u0131 alm\u0131\u015ft\u0131r. AYM\u2019nin bu karar\u0131 ile kamu kurumlar\u0131 ter\u00f6r yuvas\u0131 haline gelecektir. PKK ter\u00f6r \u00f6rg\u00fct\u00fc ve FET\u00d6 ter\u00f6r \u00f6rg\u00fctlerine \u00e7ok a\u011f\u0131r darbeler vurdu\u011fumuz, adeta belini k\u0131rd\u0131\u011f\u0131m\u0131z bu g\u00fcnlerde AYM\u2019nin b\u00f6yle kararlar almas\u0131 zamanlama a\u00e7\u0131s\u0131ndan manidar ve ter\u00f6r \u00f6rg\u00fctlerine a\u00e7\u0131k\u00e7a verilen bir destektir&#8221; dedi.<\/p>\n<p>&#8220;Bu kararlar AYM\u2019nin i\u00e7inde FET\u00d6\u2019c\u00fc bir g\u00fcruh oldu\u011funu g\u00f6steriyor&#8221;<\/p>\n<p>S\u00f6zen, t\u00fcm bu kararlar\u0131n AYM i\u00e7inde FET\u00d6\u2019c\u00fc bir g\u00fcruh oldu\u011funa g\u00f6sterdi\u011fini s\u00f6yledi. S\u00f6zen, &#8220;Bu kararlar g\u00f6steriyor ki AYM\u2019nin i\u00e7inde FET\u00d6\u2019c\u00fc olduklar\u0131 \u015f\u00fcphesi uyand\u0131ran bir g\u00fcruh vard\u0131r. Bu g\u00fcruh ter\u00f6r \u00f6rg\u00fctlerinin de\u011firmenine su ta\u015f\u0131makta, yok olmak \u00fczere olan umutlar\u0131n\u0131 yeniden ye\u015fertmektedir. AYM, CHP el ele verip FET\u00d6\u2019ye hizmet yolunda adeta yar\u0131\u015fmaktad\u0131rlar. TBMM bu konuyla ilgili acil kanuni d\u00fczenlemeler yapmal\u0131, tedbirler almal\u0131d\u0131r. Kamu kurum ve kurulu\u015flar\u0131m\u0131z AYM\u2019nin bu karar\u0131n\u0131 asla uygulamamal\u0131, kamuya alacaklar\u0131 ki\u015filerin g\u00fcvenlik soru\u015fturmalar\u0131n\u0131 yapmaya devam etmelidirler. AYM\u2019nin bu karar\u0131n\u0131 tekraren k\u0131n\u0131yor, bu karar\u0131 AYM\u2019ye g\u00f6t\u00fcren CHP\u2019lileri ve bu karara imza atan AYM \u00fcyelerini Allah\u2019a havale ediyoruz\u201d diye konu\u015ftu.<\/p>\n","protected":false},"excerpt":{"rendered":"<p>D\u00dcNYA BE\u015eTEN B\u00dcY\u00dcKT\u00dcR DERNE\u011e\u0130 GENEL BA\u015eKANI Z\u0130YA S\u00d6ZEN, \u201cANAYASA MAHKEMES\u0130N\u0130N ( AYM ) KAMUYA ATAMALARDA G\u00dcVENL\u0130K SORU\u015eTURMALARINI KALDIRAN KARARINI VE BU KARARI AYM\u2019YE TA\u015eIYAN CHP\u2019Y\u0130 DE KINIYORUM\u201d DED\u0130.<\/p>\n","protected":false},"author":1,"featured_media":235440,"comment_status":"closed","ping_status":"open","sticky":false,"template":"","format":"standard","meta":{"jetpack_post_was_ever_published":false,"_jetpack_newsletter_access":"","_jetpack_dont_email_post_to_subs":false,"_jetpack_newsletter_tier_id":0,"_jetpack_memberships_contains_paywalled_content":false,"_jetpack_memberships_contains_paid_content":false,"footnotes":"","jetpack_publicize_message":"","jetpack_publicize_feature_enabled":true,"jetpack_social_post_already_shared":true,"jetpack_social_options":{"image_generator_settings":{"template":"highway","default_image_id":0,"font":"","enabled":false},"version":2}},"categories":[1],"tags":[21421,178,354,4802,12513,51006,13781,12194,12094,961],"class_list":["post-235439","post","type-post","status-publish","format-standard","has-post-thumbnail","hentry","category-genel","tag-aymye","tag-chpnin","tag-guvenlik","tag-kaldirilmasi","tag-kararina","tag-kararinin","tag-sorusturmasi","tag-sozenden","tag-tasidigi","tag-tepki"],"jetpack_publicize_connections":[],"jetpack_featured_media_url":"https:\/\/i0.wp.com\/www.tvturk.com\/wp-content\/uploads\/2019\/12\/sozenden-chpnin-aymye-tasidigi-guvenlik-sorusturmasi-kararinin-kaldirilmasi-kararina-tepki_37780e9.jpg?fit=748%2C499","jetpack_sharing_enabled":true,"jetpack_shortlink":"https:\/\/wp.me\/paKIfm-Zfp","_links":{"self":[{"href":"http:\/\/www.tvturk.com\/index.php\/wp-json\/wp\/v2\/posts\/235439","targetHints":{"allow":["GET"]}}],"collection":[{"href":"http:\/\/www.tvturk.com\/index.php\/wp-json\/wp\/v2\/posts"}],"about":[{"href":"http:\/\/www.tvturk.com\/index.php\/wp-json\/wp\/v2\/types\/post"}],"author":[{"embeddable":true,"href":"http:\/\/www.tvturk.com\/index.php\/wp-json\/wp\/v2\/users\/1"}],"replies":[{"embeddable":true,"href":"http:\/\/www.tvturk.com\/index.php\/wp-json\/wp\/v2\/comments?post=235439"}],"version-history":[{"count":0,"href":"http:\/\/www.tvturk.com\/index.php\/wp-json\/wp\/v2\/posts\/235439\/revisions"}],"wp:featuredmedia":[{"embeddable":true,"href":"http:\/\/www.tvturk.com\/index.php\/wp-json\/wp\/v2\/media\/235440"}],"wp:attachment":[{"href":"http:\/\/www.tvturk.com\/index.php\/wp-json\/wp\/v2\/media?parent=235439"}],"wp:term":[{"taxonomy":"category","embeddable":true,"href":"http:\/\/www.tvturk.com\/index.php\/wp-json\/wp\/v2\/categories?post=235439"},{"taxonomy":"post_tag","embeddable":true,"href":"http:\/\/www.tvturk.com\/index.php\/wp-json\/wp\/v2\/tags?post=235439"}],"curies":[{"name":"wp","href":"https:\/\/api.w.org\/{rel}","templated":true}]}}