{"id":235447,"date":"2019-12-01T14:03:30","date_gmt":"2019-12-01T11:03:30","guid":{"rendered":"http:\/\/www.tvturk.com\/index.php\/sosyal-medyada-gundem-olan-esrarengiz-fotograf\/"},"modified":"2019-12-01T14:03:30","modified_gmt":"2019-12-01T11:03:30","slug":"sosyal-medyada-gundem-olan-esrarengiz-fotograf","status":"publish","type":"post","link":"http:\/\/www.tvturk.com\/index.php\/sosyal-medyada-gundem-olan-esrarengiz-fotograf\/","title":{"rendered":"Sosyal medyada g\u00fcndem olan esrarengiz foto\u011fraf"},"content":{"rendered":"<p>Ardahan\u2019\u0131n Damal il\u00e7esine ba\u011fl\u0131 Ata Mahallesi\u2019nde ya\u015fayan bir vatanda\u015f\u0131n ah\u0131r\u0131nda \u00e7ekti\u011fi foto\u011fraf, sosyal medyada g\u00fcndem oldu.<\/p>\n<p>Edinilen bilgiye g\u00f6re, Cengiz Morko\u00e7, evinin yan\u0131nda bulunan ah\u0131rda yeni do\u011fmu\u015f buza\u011f\u0131s\u0131n\u0131n foto\u011fraf\u0131n\u0131 \u00e7ekti. Ah\u0131rda \u00e7ekti\u011fi foto\u011frafa bakan Morko\u00e7, arka planda beliren g\u00f6r\u00fcnt\u00fcy\u00fc fark edince \u015fa\u015fk\u0131nl\u0131k ya\u015fad\u0131. Foto\u011fraf karesinde buza\u011f\u0131n\u0131n arkas\u0131nda g\u00f6zleri parlayan bir sil\u00fcet oldu\u011fu g\u00f6ren \u015fah\u0131s, tekrar ah\u0131ra gidip baksa da foto\u011fraf karesinde beliren sil\u00fceti g\u00f6remedi.<\/p>\n<p>Foto\u011fraftaki sil\u00fcetin ne oldu\u011funu anlayamayan aile \u00fcyeleri, kom\u015fular\u0131n\u0131 \u00e7a\u011f\u0131rarak ah\u0131r\u0131 \u0131\u015f\u0131kland\u0131rd\u0131. Tart\u0131\u015fma olu\u015fturan foto\u011fraf karesindeki sil\u00fcet i\u00e7in farkl\u0131 yorumlar yap\u0131lsa da kimse ne oldu\u011funu tam olarak kavrayamad\u0131.<\/p>\n","protected":false},"excerpt":{"rendered":"<p>SOSYAL MEDYADA G\u00dcNDEM OLAM ESRARENG\u0130Z FOTO\u011eRAF: C\u0130N M\u0130, I\u015eIK YANSIMASI MI. (OLGUN YILDIZ\/ARDAHAN-\u0130HA)<\/p>\n","protected":false},"author":1,"featured_media":235448,"comment_status":"closed","ping_status":"open","sticky":false,"template":"","format":"standard","meta":{"jetpack_post_was_ever_published":false,"_jetpack_newsletter_access":"","_jetpack_dont_email_post_to_subs":false,"_jetpack_newsletter_tier_id":0,"_jetpack_memberships_contains_paywalled_content":false,"_jetpack_memberships_contains_paid_content":false,"footnotes":"","jetpack_publicize_message":"","jetpack_publicize_feature_enabled":true,"jetpack_social_post_already_shared":true,"jetpack_social_options":{"image_generator_settings":{"template":"highway","default_image_id":0,"font":"","enabled":false},"version":2}},"categories":[1],"tags":[17194,5874,11,7008,572,1229],"class_list":["post-235447","post","type-post","status-publish","format-standard","has-post-thumbnail","hentry","category-genel","tag-esrarengiz","tag-fotograf","tag-gundem","tag-medyada","tag-olan","tag-sosyal"],"jetpack_publicize_connections":[],"jetpack_featured_media_url":"https:\/\/i0.wp.com\/www.tvturk.com\/wp-content\/uploads\/2019\/12\/sosyal-medyada-gundem-olan-esrarengiz-fotograf_ec3e9a4.jpg?fit=524%2C960","jetpack_sharing_enabled":true,"jetpack_shortlink":"https:\/\/wp.me\/paKIfm-Zfx","_links":{"self":[{"href":"http:\/\/www.tvturk.com\/index.php\/wp-json\/wp\/v2\/posts\/235447","targetHints":{"allow":["GET"]}}],"collection":[{"href":"http:\/\/www.tvturk.com\/index.php\/wp-json\/wp\/v2\/posts"}],"about":[{"href":"http:\/\/www.tvturk.com\/index.php\/wp-json\/wp\/v2\/types\/post"}],"author":[{"embeddable":true,"href":"http:\/\/www.tvturk.com\/index.php\/wp-json\/wp\/v2\/users\/1"}],"replies":[{"embeddable":true,"href":"http:\/\/www.tvturk.com\/index.php\/wp-json\/wp\/v2\/comments?post=235447"}],"version-history":[{"count":0,"href":"http:\/\/www.tvturk.com\/index.php\/wp-json\/wp\/v2\/posts\/235447\/revisions"}],"wp:featuredmedia":[{"embeddable":true,"href":"http:\/\/www.tvturk.com\/index.php\/wp-json\/wp\/v2\/media\/235448"}],"wp:attachment":[{"href":"http:\/\/www.tvturk.com\/index.php\/wp-json\/wp\/v2\/media?parent=235447"}],"wp:term":[{"taxonomy":"category","embeddable":true,"href":"http:\/\/www.tvturk.com\/index.php\/wp-json\/wp\/v2\/categories?post=235447"},{"taxonomy":"post_tag","embeddable":true,"href":"http:\/\/www.tvturk.com\/index.php\/wp-json\/wp\/v2\/tags?post=235447"}],"curies":[{"name":"wp","href":"https:\/\/api.w.org\/{rel}","templated":true}]}}