{"id":235533,"date":"2019-12-01T16:17:25","date_gmt":"2019-12-01T13:17:25","guid":{"rendered":"http:\/\/www.tvturk.com\/index.php\/akgulden-hakem-hatalarina-tepki\/"},"modified":"2019-12-01T16:17:25","modified_gmt":"2019-12-01T13:17:25","slug":"akgulden-hakem-hatalarina-tepki","status":"publish","type":"post","link":"http:\/\/www.tvturk.com\/index.php\/akgulden-hakem-hatalarina-tepki\/","title":{"rendered":"Akg\u00fcl\u2019den hakem hatalar\u0131na tepki"},"content":{"rendered":"<p>TFF 1. Lig ekiplerinden Adanaspor Kul\u00fcb\u00fc Ba\u015fkan\u0131 Bayram Akg\u00fcl, son haftalardaki hakem hatalar\u0131na tepki g\u00f6stererek, \u201cHakem hatalar\u0131n\u0131n \u00fcst \u00fcste devam etmesi art\u0131k sa\u011fduyulu yakla\u015f\u0131m\u0131m\u0131z\u0131n suistimal edildi\u011fini d\u00fc\u015f\u00fcnd\u00fcr\u00fcrken, ma\u00e7lar\u0131m\u0131z\u0131 y\u00f6neten hakemlerin ma\u00e7lar\u0131m\u0131zdan sonra dinlendirilmesi hakl\u0131l\u0131\u011f\u0131m\u0131z\u0131 teyit etmektedir\u201d dedi.<\/p>\n<p>Adanaspor, hakemlere tepkili. Adanaspor Ba\u015fkan\u0131 Bayram Akg\u00fcl, hakem hatalar\u0131 nedeniyle haklar\u0131n\u0131n yendi\u011fini belirten bir yaz\u0131l\u0131 a\u00e7\u0131klama yapt\u0131. Akg\u00fcl, \u201cAdanaspor Y\u00f6netim Kurulu Ba\u015fkan\u0131 olarak t\u00fcm spor camias\u0131 bilir ki, kul\u00fcb\u00fcm\u00fcze y\u00f6nelik hakem hatalar\u0131na kar\u015f\u0131 her zaman sa\u011fduyulu a\u00e7\u0131klamalar hatta genelde de a\u00e7\u0131klama dahi yapmamaktay\u0131m. S\u00fcper lig \u00e7\u0131kma final ma\u00e7\u0131 olan Kas\u0131mpa\u015fa ma\u00e7\u0131m\u0131zdaki hakem hatas\u0131, S\u00fcper Lig\u2019e \u00e7\u0131kt\u0131\u011f\u0131m\u0131z sezondaki hakem hatalar\u0131 t\u00fcm kamuoyunun bilgisindedir. Camia olarak ne kadar sa\u011fduyulu yakla\u015ft\u0131ysak hakem hatalar\u0131ndan en b\u00fcy\u00fck zarar\u0131 da camia olarak yine biz ya\u015famaktay\u0131z\u201d diye konu\u015ftu.<\/p>\n<p>\u201cSa\u011fduyumuz suistimal ediliyor\u201d<\/p>\n<p>T\u00fcm futbol camias\u0131n\u0131n bile\u015fenlerinin oturdu\u011fu masadan art\u0131k kalkt\u0131klar\u0131n\u0131 ifade eden Akg\u00fcl, daha sonra \u015funlar\u0131 kaydetti:<\/p>\n<p>\u201cHakem hatalar\u0131n\u0131n \u00fcst \u00fcste devam etmesi art\u0131k sa\u011fduyulu yakla\u015f\u0131m\u0131m\u0131z\u0131n suistimal edildi\u011fini d\u00fc\u015f\u00fcnd\u00fcr\u00fcrken, ma\u00e7lar\u0131m\u0131z\u0131 y\u00f6neten hakemlerin ma\u00e7lar\u0131m\u0131zdan sonra dinlendirilmesi hakl\u0131l\u0131\u011f\u0131m\u0131z\u0131 teyit etmektedir. T\u00fcm futbol camias\u0131n\u0131n bile\u015fenlerinin oturdu\u011fu masadan art\u0131k kalk\u0131yoruz. Bu hatalar devam etti\u011fi takdirde, o masay\u0131 da devirece\u011fimizden kimsenin \u015f\u00fcphesi olmas\u0131n. Adanaspor camias\u0131n\u0131n can\u0131n\u0131n yand\u0131\u011f\u0131 yerde o masada kimseyi bundan sonra rahat oturtmayaca\u011f\u0131z. Bundan sonra b\u00fcy\u00fck Adanaspor taraftar\u0131m\u0131zla birlikte Adana, herkese her t\u00fcrl\u00fc deplasmand\u0131r.\u201d<\/p>\n","protected":false},"excerpt":{"rendered":"<p>ADANASPOR KUL\u00dcB\u00dc BA\u015eKANI BAYRAM AKG\u00dcL, SON HAFTALARDAK\u0130 HAKEM HATALARINA TEPK\u0130 G\u00d6STEREREK, \u201cHAKEM HATALARININ \u00dcST \u00dcSTE DEVAM ETMES\u0130 ARTIK SA\u011eDUYULU YAKLA\u015eIMIMIZIN SU\u0130\u0130ST\u0130MAL ED\u0130LD\u0130\u011e\u0130N\u0130 D\u00dc\u015e\u00dcND\u00dcRT\u00dcRKEN, MA\u00c7LARIMIZI Y\u00d6NETEN HAKEMLER\u0130N MA\u00c7LARIMIZDAN SONRA D\u0130NLEND\u0130R\u0130LMES\u0130 HAKLILI\u011eIMIZI TEY\u0130T ETMEKTED\u0130R\u201d DED\u0130.<\/p>\n","protected":false},"author":1,"featured_media":235534,"comment_status":"closed","ping_status":"open","sticky":false,"template":"","format":"standard","meta":{"jetpack_post_was_ever_published":false,"_jetpack_newsletter_access":"","_jetpack_dont_email_post_to_subs":false,"_jetpack_newsletter_tier_id":0,"_jetpack_memberships_contains_paywalled_content":false,"_jetpack_memberships_contains_paid_content":false,"footnotes":"","jetpack_publicize_message":"","jetpack_publicize_feature_enabled":true,"jetpack_social_post_already_shared":true,"jetpack_social_options":{"image_generator_settings":{"template":"highway","default_image_id":0,"font":"","enabled":false},"version":2}},"categories":[657],"tags":[28345,1151,30452,961],"class_list":["post-235533","post","type-post","status-publish","format-standard","has-post-thumbnail","hentry","category-spor","tag-akgulden","tag-hakem","tag-hatalarina","tag-tepki"],"jetpack_publicize_connections":[],"jetpack_featured_media_url":"https:\/\/i0.wp.com\/www.tvturk.com\/wp-content\/uploads\/2019\/12\/akgulden-hakem-hatalarina-tepki_499c1c8.jpg?fit=1000%2C667","jetpack_sharing_enabled":true,"jetpack_shortlink":"https:\/\/wp.me\/paKIfm-ZgV","_links":{"self":[{"href":"http:\/\/www.tvturk.com\/index.php\/wp-json\/wp\/v2\/posts\/235533","targetHints":{"allow":["GET"]}}],"collection":[{"href":"http:\/\/www.tvturk.com\/index.php\/wp-json\/wp\/v2\/posts"}],"about":[{"href":"http:\/\/www.tvturk.com\/index.php\/wp-json\/wp\/v2\/types\/post"}],"author":[{"embeddable":true,"href":"http:\/\/www.tvturk.com\/index.php\/wp-json\/wp\/v2\/users\/1"}],"replies":[{"embeddable":true,"href":"http:\/\/www.tvturk.com\/index.php\/wp-json\/wp\/v2\/comments?post=235533"}],"version-history":[{"count":0,"href":"http:\/\/www.tvturk.com\/index.php\/wp-json\/wp\/v2\/posts\/235533\/revisions"}],"wp:featuredmedia":[{"embeddable":true,"href":"http:\/\/www.tvturk.com\/index.php\/wp-json\/wp\/v2\/media\/235534"}],"wp:attachment":[{"href":"http:\/\/www.tvturk.com\/index.php\/wp-json\/wp\/v2\/media?parent=235533"}],"wp:term":[{"taxonomy":"category","embeddable":true,"href":"http:\/\/www.tvturk.com\/index.php\/wp-json\/wp\/v2\/categories?post=235533"},{"taxonomy":"post_tag","embeddable":true,"href":"http:\/\/www.tvturk.com\/index.php\/wp-json\/wp\/v2\/tags?post=235533"}],"curies":[{"name":"wp","href":"https:\/\/api.w.org\/{rel}","templated":true}]}}