{"id":235599,"date":"2019-12-01T22:47:31","date_gmt":"2019-12-01T19:47:31","guid":{"rendered":"http:\/\/www.tvturk.com\/index.php\/unal-karaman-tum-kadromuz-hazir-oldugunda-insallah-cok-daha-iyi-olacak\/"},"modified":"2019-12-01T22:47:31","modified_gmt":"2019-12-01T19:47:31","slug":"unal-karaman-tum-kadromuz-hazir-oldugunda-insallah-cok-daha-iyi-olacak","status":"publish","type":"post","link":"http:\/\/www.tvturk.com\/index.php\/unal-karaman-tum-kadromuz-hazir-oldugunda-insallah-cok-daha-iyi-olacak\/","title":{"rendered":"\u00dcnal Karaman: &#8220;T\u00fcm kadromuz haz\u0131r oldu\u011funda in\u015fallah \u00e7ok daha iyi olacak&#8221;"},"content":{"rendered":"<p>Trabzonspor Teknik Direkt\u00f6r\u00fc \u00dcnal Karaman, Galatasaray ma\u00e7\u0131n\u0131n ard\u0131ndan yapt\u0131\u011f\u0131 a\u00e7\u0131klamada, kar\u015f\u0131la\u015fmada iki tak\u0131m a\u00e7\u0131s\u0131ndan da dengeli durmaya \u00e7al\u0131\u015fan ve aksiyon yapmaya \u00e7al\u0131\u015fan bir anlay\u0131\u015f oldu\u011funu s\u00f6yledi.<\/p>\n<p>S\u00fcper Lig\u2019in 13. haftas\u0131nda Trabzonspor, sahas\u0131nda Galatasaray ile 1-1 berabere kald\u0131. Ma\u00e7\u0131n ard\u0131ndan d\u00fczenlenen bas\u0131n toplant\u0131s\u0131nda konu\u015fan Trabzonspor Teknik Direkt\u00f6r\u00fc \u00dcnal Karaman, &#8220;\u00d6ncelikle yedi\u011fimiz golden ba\u015flanabilir. O dakikada yedi\u011fimiz bir gol bizi \u00fczd\u00fc. Ma\u00e7 geneline bakt\u0131\u011f\u0131m\u0131zda iki tak\u0131m a\u00e7\u0131s\u0131ndan da dengeli durmaya \u00e7al\u0131\u015fan ve aksiyon yapmaya \u00e7al\u0131\u015fan bir anlay\u0131\u015f vard\u0131. \u015eu bilgilendirmeyi yapay\u0131m; hepimiz muhtemelen fark\u0131ndas\u0131n\u0131z ama hat\u0131rlatmakta fayda var, Avrupa kupas\u0131 ma\u00e7\u0131ndan sonra tak\u0131m\u0131 dinlendirdi, as oyuncular\u0131n\u0131 oynatmad\u0131 yorumlar\u0131 yap\u0131ld\u0131. 17-18 ma\u00e7\u0131n \u00fczerinde 10\u2019ya yak\u0131n oyuncum var. Bunlar bu tak\u0131m\u0131n sezon ba\u015f\u0131ndan y\u00fck\u00fcn\u00fc ge\u00e7en oyuncular. Bir m\u00fcsabaka oynatmad\u0131k diye tak\u0131m\u0131 dinlendirdi oluyor&#8221; dedi.<\/p>\n<p>&#8220;2-0, 3-0 yapabilecek pozisyonlar\u0131m\u0131z vard\u0131&#8221;<\/p>\n<p>Bordo-mavili oyuncular\u0131n g\u00fc\u00e7lerinin ve duru\u015flar\u0131n\u0131n \u00e7ok \u00e7ok \u00fczerinde \u00e7aba g\u00f6sterdiklerini kaydeden Karaman, &#8220;1-0\u2019dan sonra girdi\u011fimiz \u00e7ok net gol pozisyonlar var. Tabi ki b\u00f6yle tecr\u00fcbeli, kaliteli bir tak\u0131ma kar\u015f\u0131 oynarken e\u011fer girdi\u011finiz pozisyonlar\u0131 yapamazsan\u0131z biti\u015f d\u00fcd\u00fc\u011f\u00fc \u00e7al\u0131nca tehlike ya\u015fars\u0131n\u0131z. Talihsiz bir gol yedik ama 2-0, 3-0 yapabilecek pozisyonlar\u0131m\u0131z vard\u0131. Hatta 1-1\u2019den sonra bile gol pozisyonlar\u0131m\u0131z vard\u0131. Her \u015fey bir kenara iyi m\u00fccadele eden bir tak\u0131ma kar\u015f\u0131 oynad\u0131k. Evet oyuncular\u0131m sa\u011f olsunlar kendi g\u00fc\u00e7lerinin ve duru\u015flar\u0131n\u0131n \u00e7ok \u00e7ok \u00fczerinde hep a\u015fma \u00e7abas\u0131 \u00fcst\u00fcndeydiler. G\u00f6ren ve anlayan g\u00f6zlere te\u015fekk\u00fcr ederim. Zaman zaman belli bir tecr\u00fcbenin \u00fczerindeki oyuncular yorgunluk ya\u015fayabiliyorlar. Ekuban\u2019\u0131n da iki depar sonras\u0131 zorland\u0131\u011f\u0131n\u0131 g\u00f6rd\u00fck. T\u00fcm kadromuz haz\u0131r oldu\u011funda in\u015fallah \u00e7ok daha iyi olacak. \u00c7ok daha iyi oyunla sonu\u00e7 alan bir Trabzonspor olacak. Ben bug\u00fcn verdikleri m\u00fccadeleden dolay\u0131 iki tak\u0131m oyuncular\u0131n\u0131 da tebrik ediyorum&#8221; ifadelerini kulland\u0131.<\/p>\n","protected":false},"excerpt":{"rendered":"<p>TRABZONSPOR TEKN\u0130K D\u0130REKT\u00d6R\u00dc \u00dcNAL KARAMAN, KAR\u015eILA\u015eMADA \u0130K\u0130 TAKIM A\u00c7ISINDAN DA DENGEL\u0130 DURMAYA \u00c7ALI\u015eAN VE AKS\u0130YON YAPMAYA \u00c7ALI\u015eAN B\u0130R ANLAYI\u015e OLDU\u011eUNU S\u00d6YLED\u0130.<\/p>\n","protected":false},"author":1,"featured_media":235600,"comment_status":"closed","ping_status":"open","sticky":false,"template":"","format":"standard","meta":{"jetpack_post_was_ever_published":false,"_jetpack_newsletter_access":"","_jetpack_dont_email_post_to_subs":false,"_jetpack_newsletter_tier_id":0,"_jetpack_memberships_contains_paywalled_content":false,"_jetpack_memberships_contains_paid_content":false,"footnotes":"","jetpack_publicize_message":"","jetpack_publicize_feature_enabled":true,"jetpack_social_post_already_shared":true,"jetpack_social_options":{"image_generator_settings":{"template":"highway","default_image_id":0,"font":"","enabled":false},"version":2}},"categories":[657],"tags":[105,1018,4013,963,1552,59185,3774,1189,27239,1325,5877],"class_list":["post-235599","post","type-post","status-publish","format-standard","has-post-thumbnail","hentry","category-spor","tag-cok","tag-daha","tag-hazir","tag-insallah","tag-iyi","tag-kadromuz","tag-karaman","tag-olacak","tag-oldugunda","tag-tum","tag-unal"],"jetpack_publicize_connections":[],"jetpack_featured_media_url":"https:\/\/i0.wp.com\/www.tvturk.com\/wp-content\/uploads\/2019\/12\/unal-karaman-tum-kadromuz-hazir-oldugunda-insallah-cok-daha-iyi-olacak_905e74c.jpg?fit=1000%2C562","jetpack_sharing_enabled":true,"jetpack_shortlink":"https:\/\/wp.me\/paKIfm-ZhZ","_links":{"self":[{"href":"http:\/\/www.tvturk.com\/index.php\/wp-json\/wp\/v2\/posts\/235599","targetHints":{"allow":["GET"]}}],"collection":[{"href":"http:\/\/www.tvturk.com\/index.php\/wp-json\/wp\/v2\/posts"}],"about":[{"href":"http:\/\/www.tvturk.com\/index.php\/wp-json\/wp\/v2\/types\/post"}],"author":[{"embeddable":true,"href":"http:\/\/www.tvturk.com\/index.php\/wp-json\/wp\/v2\/users\/1"}],"replies":[{"embeddable":true,"href":"http:\/\/www.tvturk.com\/index.php\/wp-json\/wp\/v2\/comments?post=235599"}],"version-history":[{"count":0,"href":"http:\/\/www.tvturk.com\/index.php\/wp-json\/wp\/v2\/posts\/235599\/revisions"}],"wp:featuredmedia":[{"embeddable":true,"href":"http:\/\/www.tvturk.com\/index.php\/wp-json\/wp\/v2\/media\/235600"}],"wp:attachment":[{"href":"http:\/\/www.tvturk.com\/index.php\/wp-json\/wp\/v2\/media?parent=235599"}],"wp:term":[{"taxonomy":"category","embeddable":true,"href":"http:\/\/www.tvturk.com\/index.php\/wp-json\/wp\/v2\/categories?post=235599"},{"taxonomy":"post_tag","embeddable":true,"href":"http:\/\/www.tvturk.com\/index.php\/wp-json\/wp\/v2\/tags?post=235599"}],"curies":[{"name":"wp","href":"https:\/\/api.w.org\/{rel}","templated":true}]}}