{"id":235786,"date":"2019-12-02T12:02:19","date_gmt":"2019-12-02T09:02:19","guid":{"rendered":"http:\/\/www.tvturk.com\/index.php\/sakaryaspordan-teleferik-projesine-tam-destek\/"},"modified":"2019-12-02T12:02:19","modified_gmt":"2019-12-02T09:02:19","slug":"sakaryaspordan-teleferik-projesine-tam-destek","status":"publish","type":"post","link":"http:\/\/www.tvturk.com\/index.php\/sakaryaspordan-teleferik-projesine-tam-destek\/","title":{"rendered":"Sakaryaspor\u2019dan teleferik projesine tam destek"},"content":{"rendered":"<p>Sakarya\u2019n\u0131n Sapanca il\u00e7esinde yap\u0131lacak olan teleferik projesine Sakaryaspor camias\u0131ndan tam destek geldi. Sakaryaspor Genel Sekreteri Sercan Damar, Teleferik Holding A.\u015e. Y\u00f6netim Kurulu Ba\u015fkan\u0131\u2019na Sakaryaspor formas\u0131 hediye etti.<\/p>\n<p>Sapanca Belediyesi ile Bursa Teleferik A.\u015e. ve Teleferik Holding A.\u015e. i\u015f ortakl\u0131\u011f\u0131 kapsam\u0131nda yap\u0131m\u0131 devam eden teleferik projesine Sakaryaspor camias\u0131ndan tam destek geldi. Sakaryaspor Genel Sekreteri Sercan Damar, Teleferik Holding A.\u015e. Y\u00f6netim Kurulu Ba\u015fkan\u0131 \u0130lker Cumbul ile g\u00f6r\u00fc\u015ferek \u015fehrin tan\u0131t\u0131m ve ekonomisine b\u00fcy\u00fck katk\u0131s\u0131 olaca\u011f\u0131na inand\u0131klar\u0131 Sapanca Teleferik projesini desteklediklerini belirtti. G\u00f6r\u00fc\u015fmede Cumbul ise, Teleferik Holding olarak turizm kadar spora da katk\u0131 yapmaya devam edeceklerini ve teleferik projesinin Sakaryaspor gibi \u015fehrin simgelerinden biri olaca\u011f\u0131n\u0131 s\u00f6yledi. G\u00f6r\u00fc\u015fme sonunda ise Sercan Damar, \u0130lker Cumbul\u2019a arkas\u0131nda ismi ve soyad\u0131n\u0131n yaz\u0131l\u0131 oldu\u011fu Sakaryaspor formas\u0131n\u0131 hediye etti.<\/p>\n<p>G\u00f6r\u00fc\u015fmede \u015fehre katk\u0131lar\u0131ndan dolay\u0131 Cumbul\u2019a te\u015fekk\u00fcr etti\u011fini ifade eden Sakaryaspor Genel Sekreteri Sercan Damar, \u201c\u015eehrimizin tan\u0131t\u0131m ve ekonomisine b\u00fcy\u00fck katk\u0131s\u0131 olaca\u011f\u0131na inand\u0131\u011f\u0131m\u0131z do\u011fa dostu Sapanca Teleferik projesi ile Sakaryasporumuzun uzun y\u0131llar boyunca birlikte y\u00fcr\u00fctebilece\u011fi bir ortak platform olu\u015fturabilme amac\u0131 ile \u00e7ok faydal\u0131 bir g\u00f6r\u00fc\u015fme ger\u00e7ekle\u015ftirdik. Teleferik Holding Y\u00f6netim Kurulu Ba\u015fkan\u0131 \u0130lker Cumbul\u2019a \u015fehre katk\u0131lar\u0131ndan dolay\u0131 te\u015fekk\u00fcr ediyoruz\u201d dedi.<\/p>\n<p>Teleferik Holding A.\u015e. Y\u00f6netim Kurulu Ba\u015fkan\u0131 \u0130lker Cumbul\u2019da, \u201cTeleferik Holding olarak turizm kadar spora da katk\u0131 yapmaya devam edece\u011fiz. \u0130n\u015fallah Sapanca Teleferik\u2019te Sakaryaspor gibi \u015fehrimizin simgelerinden biri olacak\u201d diye konu\u015ftu.<\/p>\n<p>Sakarya Tenis Kul\u00fcb\u00fc ad\u0131na 6\u2019nc\u0131 kez \u00fcst \u00fcste T\u00fcrkiye Tenis \u015eampiyonlu\u011fu kazanan Sapanca Teleferik Y\u00f6netim Kurulu \u00fcyesi ve Teleferik Holding A.\u015e. Y\u00f6netim Kurulu Ba\u015fkan\u0131 \u0130lker Cumbul\u2019un e\u015fi Hande Megrel Cumrul ise, \u201cAilemiz 5 ku\u015fak \u00f6nce Batum\u2019dan Sapanca\u2019ya yerle\u015fti. O y\u00fczden Sakarya Tenis Kul\u00fcb\u00fcnde oynamak aile ge\u00e7mi\u015fim ile ba\u011f kurmam\u0131 sa\u011fl\u0131yor. Bu sene Antalya\u2019da 6\u2019nc\u0131 \u00fcst \u00fcste \u015fampiyonlu\u011fumuzu ya\u015fad\u0131k. Kupalardan sonra teleferi\u011fi de Sakarya\u2019ya getirece\u011fiz in\u015fallah. Kul\u00fcp tam bir aile havas\u0131nda kendimi evimde hissediyorum. Bu sene in\u015faat\u0131 bitecek Sapanca Teleferi\u011fin de y\u00f6netim kurulu \u00fcyesi olarak Sapanca\u2019ya daha s\u0131k gelece\u011fim i\u00e7in \u00e7ok mutluyum. Teleferikte Sapanca turizminin derinlik kazanmas\u0131na \u00f6nemli bir katk\u0131 yapacak. Hem Sapanca G\u00f6l\u00fc\u2019n\u00fcn e\u015fsiz manzaras\u0131 hem yukar\u0131daki \u00e7amlar alt\u0131ndaki rekreasyon alan\u0131 4 mevsim Sapanca\u2019ya gelen yerli ve yabanc\u0131 konuklar\u0131m\u0131z\u0131n u\u011frak noktas\u0131 olacak\u201d \u015feklinde konu\u015ftu.<\/p>\n","protected":false},"excerpt":{"rendered":"<p>SAKARYA\u2019NIN SAPANCA \u0130L\u00c7ES\u0130NDE YAPILACAK OLAN TELEFER\u0130K PROJES\u0130NE SAKARYASPOR CAM\u0130ASINDAN TAM DESTEK GELD\u0130. SAKARYASPOR GENEL SEKRETER\u0130 SERCAN DAMAR, TELEFER\u0130K HOLD\u0130NG A.\u015e. Y\u00d6NET\u0130M KURULU BA\u015eKANI\u2019NA SAKARYASPOR FORMASI HED\u0130YE ETT\u0130.<\/p>\n","protected":false},"author":1,"featured_media":235787,"comment_status":"closed","ping_status":"open","sticky":false,"template":"","format":"standard","meta":{"jetpack_post_was_ever_published":false,"_jetpack_newsletter_access":"","_jetpack_dont_email_post_to_subs":false,"_jetpack_newsletter_tier_id":0,"_jetpack_memberships_contains_paywalled_content":false,"_jetpack_memberships_contains_paid_content":false,"footnotes":"","jetpack_publicize_message":"","jetpack_publicize_feature_enabled":true,"jetpack_social_post_already_shared":true,"jetpack_social_options":{"image_generator_settings":{"template":"highway","default_image_id":0,"font":"","enabled":false},"version":2}},"categories":[1],"tags":[61,706,59234,629,465],"class_list":["post-235786","post","type-post","status-publish","format-standard","has-post-thumbnail","hentry","category-genel","tag-destek","tag-projesine","tag-sakaryaspordan","tag-tam","tag-teleferik"],"jetpack_publicize_connections":[],"jetpack_featured_media_url":"https:\/\/i0.wp.com\/www.tvturk.com\/wp-content\/uploads\/2019\/12\/sakaryaspordan-teleferik-projesine-tam-destek_5fbbbb6.jpg?fit=1000%2C666","jetpack_sharing_enabled":true,"jetpack_shortlink":"https:\/\/wp.me\/paKIfm-Zl0","_links":{"self":[{"href":"http:\/\/www.tvturk.com\/index.php\/wp-json\/wp\/v2\/posts\/235786","targetHints":{"allow":["GET"]}}],"collection":[{"href":"http:\/\/www.tvturk.com\/index.php\/wp-json\/wp\/v2\/posts"}],"about":[{"href":"http:\/\/www.tvturk.com\/index.php\/wp-json\/wp\/v2\/types\/post"}],"author":[{"embeddable":true,"href":"http:\/\/www.tvturk.com\/index.php\/wp-json\/wp\/v2\/users\/1"}],"replies":[{"embeddable":true,"href":"http:\/\/www.tvturk.com\/index.php\/wp-json\/wp\/v2\/comments?post=235786"}],"version-history":[{"count":0,"href":"http:\/\/www.tvturk.com\/index.php\/wp-json\/wp\/v2\/posts\/235786\/revisions"}],"wp:featuredmedia":[{"embeddable":true,"href":"http:\/\/www.tvturk.com\/index.php\/wp-json\/wp\/v2\/media\/235787"}],"wp:attachment":[{"href":"http:\/\/www.tvturk.com\/index.php\/wp-json\/wp\/v2\/media?parent=235786"}],"wp:term":[{"taxonomy":"category","embeddable":true,"href":"http:\/\/www.tvturk.com\/index.php\/wp-json\/wp\/v2\/categories?post=235786"},{"taxonomy":"post_tag","embeddable":true,"href":"http:\/\/www.tvturk.com\/index.php\/wp-json\/wp\/v2\/tags?post=235786"}],"curies":[{"name":"wp","href":"https:\/\/api.w.org\/{rel}","templated":true}]}}