{"id":236001,"date":"2019-12-02T15:18:00","date_gmt":"2019-12-02T12:18:00","guid":{"rendered":"http:\/\/www.tvturk.com\/index.php\/sakaryada-osmanli-bilimi-sempozyumu-duzenlenecek\/"},"modified":"2019-12-02T15:18:00","modified_gmt":"2019-12-02T12:18:00","slug":"sakaryada-osmanli-bilimi-sempozyumu-duzenlenecek","status":"publish","type":"post","link":"http:\/\/www.tvturk.com\/index.php\/sakaryada-osmanli-bilimi-sempozyumu-duzenlenecek\/","title":{"rendered":"Sakarya\u2019da \u201cOsmanl\u0131 Bilimi Sempozyumu\u201d d\u00fczenlenecek"},"content":{"rendered":"<p>Atat\u00fcrk K\u00fclt\u00fcr, Dil ve Tarih Y\u00fcksek Kurumu b\u00fcnyesindeki T\u00fcrk Tarih Kurumu ve Sakarya \u00dcniversitesi Osmanl\u0131 Ara\u015ft\u0131rmalar\u0131 Merkezi i\u015fbirli\u011fiyle \u201cOsmanl\u0131 Bilimi Sempozyumu\u201d d\u00fczenlenecek.<\/p>\n<p>Sakarya \u00dcniversitesi ev sahipli\u011finde 4-5 Aral\u0131k\u2019ta ger\u00e7ekle\u015ftirilecek olan sempozyumda, astronomiden matemati\u011fe, t\u0131ptan jeolojiye Osmanl\u0131 bilim d\u00fcnyas\u0131 konu\u015fulacak. Prof. Dr. Tahsin G\u00f6rg\u00fcn taraf\u0131ndan verilecek olan \u201cOsmanl\u0131 D\u00fc\u015f\u00fcncesi ve Bilimi Ara\u015ft\u0131rmalar\u0131nda Y\u00f6ntem Sorunu\u201d ba\u015fl\u0131kl\u0131 a\u00e7\u0131\u015f konferans\u0131yla ba\u015flayacak olan sempozyum, Osmanl\u0131 biliminin tarihsel seyrine \u0131\u015f\u0131k tutacak. \u0130slam bilim ve teknoloji tarihi alan\u0131nda ger\u00e7ekle\u015ftirdi\u011fi k\u0131ymetli \u00e7al\u0131\u015fmalarla alana b\u00fcy\u00fck katk\u0131lar veren merhum Prof. Dr. Fuat Sezgin an\u0131s\u0131na d\u00fczenlenen sempozyumda, Osmanl\u0131lar\u0131n devrald\u0131\u011f\u0131 bilimsel miras ve Osmanl\u0131 biliminin klasik \u0130slam ve Bat\u0131 bilimiyle etkile\u015fimleri ele al\u0131nacak. Osmanl\u0131 bilimi hakk\u0131nda \u00e7al\u0131\u015fmalar y\u00fcr\u00fcten 50\u2019yi a\u015fk\u0131n bilim adam\u0131n\u0131 bir araya getirecek olan sempozyum ilgili herkesin kat\u0131l\u0131m\u0131na a\u00e7\u0131k olacak.<\/p>\n","protected":false},"excerpt":{"rendered":"<p>ATAT\u00dcRK K\u00dcLT\u00dcR, D\u0130L VE TAR\u0130H Y\u00dcKSEK KURUMU B\u00dcNYES\u0130NDEK\u0130 T\u00dcRK TAR\u0130H KURUMU VE SAKARYA \u00dcN\u0130VERS\u0130TES\u0130 OSMANLI ARA\u015eTIRMALARI MERKEZ\u0130 \u0130\u015e B\u0130RL\u0130\u011e\u0130YLE 4-5 ARALIK\u2019TA \u201cOSMANLI B\u0130L\u0130M\u0130 SEMPOZYUMU\u201d D\u00dcZENLENECEK.<\/p>\n","protected":false},"author":1,"featured_media":236002,"comment_status":"closed","ping_status":"open","sticky":false,"template":"","format":"standard","meta":{"jetpack_post_was_ever_published":false,"_jetpack_newsletter_access":"","_jetpack_dont_email_post_to_subs":false,"_jetpack_newsletter_tier_id":0,"_jetpack_memberships_contains_paywalled_content":false,"_jetpack_memberships_contains_paid_content":false,"footnotes":"","jetpack_publicize_message":"","jetpack_publicize_feature_enabled":true,"jetpack_social_post_already_shared":true,"jetpack_social_options":{"image_generator_settings":{"template":"highway","default_image_id":0,"font":"","enabled":false},"version":2}},"categories":[656],"tags":[5410,28692,4842,2200,4841],"class_list":["post-236001","post","type-post","status-publish","format-standard","has-post-thumbnail","hentry","category-kultur-sanat","tag-osmanli","tag-bilimi","tag-duzenlenecek","tag-sakaryada","tag-sempozyumu"],"jetpack_publicize_connections":[],"jetpack_featured_media_url":"https:\/\/i0.wp.com\/www.tvturk.com\/wp-content\/uploads\/2019\/12\/sakaryada-osmanli-bilimi-sempozyumu-duzenlenecek_b9d935d.jpg?fit=451%2C621","jetpack_sharing_enabled":true,"jetpack_shortlink":"https:\/\/wp.me\/paKIfm-Zot","_links":{"self":[{"href":"http:\/\/www.tvturk.com\/index.php\/wp-json\/wp\/v2\/posts\/236001","targetHints":{"allow":["GET"]}}],"collection":[{"href":"http:\/\/www.tvturk.com\/index.php\/wp-json\/wp\/v2\/posts"}],"about":[{"href":"http:\/\/www.tvturk.com\/index.php\/wp-json\/wp\/v2\/types\/post"}],"author":[{"embeddable":true,"href":"http:\/\/www.tvturk.com\/index.php\/wp-json\/wp\/v2\/users\/1"}],"replies":[{"embeddable":true,"href":"http:\/\/www.tvturk.com\/index.php\/wp-json\/wp\/v2\/comments?post=236001"}],"version-history":[{"count":0,"href":"http:\/\/www.tvturk.com\/index.php\/wp-json\/wp\/v2\/posts\/236001\/revisions"}],"wp:featuredmedia":[{"embeddable":true,"href":"http:\/\/www.tvturk.com\/index.php\/wp-json\/wp\/v2\/media\/236002"}],"wp:attachment":[{"href":"http:\/\/www.tvturk.com\/index.php\/wp-json\/wp\/v2\/media?parent=236001"}],"wp:term":[{"taxonomy":"category","embeddable":true,"href":"http:\/\/www.tvturk.com\/index.php\/wp-json\/wp\/v2\/categories?post=236001"},{"taxonomy":"post_tag","embeddable":true,"href":"http:\/\/www.tvturk.com\/index.php\/wp-json\/wp\/v2\/tags?post=236001"}],"curies":[{"name":"wp","href":"https:\/\/api.w.org\/{rel}","templated":true}]}}