{"id":236025,"date":"2019-12-02T16:02:21","date_gmt":"2019-12-02T13:02:21","guid":{"rendered":"http:\/\/www.tvturk.com\/index.php\/2020-yili-buyukcekmecede-tarim-yili-olarak-ilan-edildi\/"},"modified":"2019-12-02T16:02:21","modified_gmt":"2019-12-02T13:02:21","slug":"2020-yili-buyukcekmecede-tarim-yili-olarak-ilan-edildi","status":"publish","type":"post","link":"http:\/\/www.tvturk.com\/index.php\/2020-yili-buyukcekmecede-tarim-yili-olarak-ilan-edildi\/","title":{"rendered":"2020 y\u0131l\u0131 B\u00fcy\u00fck\u00e7ekmece\u2019de \u201cTar\u0131m Y\u0131l\u0131\u201d olarak ilan edildi"},"content":{"rendered":"<p>B\u00fcy\u00fck\u00e7ekmece Belediyesi Meclisi, Aral\u0131k ay\u0131 toplant\u0131s\u0131n\u0131 Belediye Ba\u015fkan\u0131 Dr. Hasan Akg\u00fcn ba\u015fkanl\u0131\u011f\u0131nda ger\u00e7ekle\u015ftirdi. B\u00fcy\u00fck\u00e7ekmece Belediye Meclisi, 2020 y\u0131l\u0131n\u0131 oy birli\u011fiyle \u201cTar\u0131m Y\u0131l\u0131\u201d olarak ilan etti.<\/p>\n<p>B\u00fcy\u00fck\u00e7ekmece Belediye Meclis toplant\u0131s\u0131, 3 Aral\u0131k D\u00fcnya Engelliler G\u00fcn\u00fc nedeniyle g\u00f6rme engelli olan G\u00f6kku\u015fa\u011f\u0131 Engelli \u0130zci Kul\u00fcb\u00fc \u00fcyesi Efe Kaya \u0130mamo\u011flu\u2019nun kemen\u00e7e dinletisiyle ba\u015flad\u0131. Belediye Ba\u015fkan\u0131 Dr. Hasan Akg\u00fcn, 3 Aral\u0131k D\u00fcnya Engelliler G\u00fcn\u00fc\u2019ne dikkat \u00e7ekerek; \u201cDezavantajl\u0131 vatanda\u015flar\u0131m\u0131z\u0131 sosyal ya\u015fam i\u00e7erisinde birlikte y\u00fcr\u00fcmek bizim asli g\u00f6revimiz. Engelliler haftas\u0131nda bize s\u00f6ylenmesi gerekeni Efe s\u00f6yledi ben bunun \u00fczerine laf s\u00f6ylemiyorum\u201d ifadesini kulland\u0131.<\/p>\n<p>CHP grubu ad\u0131na s\u00f6z alan Meclis \u00dcyesi ve Dezavantajl\u0131lar Komisyonu Ba\u015fkan\u0131 Dr. \u00d6nder Y\u00fcksel Eryi\u011fit, \u201cBirle\u015fmi\u015f Milletlerin verilerine g\u00f6re d\u00fcnya n\u00fcfusunun y\u00fczde 12\u2019sini engelliler olu\u015fturuyor. Bu oran \u00fclkemizde y\u00fczde 13 civar\u0131ndad\u0131r. Hi\u00e7bir ferdin bu konuda kay\u0131ts\u0131z kalmas\u0131 kabul edilemez. Her sa\u011fl\u0131kl\u0131 insan birer engelli aday\u0131d\u0131r. Engellilik kavram\u0131 sadece engelli bireyleri ilgilendirmez. Hedefimiz ya\u015fam\u0131n b\u00fct\u00fcn alanlar\u0131nda engellerin kald\u0131r\u0131lmas\u0131d\u0131r\u201d diye konu\u015ftu.<\/p>\n<p>Kad\u0131nlara tan\u0131nan se\u00e7me ve se\u00e7ilme hakk\u0131n\u0131n verilmesi<\/p>\n<p>Ba\u015fkan Akg\u00fcn, 5 Aral\u0131k 1934\u2019de Anayasa ve Se\u00e7im Kanunu\u2019nda yap\u0131lan yasa de\u011fi\u015fikli\u011fi ile T\u00fcrk kad\u0131n\u0131na se\u00e7me ve se\u00e7ilme hakk\u0131 verildi\u011fini  hat\u0131rlatarak; \u201cGazi Mustafa Kemal Atat\u00fcrk, bir kez daha t\u00fcm d\u00fcnyaya \u00f6rnek olacak bir karara \u00f6nc\u00fcl\u00fck etti. Kad\u0131nlar\u0131n siyasi hayatta se\u00e7me ve se\u00e7ilme hakk\u0131 i\u00e7in harekete ge\u00e7ti. Ve, Se\u00e7im Kanunu\u2019nda yap\u0131lan de\u011fi\u015fiklik ile bundan tam 85 y\u0131l \u00f6nce kad\u0131nlar, en demokratik haklar\u0131na kavu\u015ftular. Fransa ve \u0130talya T\u00fcrkiye\u2019den 11, Romanya 12, Bulgaristan 13, Bel\u00e7ika 14, medeniyetin be\u015fi\u011fi say\u0131lan \u0130svi\u00e7re ise 36 y\u0131l sonra kad\u0131n\u0131na se\u00e7me ve se\u00e7ilme hakk\u0131 vermi\u015ftir\u201d dedi.<\/p>\n<p>\u201cToplumumuzun yar\u0131s\u0131 \u015fiddete u\u011fruyor\u201d<\/p>\n<p>D\u00fcnyadaki kad\u0131na \u015fiddet ve kad\u0131n cinayetlerine dikkat \u00e7eken CHP Grup Ba\u015fkanvekili Co\u015fkun Tan\u0131\u015f, \u201cMaalesef ki kad\u0131n cinayetleri alm\u0131\u015f ba\u015f\u0131n\u0131 gidiyor. Bizlerin bir b\u00fct\u00fcn olarak bu kad\u0131na se\u00e7me ve se\u00e7ilme hakk\u0131n\u0131n verildi\u011fi g\u00fcn\u00fc birka\u00e7 c\u00fcmle ile ge\u00e7i\u015ftirmek yerine daha ciddi tedbirler alma noktas\u0131nda el ele verip buna bir \u00e7\u00f6z\u00fcm bulmam\u0131z laz\u0131m. Toplumumuzun yar\u0131s\u0131 \u015fiddete u\u011fruyor. Buna da dikkat \u00e7ekmek laz\u0131m. Bu bir toplumsal meseledir\u201d dedi.<\/p>\n<p>Ak Parti Meclis \u00dcyesi Zerin \u00c7a\u011flar \u201cT\u00fcm kad\u0131nlar\u0131m\u0131z\u0131n se\u00e7me ve se\u00e7ilme hakk\u0131 elde etti\u011fi g\u00fcn\u00fc kutluyorum. Bu konuda emekleri ge\u00e7enleri \u00f6zellikle \u00fclkemizin kurucusu Mustafa Kemal Atat\u00fcrk\u2019\u00fc \u015f\u00fckranla an\u0131yorum. Toplumun yar\u0131s\u0131n\u0131 olu\u015fturan kad\u0131nlar\u0131n ihmal edildi\u011fi hi\u00e7bir \u00e7al\u0131\u015fman\u0131n ba\u015far\u0131 \u015fans\u0131 yoktur. Kad\u0131nlar\u0131n sosyal hayat\u0131n her alan\u0131nda desteklenmesi gerekir\u201d ifadesini kulland\u0131.<\/p>\n<p>\u201cB\u00fcy\u00fck\u00e7ekmece\u2019de tar\u0131mla ilgili \u00e7ok g\u00fczel \u015feyler olacak\u201d<\/p>\n<p>Konu\u015fmalar\u0131n ard\u0131ndan g\u00fcndem maddeleri g\u00f6r\u00fc\u015f\u00fclerek karara ba\u011fland\u0131. Mecliste grubu bulunan partilerin ortak \u00f6nergesi olan \u201c2020 y\u0131l\u0131n\u0131n Tar\u0131m Y\u0131l\u0131 olarak ilan edilmesi\u201d teklifi oy birli\u011fiyle kabul edildi.<\/p>\n<p>Belediye meclisine te\u015fekk\u00fcr eden B\u00fcy\u00fck\u00e7ekmece Belediye Ba\u015fkan\u0131 Dr. Hasan Akg\u00fcn, \u201c\u015eehrimizin ekilebilir 78 bin hektarl\u0131k alanda aktif tar\u0131m yapabilmesi i\u00e7in biraz bizi de vatanda\u015f\u0131n zorlamas\u0131 bak\u0131m\u0131ndan, meclisin tamam\u0131n\u0131n \u00f6nerisiyle 2020 y\u0131l\u0131n\u0131 \u2018Tar\u0131m Y\u0131l\u0131\u2019 ilan etmek istiyoruz. Nam\u0131k Kemal \u00dcniversitesi toprakla ilgili, Yeditepe \u00dcniversitesi dikilecek mahsul\u00fcn tohumuyla ilgili bizim orta\u011f\u0131m\u0131z oldular. \u015eehrimizde kamuya ait yerleri lavanta, zeytin, ceviz ekimi yap\u0131laca\u011f\u0131n\u0131 \u00fcniversiteler s\u00f6yleyecek. Park ve Bah\u00e7eler M\u00fcd\u00fcrl\u00fc\u011f\u00fcm\u00fcz\u00fcn i\u00e7erisinde Tar\u0131m B\u00fcrosu olu\u015fturduk. G\u00f6receksiniz ki 2020 y\u0131l\u0131n\u0131n sonuna kadar B\u00fcy\u00fck\u00e7ekmece\u2019de tar\u0131mla ilgili g\u00fczel \u015feyler olacak. Vatanda\u015flar\u0131m\u0131z\u0131 daha fazla tar\u0131ma y\u00f6nlendirmek i\u00e7in \u00e7ok ciddi \u00e7al\u0131\u015fmalar yap\u0131yoruz. Kad\u0131nlar\u0131m\u0131z\u0131 \u00f6rg\u00fctleyece\u011fiz ve kooperatif kurduraca\u011f\u0131z. Kendi \u00fcrettikleri tar\u0131m \u00fcr\u00fcnlerini direk kendileri satacak. B\u00fcy\u00fck\u00e7ekmece\u2019de ikamet eden, ihtiya\u00e7 sahibi ve ben tar\u0131m yaparak ge\u00e7imimi sa\u011flamak istiyorum diyen vatanda\u015f\u0131m\u0131za destek olaca\u011f\u0131z. Memleketimizde tar\u0131mla ilgili yap\u0131lacak ne varsa herkes bilimsel olarak elini ta\u015f\u0131n alt\u0131na koyacak\u201d dedi.<\/p>\n","protected":false},"excerpt":{"rendered":"<p>B\u00dcY\u00dcK\u00c7EKMECE BELED\u0130YES\u0130 MECL\u0130S\u0130, ARALIK AYI TOPLANTISINI BELED\u0130YE BA\u015eKANI DR. HASAN AKG\u00dcN BA\u015eKANLI\u011eINDA GER\u00c7EKLE\u015eT\u0130RD\u0130. B\u00dcY\u00dcK\u00c7EKMECE BELED\u0130YE MECL\u0130S\u0130, 2020 YILINI OY B\u0130RL\u0130\u011e\u0130YLE \u201cTARIM YILI\u201d OLARAK \u0130LAN ETT\u0130.<\/p>\n","protected":false},"author":1,"featured_media":236026,"comment_status":"closed","ping_status":"open","sticky":false,"template":"","format":"standard","meta":{"jetpack_post_was_ever_published":false,"_jetpack_newsletter_access":"","_jetpack_dont_email_post_to_subs":false,"_jetpack_newsletter_tier_id":0,"_jetpack_memberships_contains_paywalled_content":false,"_jetpack_memberships_contains_paid_content":false,"footnotes":"","jetpack_publicize_message":"","jetpack_publicize_feature_enabled":true,"jetpack_social_post_already_shared":true,"jetpack_social_options":{"image_generator_settings":{"template":"highway","default_image_id":0,"font":"","enabled":false},"version":2}},"categories":[1],"tags":[11539,5881,857,904,5030,2403,2128],"class_list":["post-236025","post","type-post","status-publish","format-standard","has-post-thumbnail","hentry","category-genel","tag-11539","tag-buyukcekmecede","tag-edildi","tag-ilan","tag-olarak","tag-tarim","tag-yili"],"jetpack_publicize_connections":[],"jetpack_featured_media_url":"https:\/\/i0.wp.com\/www.tvturk.com\/wp-content\/uploads\/2019\/12\/2020-yili-buyukcekmecede-tarim-yili-olarak-ilan-edildi_d7e04a4.jpg?fit=1000%2C666","jetpack_sharing_enabled":true,"jetpack_shortlink":"https:\/\/wp.me\/paKIfm-ZoR","_links":{"self":[{"href":"http:\/\/www.tvturk.com\/index.php\/wp-json\/wp\/v2\/posts\/236025","targetHints":{"allow":["GET"]}}],"collection":[{"href":"http:\/\/www.tvturk.com\/index.php\/wp-json\/wp\/v2\/posts"}],"about":[{"href":"http:\/\/www.tvturk.com\/index.php\/wp-json\/wp\/v2\/types\/post"}],"author":[{"embeddable":true,"href":"http:\/\/www.tvturk.com\/index.php\/wp-json\/wp\/v2\/users\/1"}],"replies":[{"embeddable":true,"href":"http:\/\/www.tvturk.com\/index.php\/wp-json\/wp\/v2\/comments?post=236025"}],"version-history":[{"count":0,"href":"http:\/\/www.tvturk.com\/index.php\/wp-json\/wp\/v2\/posts\/236025\/revisions"}],"wp:featuredmedia":[{"embeddable":true,"href":"http:\/\/www.tvturk.com\/index.php\/wp-json\/wp\/v2\/media\/236026"}],"wp:attachment":[{"href":"http:\/\/www.tvturk.com\/index.php\/wp-json\/wp\/v2\/media?parent=236025"}],"wp:term":[{"taxonomy":"category","embeddable":true,"href":"http:\/\/www.tvturk.com\/index.php\/wp-json\/wp\/v2\/categories?post=236025"},{"taxonomy":"post_tag","embeddable":true,"href":"http:\/\/www.tvturk.com\/index.php\/wp-json\/wp\/v2\/tags?post=236025"}],"curies":[{"name":"wp","href":"https:\/\/api.w.org\/{rel}","templated":true}]}}