{"id":236305,"date":"2019-12-03T10:32:32","date_gmt":"2019-12-03T07:32:32","guid":{"rendered":"http:\/\/www.tvturk.com\/index.php\/kdk-engelliler-icin-engelleri-kaldiriyor\/"},"modified":"2019-12-03T10:32:32","modified_gmt":"2019-12-03T07:32:32","slug":"kdk-engelliler-icin-engelleri-kaldiriyor","status":"publish","type":"post","link":"http:\/\/www.tvturk.com\/index.php\/kdk-engelliler-icin-engelleri-kaldiriyor\/","title":{"rendered":"KDK, engelliler i\u00e7in engelleri kald\u0131r\u0131yor"},"content":{"rendered":"<p>Kamu Denet\u00e7ili\u011fi Kurumu (Ombudsman) 3 Aral\u0131k D\u00fcnya Engelliler G\u00fcn\u00fc\u2019nde yapt\u0131\u011f\u0131 \u00e7al\u0131\u015fmalar hakk\u0131nda kamuoyunu bilgilendirdi. Kurumdan yap\u0131lan a\u00e7\u0131klamaya g\u00f6re, kuruldu\u011fu 2013 y\u0131l\u0131ndan bu yana engelli haklar\u0131yla ilgili olarak binin \u00fczerinde ba\u015fvuru alan KDK bu ba\u015fvurular\u0131n tamam\u0131na yak\u0131n\u0131n\u0131 \u00e7\u00f6z\u00fcme kavu\u015fturdu.<\/p>\n<p>Kamu Denet\u00e7ili\u011fi Kurumunun (Ombudsman) yapt\u0131\u011f\u0131 a\u00e7\u0131klamada, sadece 3 Aral\u0131k \u201cD\u00fcnya Engelliler G\u00fcn\u00fc\u201d veya 10-16 May\u0131s \u201cD\u00fcnya Engelliler Haftas\u0131nda\u201d de\u011fil, her g\u00fcn engellilerin sorunlar\u0131 ve bu sorunlar\u0131n \u00e7\u00f6z\u00fcm\u00fcnde yap\u0131lmas\u0131 gerekenlerin insan haklar\u0131 ve e\u015fitlik ilkesine sayg\u0131l\u0131 ve sosyal devlet ilkesine ba\u011fl\u0131 bir anlay\u0131\u015f i\u00e7erisinde \u00e7\u00f6z\u00fcm i\u00e7in \u00e7al\u0131\u015f\u0131ld\u0131\u011f\u0131 ifade edildi.<\/p>\n<p>\u201cEngelli haklar\u0131\u201d konusunda \u00fczerine ald\u0131\u011f\u0131 ulusal d\u00fczeydeki sorumlulu\u011fu hakk\u0131yla yerine getirebilmek i\u00e7in t\u00fcm g\u00fcc\u00fcyle \u00e7al\u0131\u015fmaya, \u00fcretmeye, \u00e7\u00f6z\u00fcm bulmaya ve rehberlik etmeye devam eden KDK verdi\u011fi kararlardan baz\u0131lar\u0131n\u0131 yay\u0131nlad\u0131.<\/p>\n<p>Engelliler ba\u015fvuruyor KDK \u00e7\u00f6z\u00fcm buluyor<\/p>\n<p>Antalya Havaliman\u0131\u2019nda \u00e7al\u0131\u015fan engelli personel, engelli bireylerin \u00fccretsiz otopark hakk\u0131ndan, personel oldu\u011fu i\u00e7in yararland\u0131r\u0131lmay\u0131nca Ombudsmana ba\u015fvurdu. Yap\u0131lan incelemeler neticesinde engelli \u00e7al\u0131\u015fanlar\u0131n da \u00fccretsiz otopark hakk\u0131ndan faydaland\u0131r\u0131lmas\u0131 gerekti\u011fi kanaatine varan KDK tavsiye karar\u0131 verdi.<\/p>\n<p>Y\u00fczde 88 oran\u0131nda engelli evlad\u0131 i\u00e7in \u0130stanbul\u2019da otururken evde bak\u0131m \u00fccreti yard\u0131m\u0131 alan aile \u015eanl\u0131urfa\u2019ya ta\u015f\u0131n\u0131nca bu \u00f6deme iptal edildi. Baban\u0131n ba\u015fvurusu \u00fczerine Kamu Denet\u00e7ili\u011fi Kurumu Bakanl\u0131\u011fa ba\u011fl\u0131 farkl\u0131 il ta\u015fra te\u015fkilatlar\u0131n\u0131n tamamen birbirine z\u0131t y\u00f6ndeki uygulamalar\u0131 aras\u0131nda olu\u015fan \u00e7eli\u015fkinin somut gerek\u00e7eleri talebe ra\u011fmen ortaya konulmad\u0131\u011f\u0131ndan yard\u0131m\u0131n aileye ba\u011flanmas\u0131 karar\u0131na vard\u0131.<\/p>\n<p>Bursa\u2019da oturdu\u011fu caddenin kald\u0131r\u0131mlar\u0131n\u0131n engelliler i\u00e7in elveri\u015fli olmad\u0131\u011f\u0131n\u0131, cadde \u00fczerinde engelli rampas\u0131n\u0131n bulunmad\u0131\u011f\u0131n\u0131 ifade eden vatanda\u015f\u0131n yard\u0131m\u0131na yine Ombudsman ko\u015ftu. Yap\u0131lan de\u011ferlendirmenin ard\u0131ndan tespit edilen uygulama hata ve eksikliklerinin giderilmesi amac\u0131yla yap\u0131lacak \u00e7al\u0131\u015fmalar\u0131n izlenmesi ve denetlenmesi amac\u0131yla Bursa Valili\u011fine tavsiye verildi.<\/p>\n","protected":false},"excerpt":{"rendered":"<p>KAMU DENET\u00c7\u0130L\u0130\u011e\u0130 KURUMU (OMBUDSMAN) 3 ARALIK D\u00dcNYA ENGELL\u0130LER G\u00dcN\u00dc\u2019NDE YAPTI\u011eI \u00c7ALI\u015eMALAR HAKKINDA KAMUOYUNU B\u0130LG\u0130LEND\u0130RD\u0130. KURUMDAN YAPILAN A\u00c7IKLAMAYA G\u00d6RE, KURULDU\u011eU 2013 YILINDAN BU YANA ENGELL\u0130 HAKLARIYLA \u0130LG\u0130L\u0130 OLARAK B\u0130N\u0130N \u00dcZER\u0130NDE BA\u015eVURU ALAN KDK BU BA\u015eVURULARIN TAMAMINA YAKININI \u00c7\u00d6Z\u00dcME KAVU\u015eTURDU.<\/p>\n","protected":false},"author":1,"featured_media":236306,"comment_status":"closed","ping_status":"open","sticky":false,"template":"","format":"standard","meta":{"jetpack_post_was_ever_published":false,"_jetpack_newsletter_access":"","_jetpack_dont_email_post_to_subs":false,"_jetpack_newsletter_tier_id":0,"_jetpack_memberships_contains_paywalled_content":false,"_jetpack_memberships_contains_paid_content":false,"footnotes":"","jetpack_publicize_message":"","jetpack_publicize_feature_enabled":true,"jetpack_social_post_already_shared":true,"jetpack_social_options":{"image_generator_settings":{"template":"highway","default_image_id":0,"font":"","enabled":false},"version":2}},"categories":[1],"tags":[1044,4760,44,43313,31297],"class_list":["post-236305","post","type-post","status-publish","format-standard","has-post-thumbnail","hentry","category-genel","tag-engelleri","tag-engelliler","tag-icin","tag-kaldiriyor","tag-kdk"],"jetpack_publicize_connections":[],"jetpack_featured_media_url":"https:\/\/i0.wp.com\/www.tvturk.com\/wp-content\/uploads\/2019\/12\/kdk-engelliler-icin-engelleri-kaldiriyor_bc7b2c0.jpg?fit=1000%2C667","jetpack_sharing_enabled":true,"jetpack_shortlink":"https:\/\/wp.me\/paKIfm-Ztn","_links":{"self":[{"href":"http:\/\/www.tvturk.com\/index.php\/wp-json\/wp\/v2\/posts\/236305","targetHints":{"allow":["GET"]}}],"collection":[{"href":"http:\/\/www.tvturk.com\/index.php\/wp-json\/wp\/v2\/posts"}],"about":[{"href":"http:\/\/www.tvturk.com\/index.php\/wp-json\/wp\/v2\/types\/post"}],"author":[{"embeddable":true,"href":"http:\/\/www.tvturk.com\/index.php\/wp-json\/wp\/v2\/users\/1"}],"replies":[{"embeddable":true,"href":"http:\/\/www.tvturk.com\/index.php\/wp-json\/wp\/v2\/comments?post=236305"}],"version-history":[{"count":0,"href":"http:\/\/www.tvturk.com\/index.php\/wp-json\/wp\/v2\/posts\/236305\/revisions"}],"wp:featuredmedia":[{"embeddable":true,"href":"http:\/\/www.tvturk.com\/index.php\/wp-json\/wp\/v2\/media\/236306"}],"wp:attachment":[{"href":"http:\/\/www.tvturk.com\/index.php\/wp-json\/wp\/v2\/media?parent=236305"}],"wp:term":[{"taxonomy":"category","embeddable":true,"href":"http:\/\/www.tvturk.com\/index.php\/wp-json\/wp\/v2\/categories?post=236305"},{"taxonomy":"post_tag","embeddable":true,"href":"http:\/\/www.tvturk.com\/index.php\/wp-json\/wp\/v2\/tags?post=236305"}],"curies":[{"name":"wp","href":"https:\/\/api.w.org\/{rel}","templated":true}]}}