{"id":23645,"date":"2019-02-12T09:36:06","date_gmt":"2019-02-12T06:36:06","guid":{"rendered":"http:\/\/www.tvturk.com\/index.php\/dr-inal-2018-medline-adana-icin-basarili-gecti\/"},"modified":"2019-02-12T09:36:06","modified_gmt":"2019-02-12T06:36:06","slug":"dr-inal-2018-medline-adana-icin-basarili-gecti","status":"publish","type":"post","link":"http:\/\/www.tvturk.com\/index.php\/dr-inal-2018-medline-adana-icin-basarili-gecti\/","title":{"rendered":"Dr. \u0130nal: &#8220;2018 Medline Adana i\u00e7in ba\u015far\u0131l\u0131 ge\u00e7ti&#8221;"},"content":{"rendered":"<p>Medline Adana Hastanesi Direkt\u00f6r\u00fc ve Ba\u015fhekimi Op. Dr. Musa \u0130nal, Medline Adana Hastanesi olarak zor ama ba\u015far\u0131l\u0131 bir y\u0131l ge\u00e7irdiklerini belirterek, \u201c2018 y\u0131l\u0131nda sadece Adana\u2019dan de\u011fil, t\u00fcm \u00c7ukurova B\u00f6lgesi\u2019nden yakla\u015f\u0131k 235 bin hastaya hizmet verdik\u201d dedi.<\/p>\n<p>Op. Dr. Musa \u0130nal, 2018 y\u0131l\u0131n\u0131 ve sa\u011fl\u0131k sekt\u00f6r\u00fcn\u00fcn i\u00e7inde bulundu\u011fu durumu de\u011ferlendiren a\u00e7\u0131klamalarda bulundu.<\/p>\n<p>T\u00fcm d\u00fcnyada sa\u011fl\u0131k alan\u0131ndaki olumlu geli\u015fmelerin ba\u015f d\u00f6nd\u00fcr\u00fcc\u00fc bir h\u0131zla ilerleme kaydetti\u011fini anlatan Op. Dr. Musa \u0130nal, \u201cTedavisi hala tam olarak bulunamayan hastal\u0131klar var olsa da onkolojide ak\u0131ll\u0131 ila\u00e7 tedavileri, kablosuz kalp pilleri, g\u00f6r\u00fcnt\u00fcleme sistemlerindeki yenilikler gibi y\u00fcz g\u00fcld\u00fcren geli\u015fmeler art arda g\u00fcndeme geliyor. \u00c7ok yak\u0131n bir gelecekte \u00f6zellikle kalp, diyabet, tansiyon gibi kronik rahats\u0131zl\u0131klar\u0131 bulunan hastalar\u0131n ve ya\u015fl\u0131lar\u0131n uzaktan kontrol edilmesini sa\u011flamaya y\u00f6nelik yeni teknolojiler devreye girece\u011fi \u00f6ng\u00f6r\u00fcl\u00fcyor. Biz de Medline Adana Hastanesi olarak t\u00fcm bu olumlu geli\u015fmeleri yak\u0131ndan takip ediyoruz\u201d dedi.<\/p>\n<p>Hastane olarak hastalara sa\u011fl\u0131k hizmeti sunumunda ba\u015far\u0131l\u0131 bir y\u0131l\u0131 geride b\u0131rakt\u0131klar\u0131n\u0131 s\u00f6yleyen Op. Dr. Musa \u0130nal \u015f\u00f6yle konu\u015ftu:<\/p>\n<p>\u201cZor ama ba\u015far\u0131l\u0131 bir y\u0131l ge\u00e7irdik. D\u00f6n\u00fcp geriye bakt\u0131\u011f\u0131m\u0131zda 2018 y\u0131l\u0131nda yakla\u015f\u0131k 235 bin hastaya hizmet verdi\u011fimizi g\u00f6r\u00fcyoruz. Bu say\u0131y\u0131 a\u00e7acak olursak bizim sadece Adana\u2019dan de\u011fil, t\u00fcm \u00c7ukurova B\u00f6lgesi\u2019nden hasta kabul etti\u011fimiz g\u00f6r\u00fclecektir. Ayr\u0131ca kap\u0131lar\u0131m\u0131z\u0131 a\u00e7t\u0131\u011f\u0131m\u0131z 2009 y\u0131l\u0131ndan bu yana sahip oldu\u011fumuz ve her 3 y\u0131lda bir yenilenen uluslararas\u0131 kalite belgesi olan Joint Commission International (JCI) akreditasyonumuz sayesinde yabanc\u0131 hastalar\u0131m\u0131za da 2018 y\u0131l\u0131 i\u00e7erisinde hizmet vermi\u015f durumday\u0131z. Az \u00f6nce bahsetti\u011fim 235 bin rakam\u0131na daha ayr\u0131nt\u0131l\u0131 bakacak olursak bunlar\u0131n i\u00e7erisinde yakla\u015f\u0131k 11 bin hastam\u0131z\u0131n ameliyat olmak i\u00e7in hastanemizi ve doktorlar\u0131m\u0131z\u0131 tercih etti\u011fini g\u00f6r\u00fcyoruz. Yatan hasta say\u0131m\u0131z ise yine yakla\u015f\u0131k 15 bini bulmakta. Cerrahi i\u015flemlerin yan\u0131 s\u0131ra kardiyoloji ve kalp-damar cerrahisi bran\u015flar\u0131nda da \u00f6nc\u00fc bir hastane oldu\u011fumuzu s\u00f6ylemek san\u0131r\u0131m yanl\u0131\u015f olmayacakt\u0131r. Bu iddiam\u0131z\u0131 da yine rakamlarla destekleyecek olursak ger\u00e7ekle\u015ftirdi\u011fimiz anjiyo say\u0131s\u0131n\u0131n 3 bini, by-pass ameliyat\u0131 say\u0131s\u0131n\u0131n ise 300\u2019\u00fc a\u015ft\u0131\u011f\u0131n\u0131 s\u00f6yleyebiliriz. Bu rakamlar hastanemizin hastalar taraf\u0131ndan g\u00fcvenilir bulundu\u011funu, doktorlar\u0131m\u0131z\u0131n te\u015fhis ve tedavideki etkin ba\u015far\u0131s\u0131n\u0131 ve hizmet kalitemizi belgeler niteliktedir. Bu genel de\u011ferlendirme i\u00e7erisinde son olarak bir ba\u015fl\u0131k da onkoloji bran\u015f\u0131na a\u00e7mak gerekir diye d\u00fc\u015f\u00fcn\u00fcyorum. Onkoloji bran\u015f\u0131m\u0131zda hasta say\u0131lar\u0131m\u0131z da t\u00fcm b\u00f6lgede tercih edilen bir hastane oldu\u011fumuzu ispatlar niteliktedir. K\u0131saca de\u011finmek gerekir ise onkoloji i\u00e7in hastanemize gelen hasta say\u0131m\u0131z\u0131n yakla\u015f\u0131k 6 bin, yatarak hizmet alan hasta say\u0131m\u0131z\u0131n ise yine yakla\u015f\u0131k bin oldu\u011funu s\u00f6yleyebilirim.\u201d<\/p>\n","protected":false},"excerpt":{"rendered":"<p>MEDL\u0130NE ADANA HASTANES\u0130 D\u0130REKT\u00d6R\u00dc VE BA\u015eHEK\u0130M\u0130 OP. DR. MUSA \u0130NAL, MEDL\u0130NE ADANA HASTANES\u0130 OLARAK ZOR AMA BA\u015eARILI B\u0130R YIL GE\u00c7\u0130RD\u0130KLER\u0130N\u0130 BEL\u0130RTEREK, \u201c2018 YILINDA SADECE ADANA\u2019DAN DE\u011e\u0130L, T\u00dcM \u00c7UKUROVA B\u00d6LGES\u0130\u2019NDEN YAKLA\u015eIK 235 B\u0130N HASTAYA H\u0130ZMET VERD\u0130K\u201d DED\u0130.<\/p>\n","protected":false},"author":1,"featured_media":23646,"comment_status":"closed","ping_status":"open","sticky":false,"template":"","format":"standard","meta":{"jetpack_post_was_ever_published":false,"_jetpack_newsletter_access":"","_jetpack_dont_email_post_to_subs":false,"_jetpack_newsletter_tier_id":0,"_jetpack_memberships_contains_paywalled_content":false,"_jetpack_memberships_contains_paid_content":false,"footnotes":"","jetpack_publicize_message":"","jetpack_publicize_feature_enabled":true,"jetpack_social_post_already_shared":false,"jetpack_social_options":{"image_generator_settings":{"template":"highway","default_image_id":0,"font":"","enabled":false},"version":2}},"categories":[658],"tags":[6265,2080,3742,279,1512,44,10005,10006],"class_list":["post-23645","post","type-post","status-publish","format-standard","has-post-thumbnail","hentry","category-saglik","tag-6265","tag-adana","tag-basarili","tag-dr","tag-gecti","tag-icin","tag-inal","tag-medline"],"jetpack_publicize_connections":[],"jetpack_featured_media_url":"https:\/\/i0.wp.com\/www.tvturk.com\/wp-content\/uploads\/2019\/02\/dr-inal-2018-medline-adana-icin-basarili-gecti_29eae7a.jpg?fit=678%2C1000","jetpack_sharing_enabled":true,"jetpack_shortlink":"https:\/\/wp.me\/paKIfm-69n","_links":{"self":[{"href":"http:\/\/www.tvturk.com\/index.php\/wp-json\/wp\/v2\/posts\/23645","targetHints":{"allow":["GET"]}}],"collection":[{"href":"http:\/\/www.tvturk.com\/index.php\/wp-json\/wp\/v2\/posts"}],"about":[{"href":"http:\/\/www.tvturk.com\/index.php\/wp-json\/wp\/v2\/types\/post"}],"author":[{"embeddable":true,"href":"http:\/\/www.tvturk.com\/index.php\/wp-json\/wp\/v2\/users\/1"}],"replies":[{"embeddable":true,"href":"http:\/\/www.tvturk.com\/index.php\/wp-json\/wp\/v2\/comments?post=23645"}],"version-history":[{"count":0,"href":"http:\/\/www.tvturk.com\/index.php\/wp-json\/wp\/v2\/posts\/23645\/revisions"}],"wp:featuredmedia":[{"embeddable":true,"href":"http:\/\/www.tvturk.com\/index.php\/wp-json\/wp\/v2\/media\/23646"}],"wp:attachment":[{"href":"http:\/\/www.tvturk.com\/index.php\/wp-json\/wp\/v2\/media?parent=23645"}],"wp:term":[{"taxonomy":"category","embeddable":true,"href":"http:\/\/www.tvturk.com\/index.php\/wp-json\/wp\/v2\/categories?post=23645"},{"taxonomy":"post_tag","embeddable":true,"href":"http:\/\/www.tvturk.com\/index.php\/wp-json\/wp\/v2\/tags?post=23645"}],"curies":[{"name":"wp","href":"https:\/\/api.w.org\/{rel}","templated":true}]}}