{"id":236460,"date":"2019-12-03T13:31:56","date_gmt":"2019-12-03T10:31:56","guid":{"rendered":"http:\/\/www.tvturk.com\/index.php\/tarladan-seraya-gecen-domates-fiyati-en-cok-artan-urun-oldu\/"},"modified":"2019-12-03T13:31:56","modified_gmt":"2019-12-03T10:31:56","slug":"tarladan-seraya-gecen-domates-fiyati-en-cok-artan-urun-oldu","status":"publish","type":"post","link":"http:\/\/www.tvturk.com\/index.php\/tarladan-seraya-gecen-domates-fiyati-en-cok-artan-urun-oldu\/","title":{"rendered":"Tarladan seraya ge\u00e7en domates fiyat\u0131 en \u00e7ok artan \u00fcr\u00fcn oldu"},"content":{"rendered":"<p>Mevsimsel ko\u015fullar gere\u011fi tarladan sera \u00fcretimine ge\u00e7en domates, Kas\u0131m ay\u0131n\u0131n zam \u015fampiyonu oldu. Pazarda kilosu 5 lira olan domatesin fiyat\u0131n\u0131n mevsimine g\u00f6re normal oldu\u011funa dikkat \u00e7ekildi.<\/p>\n<p>T\u00fcrkiye \u0130statistik Kurumu (TU\u0130K) enflasyon verilerine g\u00f6re Kas\u0131m ay\u0131 zam \u015fampiyonu domates sonras\u0131nda ise salatal\u0131k olurken en \u00e7ok ucuzlayan \u00fcr\u00fcnler ise portakal ile \u0131spanak oldu. Bir \u00f6nceki aya g\u00f6re y\u00fczde 16,65 ile en \u00e7ok pahal\u0131la\u015fan \u00fcr\u00fcn domates oldu. Domatesi y\u00fczde 14,98 zam ile salatal\u0131k izledi.<\/p>\n<p>Pazar esnaf\u0131 ise domates ve salatal\u0131kta g\u00f6r\u00fclen fiyat art\u0131\u015f\u0131n\u0131n sebebinin, tarlalarda \u00fcr\u00fcnlerin t\u00fckenmesinin sonucunda serac\u0131l\u0131\u011f\u0131n maliyetli olu\u015fu olarak a\u00e7\u0131klad\u0131. Domatesin fiyat\u0131n\u0131n y\u00fckseli\u015fi ile ilgili konu\u015fan Pazar esnaf\u0131 Okan Bala, \u201cK\u0131\u015f ay\u0131na girdik, domatesin fiyat\u0131 k\u0131\u015f\u0131n daha pahal\u0131 olur. Tarlalarda yeti\u015ftirilen domatesler t\u00fckendi, seralardan gelen domatesler sat\u0131l\u0131yor. Seralardan gelen \u00fcr\u00fcnler daha maliyetli oluyor. Ge\u00e7en ay 3-4 liraya satt\u0131\u011f\u0131m\u0131z domates bu ay 5-6 lira oldu\u201d diye konu\u015ftu.<\/p>\n<p>Havalar\u0131n so\u011fumas\u0131 ve serac\u0131l\u0131\u011f\u0131n fiyatlara etkisinden bahseden esnaf Nuri \u00d6zt\u00fcrk de \u201cGe\u00e7en ay domates daha ucuzdu \u00e7\u00fcnk\u00fc tarla \u00fcr\u00fcnleri sat\u0131l\u0131yordu. Bug\u00fcnlerde tarlalar bitti. Seralarda maliyetler \u00e7ok daha y\u00fcksek. Salatal\u0131k da ayn\u0131 \u015fekilde seralardan geliyor. Havalar\u0131n so\u011fumas\u0131 ve serac\u0131l\u0131k fiyatlar\u0131n y\u00fckselmesine sebep oluyor\u201d dedi.<\/p>\n<p>Pazarc\u0131 esnaf\u0131 Ayhan Alt\u0131nda\u011f ise \u201cHavalar\u0131n so\u011fumas\u0131, mazot, g\u00fcbre ve \u00fcreticinin maliyetleri fiyatlar\u0131n y\u00fckselmesine etki ediyor. Tarlalarda \u00fcr\u00fcnlerin t\u00fckenmesi fiyatlar\u0131 y\u00fckseltiyor. T\u00fcketim olarak da k\u0131\u015f mevsimine girdi\u011fimizden dolay\u0131 azalma var\u201d \u015feklinde konu\u015ftu.<\/p>\n<p>Kas\u0131m\u2019da en fazla fiyat\u0131 d\u00fc\u015fen \u00fcr\u00fcnler de y\u00fczde 31,49 ile portakal, y\u00fczde 28,40 ile \u0131spanak olarak s\u0131raland\u0131.<\/p>\n","protected":false},"excerpt":{"rendered":"<p>TARLADAN SERAYA GE\u00c7EN DOMATES F\u0130YATI EN \u00c7OK ARTAN \u00dcR\u00dcN OLDU<\/p>\n","protected":false},"author":1,"featured_media":236461,"comment_status":"closed","ping_status":"open","sticky":false,"template":"","format":"standard","meta":{"jetpack_post_was_ever_published":false,"_jetpack_newsletter_access":"","_jetpack_dont_email_post_to_subs":false,"_jetpack_newsletter_tier_id":0,"_jetpack_memberships_contains_paywalled_content":false,"_jetpack_memberships_contains_paid_content":false,"footnotes":"","jetpack_publicize_message":"","jetpack_publicize_feature_enabled":true,"jetpack_social_post_already_shared":true,"jetpack_social_options":{"image_generator_settings":{"template":"highway","default_image_id":0,"font":"","enabled":false},"version":2}},"categories":[19],"tags":[5349,105,13988,1877,3436,77,59378,22814,4337],"class_list":["post-236460","post","type-post","status-publish","format-standard","has-post-thumbnail","hentry","category-ekonomi","tag-artan","tag-cok","tag-domates","tag-fiyati","tag-gecen","tag-oldu","tag-seraya","tag-tarladan","tag-urun"],"jetpack_publicize_connections":[],"jetpack_featured_media_url":"https:\/\/i0.wp.com\/www.tvturk.com\/wp-content\/uploads\/2019\/12\/tarladan-seraya-gecen-domates-fiyati-en-cok-artan-urun-oldu_6969d52.jpg?fit=1000%2C664","jetpack_sharing_enabled":true,"jetpack_shortlink":"https:\/\/wp.me\/paKIfm-ZvS","_links":{"self":[{"href":"http:\/\/www.tvturk.com\/index.php\/wp-json\/wp\/v2\/posts\/236460","targetHints":{"allow":["GET"]}}],"collection":[{"href":"http:\/\/www.tvturk.com\/index.php\/wp-json\/wp\/v2\/posts"}],"about":[{"href":"http:\/\/www.tvturk.com\/index.php\/wp-json\/wp\/v2\/types\/post"}],"author":[{"embeddable":true,"href":"http:\/\/www.tvturk.com\/index.php\/wp-json\/wp\/v2\/users\/1"}],"replies":[{"embeddable":true,"href":"http:\/\/www.tvturk.com\/index.php\/wp-json\/wp\/v2\/comments?post=236460"}],"version-history":[{"count":0,"href":"http:\/\/www.tvturk.com\/index.php\/wp-json\/wp\/v2\/posts\/236460\/revisions"}],"wp:featuredmedia":[{"embeddable":true,"href":"http:\/\/www.tvturk.com\/index.php\/wp-json\/wp\/v2\/media\/236461"}],"wp:attachment":[{"href":"http:\/\/www.tvturk.com\/index.php\/wp-json\/wp\/v2\/media?parent=236460"}],"wp:term":[{"taxonomy":"category","embeddable":true,"href":"http:\/\/www.tvturk.com\/index.php\/wp-json\/wp\/v2\/categories?post=236460"},{"taxonomy":"post_tag","embeddable":true,"href":"http:\/\/www.tvturk.com\/index.php\/wp-json\/wp\/v2\/tags?post=236460"}],"curies":[{"name":"wp","href":"https:\/\/api.w.org\/{rel}","templated":true}]}}