{"id":236496,"date":"2019-12-03T13:47:06","date_gmt":"2019-12-03T10:47:06","guid":{"rendered":"http:\/\/www.tvturk.com\/index.php\/minik-yurekler-kozanda-engelleri-asti\/"},"modified":"2019-12-03T13:47:06","modified_gmt":"2019-12-03T10:47:06","slug":"minik-yurekler-kozanda-engelleri-asti","status":"publish","type":"post","link":"http:\/\/www.tvturk.com\/index.php\/minik-yurekler-kozanda-engelleri-asti\/","title":{"rendered":"Minik y\u00fcrekler Kozan\u2019da engelleri a\u015ft\u0131"},"content":{"rendered":"<p>Adana\u2019n\u0131n Kozan il\u00e7esinde T\u00fcrkiye Beyaz Ay Derne\u011fi ile \u0130l\u00e7e Milli E\u011fitim M\u00fcd\u00fcrl\u00fc\u011f\u00fcn\u00fcn d\u00fczenledi\u011fi \u201cAy \u0131\u015f\u0131\u011f\u0131m olur musun\u201d projesi kapsam\u0131nda \u00f6\u011frencilerin toplad\u0131\u011f\u0131 har\u00e7l\u0131klarla al\u0131nan ak\u00fcl\u00fc ara\u00e7lar engelli vatanda\u015flara teslim edildi.<\/p>\n<p>3 Aral\u0131k D\u00fcnya Engelliler G\u00fcn\u00fc dolay\u0131s\u0131yla Millet Bah\u00e7esinde d\u00fczenlenen etkinli\u011fe Kozan Kaymakam\u0131 \u015eafak G\u00fcr\u00e7am, \u0130l\u00e7e Jandarma Komutan\u0131 \u00dcste\u011fmen Nuh Anac\u0131k, \u0130l\u00e7e Milli E\u011fitim M\u00fcd\u00fcr\u00fc Faruk S\u00f6nmez, Beyaz Ay Derne\u011fi Ba\u015fkan\u0131 Ahmet \u00dcnsal ve engelli vatanda\u015flar kat\u0131ld\u0131.<\/p>\n<p>\u00d6\u011frencilerin &#8220;Ay \u0131\u015f\u0131\u011f\u0131m olur musun&#8221; projesi kapsam\u0131nda har\u00e7l\u0131klar\u0131n\u0131 ba\u011f\u0131\u015flad\u0131\u011f\u0131 engelli vatanda\u015flar ve \u00f6\u011frenciler i\u00e7in al\u0131nan 6 adet ak\u00fcl\u00fc tekerlekli sandalyenin teslimi yap\u0131ld\u0131. Engellerini sanatla a\u015fan vatanda\u015f ve \u00f6\u011frenciler programda \u015fiir, \u015fark\u0131 ve \u0130stiklal Mar\u015f\u0131n\u0131 okuyarak kendilerine destek olan \u00f6\u011frencilere te\u015fekk\u00fcr etti.<\/p>\n<p>T\u00fcrkiye Beyaz Ay Derne\u011fi Kozan \u015eube Ba\u015fkan\u0131 Ahmet \u00dcnsal yapt\u0131\u011f\u0131 konu\u015fmada, &#8220;Projeye 3 y\u0131ld\u0131r destek verenlere te\u015fekk\u00fcr ediyorum. Bu projeler g\u00f6n\u00fclden oluyor.  Toplumun bir k\u0131sm\u0131 duymaz g\u00f6rmez, i\u015fitmez engelli grubuna giren kesim oluyor. Bunlar g\u00f6zle g\u00f6r\u00fclen engeller. Bir de \u015feker, sara, kalp hastal\u0131klar\u0131 da engelli olarak de\u011ferlendirilebiliyor. \u0130l\u00e7emizde ortalama 4 bin engelli vatanda\u015f\u0131m\u0131z var. Amac\u0131m\u0131z hepsine destek olmak\u201d diye konu\u015ftu.<\/p>\n<p>\u0130kinci s\u0131n\u0131fa giden 8 ya\u015f\u0131ndaki Yasin Boz tekerlekli sandalyeye kavu\u015fman\u0131n mutlulu\u011funu ya\u015fad\u0131. Yasin, arkada\u015flar\u0131 i\u00e7in \u201c\u0130n\u015fallah onlar da bizim gibi engelli olmaz\u201d temennisinde bulundu.<\/p>\n<p>Baba Murat Boz ise, &#8220;Bizleri g\u00f6r\u00fcnce ac\u0131yarak bakmas\u0131nlar. Bize sevgiyle baks\u0131nlar. Nas\u0131l oldu diye de\u011fil. Sevgiyle baks\u0131nlar ya da hi\u00e7 bakmas\u0131nlar&#8221; diye konu\u015ftu.<\/p>\n","protected":false},"excerpt":{"rendered":"<p>ENGELL\u0130 YAS\u0130N BOZ VE BABA MURAT BOZ<\/p>\n","protected":false},"author":1,"featured_media":236497,"comment_status":"closed","ping_status":"open","sticky":false,"template":"","format":"standard","meta":{"jetpack_post_was_ever_published":false,"_jetpack_newsletter_access":"","_jetpack_dont_email_post_to_subs":false,"_jetpack_newsletter_tier_id":0,"_jetpack_memberships_contains_paywalled_content":false,"_jetpack_memberships_contains_paid_content":false,"footnotes":"","jetpack_publicize_message":"","jetpack_publicize_feature_enabled":true,"jetpack_social_post_already_shared":true,"jetpack_social_options":{"image_generator_settings":{"template":"highway","default_image_id":0,"font":"","enabled":false},"version":2}},"categories":[1],"tags":[3249,1044,7842,1636,12245],"class_list":["post-236496","post","type-post","status-publish","format-standard","has-post-thumbnail","hentry","category-genel","tag-asti","tag-engelleri","tag-kozanda","tag-minik","tag-yurekler"],"jetpack_publicize_connections":[],"jetpack_featured_media_url":"https:\/\/i0.wp.com\/www.tvturk.com\/wp-content\/uploads\/2019\/12\/minik-yurekler-kozanda-engelleri-asti_a56554f.jpg?fit=1000%2C750","jetpack_sharing_enabled":true,"jetpack_shortlink":"https:\/\/wp.me\/paKIfm-Zws","_links":{"self":[{"href":"http:\/\/www.tvturk.com\/index.php\/wp-json\/wp\/v2\/posts\/236496","targetHints":{"allow":["GET"]}}],"collection":[{"href":"http:\/\/www.tvturk.com\/index.php\/wp-json\/wp\/v2\/posts"}],"about":[{"href":"http:\/\/www.tvturk.com\/index.php\/wp-json\/wp\/v2\/types\/post"}],"author":[{"embeddable":true,"href":"http:\/\/www.tvturk.com\/index.php\/wp-json\/wp\/v2\/users\/1"}],"replies":[{"embeddable":true,"href":"http:\/\/www.tvturk.com\/index.php\/wp-json\/wp\/v2\/comments?post=236496"}],"version-history":[{"count":0,"href":"http:\/\/www.tvturk.com\/index.php\/wp-json\/wp\/v2\/posts\/236496\/revisions"}],"wp:featuredmedia":[{"embeddable":true,"href":"http:\/\/www.tvturk.com\/index.php\/wp-json\/wp\/v2\/media\/236497"}],"wp:attachment":[{"href":"http:\/\/www.tvturk.com\/index.php\/wp-json\/wp\/v2\/media?parent=236496"}],"wp:term":[{"taxonomy":"category","embeddable":true,"href":"http:\/\/www.tvturk.com\/index.php\/wp-json\/wp\/v2\/categories?post=236496"},{"taxonomy":"post_tag","embeddable":true,"href":"http:\/\/www.tvturk.com\/index.php\/wp-json\/wp\/v2\/tags?post=236496"}],"curies":[{"name":"wp","href":"https:\/\/api.w.org\/{rel}","templated":true}]}}