{"id":236532,"date":"2019-12-03T14:17:27","date_gmt":"2019-12-03T11:17:27","guid":{"rendered":"http:\/\/www.tvturk.com\/index.php\/engelli-derneklerinden-ortak-basin-aciklamasi\/"},"modified":"2019-12-03T14:17:27","modified_gmt":"2019-12-03T11:17:27","slug":"engelli-derneklerinden-ortak-basin-aciklamasi","status":"publish","type":"post","link":"http:\/\/www.tvturk.com\/index.php\/engelli-derneklerinden-ortak-basin-aciklamasi\/","title":{"rendered":"Engelli Derneklerinden ortak bas\u0131n a\u00e7\u0131klamas\u0131"},"content":{"rendered":"<p>3 Aral\u0131k D\u00fcnya Engelliler G\u00fcn\u00fc nedeniyle, Erzurum\u2019da faaliyetlerini s\u00fcrd\u00fcren dernek temsilcileri Atat\u00fcrk an\u0131t\u0131na \u00e7elenk sundu ortak bas\u0131n a\u00e7\u0131klamas\u0131 yapt\u0131.<\/p>\n<p>Havuzba\u015f\u0131 Kent Meydan\u0131nda d\u00fczenlenen programa Erzurum \u00d6\u011fretilebilir \u00c7ocuklar Okulu ve \u00d6\u011fretim Koruma Derne\u011fi, Erzurum Paland\u00f6ken Otizm Derne\u011fi, Erzurum Zihinsel Engelliler Derne\u011fi, Erzurum Zihinsel ve Down Sendromu Derne\u011fi, T\u00fcrkiye Beyaz Ay Derne\u011fi Erzurum \u015eubesi, T\u00fcrkiye Sakatlar Derne\u011fi Erzurum \u015eubesi ba\u015fkan ve \u00fcyeleri kat\u0131ld\u0131.<\/p>\n<p>Atat\u00fcrk An\u0131t\u0131na \u00e7elenk sunumunda bulunan engelliler, daha sonra hep birlikte \u0130stiklal Mar\u015f\u0131\u2019n\u0131 okudular.<\/p>\n<p>So\u011fuk bir havada yap\u0131lan t\u00f6rende dernek \u00fcyeleri tekerlekli sandalyeleri ile karl\u0131 zeminde t\u00f6ren alan\u0131na gelebilmek i\u00e7in olduk\u00e7a zor anlar ya\u015fad\u0131lar. Baz\u0131 engelliler ise battaniye ile sar\u0131larak so\u011fuktan korunmaya \u00e7al\u0131\u015ft\u0131.<\/p>\n<p>Dernekler ad\u0131na T\u00fcrkiye Sakatlar Derne\u011fi Erzurum \u015eube Ba\u015fkan\u0131 Sadullah Efe bas\u0131n a\u00e7\u0131klamas\u0131 yapt\u0131. Sadullah Efe a\u00e7\u0131klamas\u0131nda; \u201c\u00dclkemiz zorlu bir d\u00f6nemden ge\u00e7iyor. Engelliler bir yandan yeni haklar ya da olanaklar kazan\u0131rken di\u011fer yandan da yeni sorunlarla veya uygulamada kar\u015f\u0131la\u015f\u0131lan sorunlarla y\u00fcz y\u00fcze b\u0131rak\u0131l\u0131yorlar. 2005 y\u0131l\u0131nda y\u00fcr\u00fcrl\u00fc\u011fe giren 5378 say\u0131l\u0131 Yasa\u2019ya g\u00f6re kamuya a\u00e7\u0131k alan, bina ve ula\u015f\u0131m ara\u00e7lar\u0131n\u0131n ba\u015fta engelliler olmak \u00fczere her kes i\u00e7in eri\u015febilir olmas\u0131n\u0131n sa\u011flanmas\u0131 gerekiyor. Konulan s\u00fcrelere uyulmad\u0131, defalarca s\u00fcre ertelemesi yap\u0131ld\u0131. Art\u0131k yasan\u0131n gereklerini yerine getirilmesi neredeyse unutuldu\u201d diye konu\u015ftu.<\/p>\n<p>Efe, engelliler olarak beklentilerini ise \u015f\u00f6yle s\u0131ralad\u0131:<\/p>\n<p>\u201cYeni yap\u0131lan Kamu Kurum veya \u00d6zel t\u00fcm in\u015faatlar ile i\u015f merkezlerinin plan ve projesinde engellilerle ilgili TSE Standartlar\u0131nda gerekli d\u00fczenlemenin olmad\u0131\u011f\u0131 takdirde Belediye taraf\u0131ndan ruhsat verilmemesi, T\u00fcm cadde ve sokaklarda bulunan yaya kald\u0131r\u0131mlar\u0131nda rampa olmayan yerlere yeni rampalar\u0131n yap\u0131lmas\u0131, 3- \u015fehir merkezinde engellilerin kullanabilece\u011fi wc yap\u0131lmas\u0131, 4-Belediye ve \u00f6zel sekt\u00f6r taraf\u0131ndan i\u015fletilen t\u00fcm \u00e7ay bah\u00e7esi, park, mesire alanlar\u0131n\u0131n giri\u015f \u00e7\u0131k\u0131\u015flar\u0131na rampa, tutunma yerleri, klozetli tuvalet ve lavabo yap\u0131lmas\u0131, 5-Belediye veya \u00f6zel sekt\u00f6re ait \u00e7ocuk oyun parklar\u0131n\u0131n engelli \u00e7ocuklar\u0131nda ya\u015f\u0131tlar\u0131 ile birlikte oynayabilece\u011fi \u015fekilde d\u00fczenlemesi,  Son d\u00f6nemlerde \u00e7o\u011fu yerlerde sa\u011fl\u0131k kurulu raporlar\u0131 \u00fczerinde oyunlar oynand\u0131\u011f\u0131, kimilerinin y\u00fcksek paralar kar\u015f\u0131l\u0131\u011f\u0131nda engelli olmayanlara raporlar temin edildi\u011fi ve bu yolla emekli bile olanlar\u0131n bulundu\u011funu duyduk\u00e7a en \u00e7ok bizler kahroluyoruz. Sadece TBMM de onaylanarak y\u00fcr\u00fcrl\u00fc\u011fe girmi\u015f olan Birle\u015fmi\u015f Milletler Engelli Haklar\u0131 S\u00f6zle\u015fmesindeki basit kurullara, \u00f6rne\u011fin evrensel tasar\u0131 ilkesine uyulsa \u00f6n\u00fcm\u00fczdeki engellerin bir b\u00f6l\u00fcm\u00fcn\u00fcn kalkaca\u011f\u0131 g\u00f6r\u00fclecektir .\u201d<\/p>\n","protected":false},"excerpt":{"rendered":"<p>ERZURUM\u2019DA FAAL\u0130YETLER\u0130N\u0130 S\u00dcRD\u00dcREN DERNEK TEMS\u0130LC\u0130LER\u0130, 3 ARALIK D\u00dcNYA ENGELL\u0130LER G\u00dcN\u00dc DOLAYISIYLA  ATAT\u00dcRK ANITINA \u00c7ELENK KOYDU, ORTAK BASIN A\u00c7IKLAMASI YAPTI.<\/p>\n","protected":false},"author":1,"featured_media":236533,"comment_status":"closed","ping_status":"open","sticky":false,"template":"","format":"standard","meta":{"jetpack_post_was_ever_published":false,"_jetpack_newsletter_access":"","_jetpack_dont_email_post_to_subs":false,"_jetpack_newsletter_tier_id":0,"_jetpack_memberships_contains_paywalled_content":false,"_jetpack_memberships_contains_paid_content":false,"footnotes":"","jetpack_publicize_message":"","jetpack_publicize_feature_enabled":true,"jetpack_social_post_already_shared":true,"jetpack_social_options":{"image_generator_settings":{"template":"highway","default_image_id":0,"font":"","enabled":false},"version":2}},"categories":[1],"tags":[1072,948,3673,1784,947],"class_list":["post-236532","post","type-post","status-publish","format-standard","has-post-thumbnail","hentry","category-genel","tag-aciklamasi","tag-basin","tag-derneklerinden","tag-engelli","tag-ortak"],"jetpack_publicize_connections":[],"jetpack_featured_media_url":"https:\/\/i0.wp.com\/www.tvturk.com\/wp-content\/uploads\/2019\/12\/engelli-derneklerinden-ortak-basin-aciklamasi_ebd0f4b.jpg?fit=1000%2C662","jetpack_sharing_enabled":true,"jetpack_shortlink":"https:\/\/wp.me\/paKIfm-Zx2","_links":{"self":[{"href":"http:\/\/www.tvturk.com\/index.php\/wp-json\/wp\/v2\/posts\/236532","targetHints":{"allow":["GET"]}}],"collection":[{"href":"http:\/\/www.tvturk.com\/index.php\/wp-json\/wp\/v2\/posts"}],"about":[{"href":"http:\/\/www.tvturk.com\/index.php\/wp-json\/wp\/v2\/types\/post"}],"author":[{"embeddable":true,"href":"http:\/\/www.tvturk.com\/index.php\/wp-json\/wp\/v2\/users\/1"}],"replies":[{"embeddable":true,"href":"http:\/\/www.tvturk.com\/index.php\/wp-json\/wp\/v2\/comments?post=236532"}],"version-history":[{"count":0,"href":"http:\/\/www.tvturk.com\/index.php\/wp-json\/wp\/v2\/posts\/236532\/revisions"}],"wp:featuredmedia":[{"embeddable":true,"href":"http:\/\/www.tvturk.com\/index.php\/wp-json\/wp\/v2\/media\/236533"}],"wp:attachment":[{"href":"http:\/\/www.tvturk.com\/index.php\/wp-json\/wp\/v2\/media?parent=236532"}],"wp:term":[{"taxonomy":"category","embeddable":true,"href":"http:\/\/www.tvturk.com\/index.php\/wp-json\/wp\/v2\/categories?post=236532"},{"taxonomy":"post_tag","embeddable":true,"href":"http:\/\/www.tvturk.com\/index.php\/wp-json\/wp\/v2\/tags?post=236532"}],"curies":[{"name":"wp","href":"https:\/\/api.w.org\/{rel}","templated":true}]}}