{"id":236674,"date":"2019-12-03T16:16:22","date_gmt":"2019-12-03T13:16:22","guid":{"rendered":"http:\/\/www.tvturk.com\/index.php\/bm-danisma-kurulu-uyesi-enver-yucel-turkiyenin-ortalamasi-bir-onceki-pisaya-gore-daha-iyiye-gitmis\/"},"modified":"2019-12-03T16:16:22","modified_gmt":"2019-12-03T13:16:22","slug":"bm-danisma-kurulu-uyesi-enver-yucel-turkiyenin-ortalamasi-bir-onceki-pisaya-gore-daha-iyiye-gitmis","status":"publish","type":"post","link":"http:\/\/www.tvturk.com\/index.php\/bm-danisma-kurulu-uyesi-enver-yucel-turkiyenin-ortalamasi-bir-onceki-pisaya-gore-daha-iyiye-gitmis\/","title":{"rendered":"BM Dan\u0131\u015fma Kurulu \u00dcyesi Enver Y\u00fccel: \u201cT\u00fcrkiye\u2019nin ortalamas\u0131 bir \u00f6nceki PISA\u2019ya g\u00f6re daha iyiye gitmi\u015f\u201d"},"content":{"rendered":"<p>Uluslararas\u0131 \u00d6\u011frenci De\u011ferlendirme Program\u0131 (PISA) 2018 sonu\u00e7lar\u0131 a\u00e7\u0131kland\u0131. Paris\u2019te d\u00fczenlenen programa kat\u0131lan BM Dan\u0131\u015fma Kurulu \u00dcyesi Enver Y\u00fccel, \u201cT\u00fcrkiye\u2019nin ortalamas\u0131 bir \u00f6nceki PISA sonu\u00e7lar\u0131na g\u00f6re daha iyiye gitmi\u015f ama OECD\u2019nin ortalamas\u0131na bakt\u0131\u011f\u0131m\u0131z zaman T\u00fcrkiye halen OECD\u2019nin ortalamas\u0131n\u0131n alt\u0131nda\u201d dedi.<\/p>\n<p>Ekonomik \u0130\u015fbirli\u011fi ve Kalk\u0131nma \u00d6rg\u00fct\u00fc (OECD) taraf\u0131ndan 3 y\u0131lda bir d\u00fczenlenen ve 15 ya\u015f grubundaki \u00f6\u011frencilerin kazanm\u0131\u015f olduklar\u0131 bilgi ve becerileri de\u011ferlendiren PISA testinin 2018 y\u0131l\u0131 sonu\u00e7lar\u0131 a\u00e7\u0131kland\u0131. T\u00fcrkiye\u2019de 15 ya\u015f\u0131ndaki \u00f6\u011frencilerin y\u00fczde 73\u2019\u00fcn\u00fc temsil eden 186 farkl\u0131 okuldan 6 Bin 890 \u00f6\u011frenci teste girdi. T\u00fcrkiye, PISA testine kat\u0131lan 37 OECD \u00fclkesi aras\u0131nda; Slovakya, Yunanistan, \u015eili, Meksika, Kolombiya ve \u0130spanya\u2019y\u0131 ge\u00e7erek 31. s\u0131rada yer ald\u0131.<\/p>\n<p>Paris OECD Merkezinde ger\u00e7ekle\u015ftirilen toplant\u0131ya T\u00fcrkiye\u2019den Milli E\u011fitim Bakan Yard\u0131mc\u0131s\u0131 Mahmut \u00d6zer ve Sabri \u015eensoy ve Bah\u00e7e\u015fehir \u00dcniversitesi M\u00fctevelli Heyeti Ba\u015fkan\u0131 ayn\u0131 zamanda da BM Dan\u0131\u015fma Kurulu \u00dcyesi olan Enver Y\u00fccel kat\u0131ld\u0131. Enver Y\u00fccel, toplant\u0131 sonras\u0131nda, \u201cOECD\u2019nin merkezindeyiz. 2018 PISA s\u0131nav sonu\u00e7lar\u0131 de\u011ferlendiriliyor, a\u00e7\u0131klan\u0131yor. Biliyorsunuz PISA 3 y\u0131lda bir yap\u0131lan s\u0131nav uluslararas\u0131nda 15 ya\u015f grubu \u00f6\u011frencilerin e\u011fitim seviyelerinin ne oldu\u011funu ve nereye gitti\u011fini matematik okuryazarl\u0131\u011f\u0131na, fen bilimleri alan\u0131ndaki okuryazarl\u0131\u011f\u0131n\u0131 ve okudu\u011funu anlamadaki beceri ve yeteneklerini de\u011ferlendiren bu s\u0131nav\u0131n sonu\u00e7lar\u0131 a\u00e7\u0131kland\u0131. Ben T\u00fcrkiye olarak bakt\u0131\u011f\u0131m zaman, tabi ki bir \u00f6nceki y\u0131llara g\u00f6re mukayese etmek laz\u0131m. 2015  P\u0130SA sonu\u00e7lar\u0131nda T\u00fcrkiye\u2019nin durumu iyi de\u011fildi, daha do\u011frusu 72 \u00fclkenin kat\u0131ld\u0131\u011f\u0131 s\u0131nav sonu\u00e7lar\u0131nda 50\u2019nci 51\u2019nci 54\u2019nc\u00fc s\u0131ralardayd\u0131\u201d \u015feklinde konu\u015ftu.<\/p>\n<p>\u201c79 \u00fclkenin kat\u0131ld\u0131\u011f\u0131 2018 verilerine bakt\u0131\u011f\u0131m\u0131z zaman matematik, fen bilimleri ve T\u00fcrk\u00e7e okur yazarl\u0131\u011f\u0131 konusundaki, becerileri konusundaki s\u0131ralamalar\u0131n 40\u2019a \u00e7\u0131kt\u0131\u011f\u0131n\u0131 g\u00f6rd\u00fck\u201d diyen Y\u00fccel, a\u00e7\u0131klamas\u0131n\u0131 \u015fu \u015fekilde s\u00fcrd\u00fcrd\u00fc:<\/p>\n<p>\u201cTabii ki bu bir ilerleme kaydetmi\u015f, T\u00fcrkiye\u2019nin ortalamas\u0131 bir \u00f6nceki PISA\u2019ya g\u00f6re daha iyiye gitmi\u015f. Ama bi taraftan da OECD\u2019nin ortalamas\u0131na bakt\u0131\u011f\u0131m\u0131z zaman T\u00fcrkiye halen OECD\u2019nin ortalamas\u0131n\u0131n alt\u0131nda. Bununla ilgili tabi T\u00fcrkiye\u2019nin planlar\u0131nda programlar\u0131nda \u00f6zellikle de \u00f6\u011fretmen anlay\u0131\u015f\u0131nda ilerleme kaydetmesi laz\u0131m. Az \u00f6nce Ambiyas\u0131 dinledik PISA\u2019n\u0131n kurucu ba\u015fkan\u0131n\u0131, her \u015fey \u00f6\u011fretmenin elinde. \u00d6\u011fretmenin g\u00fcc\u00fc yeterlili\u011fi ne kadarsa s\u0131nav sonu\u00e7lar\u0131nda da bunu g\u00f6rebiliyoruz dediler. Bu a\u00e7\u0131dan bunu da burada s\u00f6ylemi\u015f olay\u0131m.\u201d<\/p>\n","protected":false},"excerpt":{"rendered":"<p>EKONOM\u0130K \u0130\u015eB\u0130RL\u0130\u011e\u0130 VE KALKINMA \u00d6RG\u00dcT\u00dc (OECD) TARAFINDAN 3 YILDA B\u0130R D\u00dcZENLENEN VE 15 YA\u015e GRUBUNDAK\u0130 \u00d6\u011eRENC\u0130LER\u0130N KAZANMI\u015e OLDUKLARI B\u0130LG\u0130 VE BECER\u0130LER\u0130 DE\u011eERLEND\u0130REN PISA TEST\u0130N\u0130N 2018 YILI SONU\u00c7LARI A\u00c7IKLANDI. T\u00dcRK\u0130YE&#8217;DE 15 YA\u015eINDAK\u0130 \u00d6\u011eRENC\u0130LER\u0130N Y\u00dcZDE 73&#8217;\u00dcN\u00dc TEMS\u0130L EDEN 186 FARKLI OKULDAN 6 B\u0130N 890 \u00d6\u011eRENC\u0130 TESTE G\u0130RD\u0130. T\u00dcRK\u0130YE, PISA TEST\u0130NE KATILAN 37 OECD \u00dcLKES\u0130 ARASINDA; SLOVAKYA, YUNAN\u0130STAN, \u015e\u0130L\u0130, MEKS\u0130KA, KOLOMB\u0130YA VE \u0130SPANYA&#8217;YI GE\u00c7EREK 31. SIRADA YER ALDI.<\/p>\n","protected":false},"author":1,"featured_media":236675,"comment_status":"closed","ping_status":"open","sticky":false,"template":"","format":"standard","meta":{"jetpack_post_was_ever_published":false,"_jetpack_newsletter_access":"","_jetpack_dont_email_post_to_subs":false,"_jetpack_newsletter_tier_id":0,"_jetpack_memberships_contains_paywalled_content":false,"_jetpack_memberships_contains_paid_content":false,"footnotes":"","jetpack_publicize_message":"","jetpack_publicize_feature_enabled":true,"jetpack_social_post_already_shared":true,"jetpack_social_options":{"image_generator_settings":{"template":"highway","default_image_id":0,"font":"","enabled":false},"version":2}},"categories":[10],"tags":[125,1018,6256,16516,43484,4020,30526,247,5335,45737,59404,177,1941,387],"class_list":["post-236674","post","type-post","status-publish","format-standard","has-post-thumbnail","hentry","category-dunya","tag-bir","tag-daha","tag-danisma","tag-enver","tag-gitmis","tag-gore","tag-iyiye","tag-kurulu","tag-onceki","tag-ortalamasi","tag-pisaya","tag-turkiyenin","tag-uyesi","tag-yucel"],"jetpack_publicize_connections":[],"jetpack_featured_media_url":"https:\/\/i0.wp.com\/www.tvturk.com\/wp-content\/uploads\/2019\/12\/bm-danisma-kurulu-uyesi-enver-yucel-turkiyenin-ortalamasi-bir-onceki-pisaya-gore-daha-iyiye-gitmis_8270ffd.jpg?fit=1000%2C750","jetpack_sharing_enabled":true,"jetpack_shortlink":"https:\/\/wp.me\/paKIfm-Zzk","_links":{"self":[{"href":"http:\/\/www.tvturk.com\/index.php\/wp-json\/wp\/v2\/posts\/236674","targetHints":{"allow":["GET"]}}],"collection":[{"href":"http:\/\/www.tvturk.com\/index.php\/wp-json\/wp\/v2\/posts"}],"about":[{"href":"http:\/\/www.tvturk.com\/index.php\/wp-json\/wp\/v2\/types\/post"}],"author":[{"embeddable":true,"href":"http:\/\/www.tvturk.com\/index.php\/wp-json\/wp\/v2\/users\/1"}],"replies":[{"embeddable":true,"href":"http:\/\/www.tvturk.com\/index.php\/wp-json\/wp\/v2\/comments?post=236674"}],"version-history":[{"count":0,"href":"http:\/\/www.tvturk.com\/index.php\/wp-json\/wp\/v2\/posts\/236674\/revisions"}],"wp:featuredmedia":[{"embeddable":true,"href":"http:\/\/www.tvturk.com\/index.php\/wp-json\/wp\/v2\/media\/236675"}],"wp:attachment":[{"href":"http:\/\/www.tvturk.com\/index.php\/wp-json\/wp\/v2\/media?parent=236674"}],"wp:term":[{"taxonomy":"category","embeddable":true,"href":"http:\/\/www.tvturk.com\/index.php\/wp-json\/wp\/v2\/categories?post=236674"},{"taxonomy":"post_tag","embeddable":true,"href":"http:\/\/www.tvturk.com\/index.php\/wp-json\/wp\/v2\/tags?post=236674"}],"curies":[{"name":"wp","href":"https:\/\/api.w.org\/{rel}","templated":true}]}}