{"id":236712,"date":"2019-12-03T17:02:31","date_gmt":"2019-12-03T14:02:31","guid":{"rendered":"http:\/\/www.tvturk.com\/index.php\/dundar-obam-ile-engelleri-asiyoruz\/"},"modified":"2019-12-03T17:02:31","modified_gmt":"2019-12-03T14:02:31","slug":"dundar-obam-ile-engelleri-asiyoruz","status":"publish","type":"post","link":"http:\/\/www.tvturk.com\/index.php\/dundar-obam-ile-engelleri-asiyoruz\/","title":{"rendered":"D\u00fcndar: \u201cOBAM ile engelleri a\u015f\u0131yoruz\u201d"},"content":{"rendered":"<p>Osmangazi Belediye Ba\u015fkan\u0131 Mustafa D\u00fcndar, 3 Aral\u0131k D\u00fcnya Engelliler G\u00fcn\u00fc dolay\u0131s\u0131yla Osmangazi Engelli Bak\u0131m Merkezi\u2019nde (OBAM) e\u011fitim g\u00f6ren vatanda\u015flarla bulu\u015ftu.<\/p>\n<p>Osmangazi Belediyesi Sosyal Destek Hizmetleri M\u00fcd\u00fcrl\u00fc\u011f\u00fc ev sahipli\u011finde d\u00fczenlenen programda konu\u015fan Ba\u015fkan Mustafa D\u00fcndar, \u201cBelediye olarak hayata ge\u00e7irdi\u011fimiz projemizle engelli vatanda\u015flar\u0131m\u0131z\u0131n becerilerini artt\u0131rarak sosyalle\u015fmelerine katk\u0131 sa\u011fl\u0131yoruz. OBAM ile engelleri a\u015f\u0131yoruz. Buras\u0131 15 y\u0131ld\u0131r ayakta olan ve kurumsal yap\u0131s\u0131 oturmu\u015f bir ihtiya\u00e7 merkezi. Sizlerin gelip buradan istifade etmesi bizler i\u00e7in olduk\u00e7a \u00f6nemli. Bizler istiyoruz ki, engelli vatanda\u015flar\u0131m\u0131z g\u00fcnl\u00fck hayatlar\u0131nda s\u0131k\u0131nt\u0131lar ya\u015famas\u0131n. Rahat ve g\u00fczel bir hayat s\u00fcrs\u00fcn. Bunun i\u00e7in de engelli vatanda\u015flar\u0131m\u0131z i\u00e7in projeler \u00fcretiyor, onlara her konuda destek oluyoruz\u201d dedi.<\/p>\n<p>Bak\u0131m Rehabilitasyon ve E\u011fitim Merkezi (BAREM) ile sosyal belediyecilikte en \u00fcst noktaya geldiklerini ifade eden D\u00fcndar, \u201cBu \u00f6rnek projeyi \u015fehrimize kazand\u0131rman\u0131n gururunu ya\u015f\u0131yoruz. Buras\u0131, ya\u015fl\u0131lar\u0131m\u0131za, alzheimer hastalar\u0131 ve engelli vatanda\u015flar\u0131m\u0131za en g\u00fczel \u015fekilde hizmet verecek. \u0130n\u015fallah \u00f6n\u00fcm\u00fczdeki y\u0131l in\u015faat\u0131n\u0131 tamamlayaca\u011f\u0131z. Ye\u015fil bina konseptinde in\u015fa edilen bu tesis ile Bursa\u2019n\u0131n sosyal ihtiya\u00e7lar\u0131n\u0131n kar\u015f\u0131lanmas\u0131na \u00f6nemli katk\u0131 sa\u011flam\u0131\u015f olaca\u011f\u0131z. G\u00fcn\u00fcn\u00fcz hay\u0131rl\u0131 olsun. Sizlere sa\u011fl\u0131kl\u0131 g\u00fcnler diliyorum\u201d diye konu\u015ftu.<\/p>\n<p>Konu\u015fmalar\u0131n\u0131n ard\u0131ndan Ba\u015fkan D\u00fcndar, engelli vatanda\u015flar taraf\u0131ndan yap\u0131lan pastay\u0131 kesti. OBAM\u2019l\u0131 vatanda\u015flara pastay\u0131 ikram eden D\u00fcndar, ayr\u0131ca tek tek hat\u0131ra foto\u011fraf\u0131 \u00e7ektirdi. Engelli vatanda\u015flar ve aileleri de, her zaman engelli \u00e7ocuklar\u0131n yan\u0131nda olan Ba\u015fkan D\u00fcndar\u2019a te\u015fekk\u00fcr etti.<\/p>\n","protected":false},"excerpt":{"rendered":"<p>OSMANGAZ\u0130 BELED\u0130YE BA\u015eKANI MUSTAFA D\u00dcNDAR, 3 ARALIK D\u00dcNYA ENGELL\u0130LER G\u00dcN\u00dc DOLAYISIYLA OSMANGAZ\u0130 ENGELL\u0130 BAKIM MERKEZ\u0130\u2019NDE (OBAM) E\u011e\u0130T\u0130M G\u00d6REN VATANDA\u015eLARLA BULU\u015eTU.<\/p>\n","protected":false},"author":1,"featured_media":236713,"comment_status":"closed","ping_status":"open","sticky":false,"template":"","format":"standard","meta":{"jetpack_post_was_ever_published":false,"_jetpack_newsletter_access":"","_jetpack_dont_email_post_to_subs":false,"_jetpack_newsletter_tier_id":0,"_jetpack_memberships_contains_paywalled_content":false,"_jetpack_memberships_contains_paid_content":false,"footnotes":"","jetpack_publicize_message":"","jetpack_publicize_feature_enabled":true,"jetpack_social_post_already_shared":true,"jetpack_social_options":{"image_generator_settings":{"template":"highway","default_image_id":0,"font":"","enabled":false},"version":2}},"categories":[1],"tags":[59411,59412,8278,1044,192],"class_list":["post-236712","post","type-post","status-publish","format-standard","has-post-thumbnail","hentry","category-genel","tag-obam","tag-asiyoruz","tag-dundar","tag-engelleri","tag-ile"],"jetpack_publicize_connections":[],"jetpack_featured_media_url":"https:\/\/i0.wp.com\/www.tvturk.com\/wp-content\/uploads\/2019\/12\/dundar-obam-ile-engelleri-asiyoruz_8b461bd.jpg?fit=1000%2C713","jetpack_sharing_enabled":true,"jetpack_shortlink":"https:\/\/wp.me\/paKIfm-ZzW","_links":{"self":[{"href":"http:\/\/www.tvturk.com\/index.php\/wp-json\/wp\/v2\/posts\/236712","targetHints":{"allow":["GET"]}}],"collection":[{"href":"http:\/\/www.tvturk.com\/index.php\/wp-json\/wp\/v2\/posts"}],"about":[{"href":"http:\/\/www.tvturk.com\/index.php\/wp-json\/wp\/v2\/types\/post"}],"author":[{"embeddable":true,"href":"http:\/\/www.tvturk.com\/index.php\/wp-json\/wp\/v2\/users\/1"}],"replies":[{"embeddable":true,"href":"http:\/\/www.tvturk.com\/index.php\/wp-json\/wp\/v2\/comments?post=236712"}],"version-history":[{"count":0,"href":"http:\/\/www.tvturk.com\/index.php\/wp-json\/wp\/v2\/posts\/236712\/revisions"}],"wp:featuredmedia":[{"embeddable":true,"href":"http:\/\/www.tvturk.com\/index.php\/wp-json\/wp\/v2\/media\/236713"}],"wp:attachment":[{"href":"http:\/\/www.tvturk.com\/index.php\/wp-json\/wp\/v2\/media?parent=236712"}],"wp:term":[{"taxonomy":"category","embeddable":true,"href":"http:\/\/www.tvturk.com\/index.php\/wp-json\/wp\/v2\/categories?post=236712"},{"taxonomy":"post_tag","embeddable":true,"href":"http:\/\/www.tvturk.com\/index.php\/wp-json\/wp\/v2\/tags?post=236712"}],"curies":[{"name":"wp","href":"https:\/\/api.w.org\/{rel}","templated":true}]}}