{"id":236736,"date":"2019-12-03T18:03:08","date_gmt":"2019-12-03T15:03:08","guid":{"rendered":"http:\/\/www.tvturk.com\/index.php\/yeni-malatyaspor-keciorengucu-macinin-ardindan\/"},"modified":"2019-12-03T18:03:08","modified_gmt":"2019-12-03T15:03:08","slug":"yeni-malatyaspor-keciorengucu-macinin-ardindan","status":"publish","type":"post","link":"http:\/\/www.tvturk.com\/index.php\/yeni-malatyaspor-keciorengucu-macinin-ardindan\/","title":{"rendered":"Yeni Malatyaspor-Ke\u00e7i\u00f6reng\u00fcc\u00fc ma\u00e7\u0131n\u0131n ard\u0131ndan"},"content":{"rendered":"<p>Ziraat T\u00fcrkiye Kupas\u0131 5. Eleme Turu 1. ma\u00e7\u0131nda Yeni Malatyaspor, evinde a\u011f\u0131rlad\u0131\u011f\u0131 Ke\u00e7i\u00f6reng\u00fcc\u00fc\u2019n\u00fc 3-1\u2019lik skorla ma\u011flup etti. Ma\u00e7\u0131n ard\u0131ndan teknik adamlar m\u00fccadeleyi de\u011ferlendirdi.<\/p>\n<p>3 ma\u00e7l\u0131k cezas\u0131 sonras\u0131 tak\u0131m\u0131n ba\u015f\u0131nda kar\u015f\u0131la\u015fmaya \u00e7\u0131kan Teknik Direkt\u00f6r Sergen Yal\u00e7\u0131n, kar\u015f\u0131la\u015fma sonras\u0131 bas\u0131n mensuplar\u0131na yapt\u0131\u011f\u0131 a\u00e7\u0131klamada, iyi bir kadro ile m\u00fcsabakada m\u00fccadele ettiklerini s\u00f6yledi. Bu t\u00fcr ma\u00e7lar\u0131n zor ge\u00e7ti\u011fini ifade eden Yal\u00e7\u0131n, kar\u015f\u0131la\u015fman\u0131n g\u00fczel bir m\u00fcsabaka oldu\u011funu ve seyir zevki g\u00fczel bir m\u00fccadele oldu\u011funu belirtti.<\/p>\n<p>R\u00f6van\u015f ma\u00e7\u0131nda turu atlayan taraf olmak istediklerini de dile getiren Yal\u00e7\u0131n, \u201cGidebildi\u011fimiz yere kadar gitmek istiyoruz, kar\u015f\u0131la\u015fman\u0131n devam\u0131 istedi\u011fimiz \u015fekilde olmas\u0131n\u0131 istiyoruz\u201d dedi.<\/p>\n<p>Bug\u00fcnk\u00fc kupa ma\u00e7\u0131na ligde oynad\u0131klar\u0131 kadro ile \u00e7\u0131kt\u0131klar\u0131n\u0131 da s\u00f6yleyen Sergen Yal\u00e7\u0131n, \u201cKadromuz revizyon kadrosu de\u011fildi. Bug\u00fcn oynayan oyuncular ligde de bir\u00e7ok ma\u00e7ta oynad\u0131lar. Bug\u00fcnk\u00fc \u00e7\u0131kt\u0131\u011f\u0131m\u0131z kadro normal lig kadrosu, yedek kadro de\u011fildi. Sadece biraz daha az s\u00fcre alan 5-6 oyuncumuz vard\u0131\u201d \u015feklinde konu\u015ftu.<\/p>\n<p>S\u00fcper Lig\u2019de hafta sonu oynayacaklar\u0131 Sivaspor kar\u015f\u0131la\u015fmas\u0131na da de\u011finen Yal\u00e7\u0131n, \u201cHafta sonu zor bir m\u00fcsabaka oynayaca\u011f\u0131z. Sivasspor, gerekten bulundu\u011fu yeri g\u00fc\u00e7l\u00fc oyunu ile hak eden bir tak\u0131m.  \u015euanda iyi oyuncular\u0131 var psikolojik olarak \u00e7ok iyiler. Bizde kendi saham\u0131zda mutlaka kazanmak istiyoruz, kazanmak i\u00e7in oynayaca\u011f\u0131z ona g\u00f6re bir oyun anlay\u0131\u015f\u0131m\u0131z olacak. Tabi kolay bir ma\u00e7 olmayacak hem onlar i\u00e7in hem bizim i\u00e7in. Ama i\u00e7 saha avantaj\u0131m\u0131z var, kendi seyircilerimiz \u00f6n\u00fcnde agresif bir oyunla 3 puanla ayr\u0131l\u0131p ilk yar\u0131y\u0131 puan cetvelinde iyi bir yerde bitirmek, ikinci yar\u0131ya \u00e7ok farkl\u0131 bakmak istiyoruz\u201d dedi.<\/p>\n<p>Devre aras\u0131nda da baz\u0131 hamleler yapacaklar\u0131n\u0131 ve tak\u0131m\u0131 daha da g\u00fc\u00e7lendirmek istediklerini s\u00f6yleyen Yal\u00e7\u0131n, \u201c\u0130n\u015fallah hem kupada hem ligi istedi\u011fimiz yerde bitiririz\u201d ifadelerini kulland\u0131.<\/p>\n<p>Ke\u00e7i\u00f6reng\u00fcc\u00fc cephesi<\/p>\n<p>Kar\u015f\u0131la\u015fma sonras\u0131 a\u00e7\u0131klamalarda bulunan Ke\u00e7i\u00f6reng\u00fcc\u00fc Teknik Direkt\u00f6r\u00fc Hamdi Y\u0131lmaz ise g\u00fc\u00e7l\u00fc bir ekip olan Yeni Malatyaspor kar\u015f\u0131s\u0131nda kupan\u0131n ilk aya\u011f\u0131n\u0131 oynad\u0131klar\u0131n\u0131 s\u00f6yleyerek, \u201cBu iki ayakl\u0131 bir ma\u00e7. Netice olarak oynad\u0131\u011f\u0131m\u0131z oyunun kar\u015f\u0131l\u0131\u011f\u0131n\u0131 alamad\u0131\u011f\u0131m\u0131z\u0131 d\u00fc\u015f\u00fcn\u00fcyorum. Yakalad\u0131\u011f\u0131m\u0131z f\u0131rsatlar\u0131 ilk 20 dakikada de\u011ferlendiremedik. Netice olarak 3-1\u2019lik ma\u011flubiyetle ayr\u0131l\u0131yoruz\u201d dedi.<\/p>\n<p>Hakemi de ele\u015ftiren Y\u0131lmaz, \u201cVerilmeyen fauller, penalt\u0131 pozisyonu. Bunlar\u0131n arkas\u0131na s\u0131\u011f\u0131nm\u0131\u015f de\u011filiz. Ama ikinci ma\u00e7\u0131 kendi evimizde oynayaca\u011f\u0131z. Bu oynad\u0131\u011f\u0131m\u0131z futbolun daha da \u00fcst\u00fcnde oynayarak durumu kendi lehimize \u00e7evirmek istiyoruz. Futbolcular\u0131m\u0131za bu gayretlerinden dolay\u0131 te\u015fekk\u00fcr ediyorum\u201d \u015feklinde konu\u015ftu.<\/p>\n<p>Hem ligi hem de kupay\u0131 \u00f6nemsediklerini ifade eden Y\u0131lmaz, \u201cKupada gidebilece\u011fimiz yere kadar gitmek istiyoruz. Bu ma\u00e7ta da ilk 11\u2019de oynayan baz\u0131 futbolcular\u0131m\u0131z\u0131 dinlendirdik, di\u011ferleriniz g\u00f6rme f\u0131rsat\u0131m\u0131z oldu. Kendi saham\u0131zda bu skoru kendi lehimize \u00e7evirme gayretinde olaca\u011f\u0131z\u201d diye konu\u015ftu.<\/p>\n","protected":false},"excerpt":{"rendered":"<p>Z\u0130RAAT T\u00dcRK\u0130YE KUPASI 5. TUR \u0130LK MA\u00c7INDA ANKARA TEMS\u0130LC\u0130S\u0130 KE\u00c7\u0130\u00d6RENG\u00dcC\u00dc\u2019N\u00dc SAHASINDA 3-1 MA\u011eLUP EDEN YEN\u0130 MALATAYSPOR\u2019DA TEKN\u0130K D\u0130REKT\u00d6R SERGEN YAL\u00c7IN, KUPADA G\u0130DEB\u0130LECEKLER\u0130 YERE KADAR G\u0130TMEK \u0130STED\u0130KLER\u0130N\u0130 S\u00d6YLED\u0130.<\/p>\n","protected":false},"author":1,"featured_media":236737,"comment_status":"closed","ping_status":"open","sticky":false,"template":"","format":"standard","meta":{"jetpack_post_was_ever_published":false,"_jetpack_newsletter_access":"","_jetpack_dont_email_post_to_subs":false,"_jetpack_newsletter_tier_id":0,"_jetpack_memberships_contains_paywalled_content":false,"_jetpack_memberships_contains_paid_content":false,"footnotes":"","jetpack_publicize_message":"","jetpack_publicize_feature_enabled":true,"jetpack_social_post_already_shared":true,"jetpack_social_options":{"image_generator_settings":{"template":"highway","default_image_id":0,"font":"","enabled":false},"version":2}},"categories":[657],"tags":[3469,3468,59420,87],"class_list":["post-236736","post","type-post","status-publish","format-standard","has-post-thumbnail","hentry","category-spor","tag-ardindan","tag-macinin","tag-malatyaspor-keciorengucu","tag-yeni"],"jetpack_publicize_connections":[],"jetpack_featured_media_url":"https:\/\/i0.wp.com\/www.tvturk.com\/wp-content\/uploads\/2019\/12\/yeni-malatyaspor-keciorengucu-macinin-ardindan_173d08e.jpg?fit=1000%2C666","jetpack_sharing_enabled":true,"jetpack_shortlink":"https:\/\/wp.me\/paKIfm-ZAk","_links":{"self":[{"href":"http:\/\/www.tvturk.com\/index.php\/wp-json\/wp\/v2\/posts\/236736","targetHints":{"allow":["GET"]}}],"collection":[{"href":"http:\/\/www.tvturk.com\/index.php\/wp-json\/wp\/v2\/posts"}],"about":[{"href":"http:\/\/www.tvturk.com\/index.php\/wp-json\/wp\/v2\/types\/post"}],"author":[{"embeddable":true,"href":"http:\/\/www.tvturk.com\/index.php\/wp-json\/wp\/v2\/users\/1"}],"replies":[{"embeddable":true,"href":"http:\/\/www.tvturk.com\/index.php\/wp-json\/wp\/v2\/comments?post=236736"}],"version-history":[{"count":0,"href":"http:\/\/www.tvturk.com\/index.php\/wp-json\/wp\/v2\/posts\/236736\/revisions"}],"wp:featuredmedia":[{"embeddable":true,"href":"http:\/\/www.tvturk.com\/index.php\/wp-json\/wp\/v2\/media\/236737"}],"wp:attachment":[{"href":"http:\/\/www.tvturk.com\/index.php\/wp-json\/wp\/v2\/media?parent=236736"}],"wp:term":[{"taxonomy":"category","embeddable":true,"href":"http:\/\/www.tvturk.com\/index.php\/wp-json\/wp\/v2\/categories?post=236736"},{"taxonomy":"post_tag","embeddable":true,"href":"http:\/\/www.tvturk.com\/index.php\/wp-json\/wp\/v2\/tags?post=236736"}],"curies":[{"name":"wp","href":"https:\/\/api.w.org\/{rel}","templated":true}]}}