{"id":236754,"date":"2019-12-03T18:33:42","date_gmt":"2019-12-03T15:33:42","guid":{"rendered":"http:\/\/www.tvturk.com\/index.php\/samsunspordan-112nin-25-yil-donumunde-yasama-yol-ver-cagrisi\/"},"modified":"2019-12-03T18:33:42","modified_gmt":"2019-12-03T15:33:42","slug":"samsunspordan-112nin-25-yil-donumunde-yasama-yol-ver-cagrisi","status":"publish","type":"post","link":"http:\/\/www.tvturk.com\/index.php\/samsunspordan-112nin-25-yil-donumunde-yasama-yol-ver-cagrisi\/","title":{"rendered":"Samsunspor\u2019dan 112\u2019nin 25. y\u0131l d\u00f6n\u00fcm\u00fcnde \u2019Ya\u015fama Yol Ver\u2019 \u00e7a\u011fr\u0131s\u0131"},"content":{"rendered":"<p>Samsun 112 Acil Sa\u011fl\u0131k Hizmetleri Birimi \u00e7al\u0131\u015fanlar\u0131 25. kurulu\u015f y\u0131l d\u00f6n\u00fcmlerinde Samsunspor\u2019u ziyaret edip antrenman\u0131 izledi.<\/p>\n<p>Samsunspor Nuri Asan Spor Tesisleri\u2019nde d\u00fczenlenen programda 112 acil ekipleri ile Samsunsporlu futbolcu ve y\u00f6neticiler bir araya geldi. 112 acil sa\u011fl\u0131k hizmetlilerinin kurulu\u015funun 25. y\u0131l d\u00f6n\u00fcm\u00fcnde Samsunspor antrenman\u0131n\u0131 izleyen sa\u011fl\u0131k\u00e7\u0131lar k\u0131rm\u0131z\u0131-beyazl\u0131 ekibe \u00e7i\u00e7ek takdim etti.<\/p>\n<p>Akabinde bir konu\u015fma ger\u00e7ekle\u015ftiren Samsunspor Teknik Direkt\u00f6r\u00fc Ertu\u011frul Sa\u011flam, &#8220;112 Acil Haftas\u0131 sebebiyle Samsunumuzdaki acil ekipleri bizleri ziyarete geldi. Bundan sonraki s\u00fcre\u00e7te kendilerine ba\u015far\u0131lar diliyoruz. Umar\u0131m kendileri fazla yo\u011fun olmaz, fazla i\u015f d\u00fc\u015fmez. Hayat\u0131n ak\u0131\u015f\u0131 i\u00e7erisinde maalesef baz\u0131 problemler ya\u015f\u0131yoruz. 112 ekiplerimizin i\u015flerini daha sa\u011fl\u0131kl\u0131 yapabilmeleri i\u00e7in halk\u0131n da bizlerin de destek vermesi gerekiyor. Samsunspor olarak \u2019Ya\u015fama Yol Ver\u2019 &#8220;diyoruz dedi.<\/p>\n<p>1-7 Aral\u0131k Acil Sa\u011fl\u0131k Hizmetleri Haftas\u0131 oldu\u011funu ifade eden Samsun 112 Acil Sa\u011fl\u0131k Hizmetleri Birim Sorumlusu Ba\u015fkan Yard\u0131mc\u0131s\u0131 Uzm. Dr. Alaiddin Doma\u00e7, &#8220;112 sa\u011fl\u0131k hizmetlerinin 25. y\u0131l\u0131n\u0131 kutluyoruz. Bug\u00fcn de \u015fehrimizin g\u00fczide tak\u0131m\u0131 olan Samsunspor ile birlikte olman\u0131n mutlulu\u011funu ya\u015f\u0131yoruz. Ertu\u011frul hocam\u0131z\u0131nda mesaj\u0131 bizim i\u00e7in \u00e7ok \u00f6nemliydi. Biz her zaman vatanda\u015flar\u0131m\u0131z ile birlikteyiz. Biz de \u2019Ya\u015fama Yol Ver\u2019 diyoruz&#8221; diye konu\u015ftu.<\/p>\n","protected":false},"excerpt":{"rendered":"<p>SAMSUNSPOR NUR\u0130 ASAN SPOR TES\u0130SLER\u0130NDE D\u00dcZENLENEN PROGRAMDA  SAMSUN 112 AC\u0130L SA\u011eLIK EK\u0130PLER\u0130 \u0130LE SAMSUNSPOR&#8217;LU FUTBOLCU VE Y\u00d6NET\u0130C\u0130LER B\u0130R ARAYA GELD\u0130. 112 AC\u0130L SA\u011eLIK H\u0130ZMETL\u0130LER\u0130N\u0130N KURULU\u015eUNUN 25. YIL D\u00d6N\u00dcM\u00dcNDE SAMSUNSPOR ANTRENMANINI \u0130ZLEYEN SA\u011eLIK\u00c7ILAR KIRMIZI BEYAZLI EK\u0130BE \u00c7\u0130\u00c7EK TAKD\u0130M ETT\u0130. AKAB\u0130NDE B\u0130R KONU\u015eMA GER\u00c7EKLE\u015eT\u0130REN SAMSUNSPOR TEKN\u0130K D\u0130REKT\u00d6R\u00dc ERTU\u011eRUL SA\u011eLAM, &#8220;112 AC\u0130L HAFTASI SEBEB\u0130YLE SAMSUNU MUZDAK\u0130 AC\u0130L EK\u0130PLER\u0130 B\u0130ZLER\u0130 Z\u0130YARETE GELD\u0130. BUNDAN SONRA K\u0130 S\u00dcRE\u00c7TE KEND\u0130LER\u0130NE BA\u015eARILAR D\u0130L\u0130YORUZ. UMARIM KEND\u0130LER\u0130 FAZLA YO\u011eUN OLMAZ, FAZLA \u0130\u015e D\u00dc\u015eMEZ. HAYATIN AKI\u015eI \u0130\u00c7ER\u0130S\u0130NDE MAALESEF BAZI PROBLEMLER YA\u015eIYORUZ. 112 EK\u0130PLER\u0130M\u0130Z\u0130N \u0130\u015eLER\u0130N\u0130 DAHA SA\u011eLIKLI YAPAB\u0130LMELER\u0130 \u0130\u00c7\u0130N HALKINDA B\u0130ZLER\u0130NDE DESTEK VERMES\u0130 GEREK\u0130YOR. SAMSUNSPOR OLARAK &#8216;YA\u015eAMA YOL VER&#8217; &#8220;D\u0130YORUZ DED\u0130.<\/p>\n","protected":false},"author":1,"featured_media":236755,"comment_status":"closed","ping_status":"open","sticky":false,"template":"","format":"standard","meta":{"jetpack_post_was_ever_published":false,"_jetpack_newsletter_access":"","_jetpack_dont_email_post_to_subs":false,"_jetpack_newsletter_tier_id":0,"_jetpack_memberships_contains_paywalled_content":false,"_jetpack_memberships_contains_paid_content":false,"footnotes":"","jetpack_publicize_message":"","jetpack_publicize_feature_enabled":true,"jetpack_social_post_already_shared":true,"jetpack_social_options":{"image_generator_settings":{"template":"highway","default_image_id":0,"font":"","enabled":false},"version":2}},"categories":[657],"tags":[59422,20032,5140,283,3122,31035,19435,231,75],"class_list":["post-236754","post","type-post","status-publish","format-standard","has-post-thumbnail","hentry","category-spor","tag-112nin","tag-20032","tag-cagrisi","tag-donumunde","tag-samsunspordan","tag-ver","tag-yasama","tag-yil","tag-yol"],"jetpack_publicize_connections":[],"jetpack_featured_media_url":"https:\/\/i0.wp.com\/www.tvturk.com\/wp-content\/uploads\/2019\/12\/samsunspordan-112nin-25-yil-donumunde-yasama-yol-ver-cagrisi_b4eba35.jpg?fit=1000%2C666","jetpack_sharing_enabled":true,"jetpack_shortlink":"https:\/\/wp.me\/paKIfm-ZAC","_links":{"self":[{"href":"http:\/\/www.tvturk.com\/index.php\/wp-json\/wp\/v2\/posts\/236754","targetHints":{"allow":["GET"]}}],"collection":[{"href":"http:\/\/www.tvturk.com\/index.php\/wp-json\/wp\/v2\/posts"}],"about":[{"href":"http:\/\/www.tvturk.com\/index.php\/wp-json\/wp\/v2\/types\/post"}],"author":[{"embeddable":true,"href":"http:\/\/www.tvturk.com\/index.php\/wp-json\/wp\/v2\/users\/1"}],"replies":[{"embeddable":true,"href":"http:\/\/www.tvturk.com\/index.php\/wp-json\/wp\/v2\/comments?post=236754"}],"version-history":[{"count":0,"href":"http:\/\/www.tvturk.com\/index.php\/wp-json\/wp\/v2\/posts\/236754\/revisions"}],"wp:featuredmedia":[{"embeddable":true,"href":"http:\/\/www.tvturk.com\/index.php\/wp-json\/wp\/v2\/media\/236755"}],"wp:attachment":[{"href":"http:\/\/www.tvturk.com\/index.php\/wp-json\/wp\/v2\/media?parent=236754"}],"wp:term":[{"taxonomy":"category","embeddable":true,"href":"http:\/\/www.tvturk.com\/index.php\/wp-json\/wp\/v2\/categories?post=236754"},{"taxonomy":"post_tag","embeddable":true,"href":"http:\/\/www.tvturk.com\/index.php\/wp-json\/wp\/v2\/tags?post=236754"}],"curies":[{"name":"wp","href":"https:\/\/api.w.org\/{rel}","templated":true}]}}