{"id":236778,"date":"2019-12-03T20:01:46","date_gmt":"2019-12-03T17:01:46","guid":{"rendered":"http:\/\/www.tvturk.com\/index.php\/londrada-kritik-dortlu-zirve-sona-erdi\/"},"modified":"2019-12-03T20:01:46","modified_gmt":"2019-12-03T17:01:46","slug":"londrada-kritik-dortlu-zirve-sona-erdi","status":"publish","type":"post","link":"http:\/\/www.tvturk.com\/index.php\/londrada-kritik-dortlu-zirve-sona-erdi\/","title":{"rendered":"Londra\u2019da kritik \u2018D\u00f6rtl\u00fc Zirve\u2019 sona erdi"},"content":{"rendered":"<p>Cumhurba\u015fkan\u0131 Recep Tayyip Erdo\u011fan, Londra\u2019da \u0130ngiltere, Fransa ve Almanya liderlerinin kat\u0131l\u0131m\u0131yla Suriye konulu D\u00f6rtl\u00fc Zirve\u2019ye kat\u0131ld\u0131. Cumhurba\u015fkan\u0131 Erdo\u011fan, \u201cZirve gayet iyi ge\u00e7ti\u201d dedi.<\/p>\n<p>Cumhurba\u015fkan\u0131 Recep Tayyip Erdo\u011fan, NATO \u0130ttifak\u0131\u2019n\u0131n kurulu\u015funun 70. y\u0131l d\u00f6n\u00fcm\u00fc dolay\u0131s\u0131yla d\u00fczenlenecek NATO Liderler Toplant\u0131s\u0131\u2019na kat\u0131lmak \u00fczere geldi\u011fi \u0130ngiltere\u2019nin ba\u015fkenti Londra\u2019da Suriye konulu D\u00f6rtl\u00fc Zirve\u2019ye kat\u0131ld\u0131. Cumhurba\u015fkan\u0131 Erdo\u011fan, 10 Downing Street\u2019teki Ba\u015fbakanl\u0131k Ofisi\u2019nde ger\u00e7ekle\u015ftirilen zirvede Fransa Cumhurba\u015fkan\u0131 Emmanuel Macron, Almanya Ba\u015fbakan\u0131 Angela Merkel ve \u0130ngiltere Ba\u015fbakan\u0131 Boris Johnson ile bir araya geldi. TS\u0130 19.30\u2019da zirvenin sona ermesinin ard\u0131ndan Ba\u015fbakanl\u0131k Ofisi\u2019nden Almanya Ba\u015fbakan\u0131 Merkel sonras\u0131nda da Cumhurba\u015fkan\u0131 Erdo\u011fan ve heyeti ayr\u0131ld\u0131. Zirveden ayr\u0131l\u0131rken a\u00e7\u0131klama yapan Cumhurba\u015fkan\u0131 Erdo\u011fan, \u201cZirve gayet iyi ge\u00e7ti\u201d dedi.<\/p>\n<p>D\u00f6rtl\u00fc Zirve\u2019nin ard\u0131ndan Ba\u015fbakanl\u0131k Ofisi\u2019nden son olarak Fransa Cumhurba\u015fkan\u0131 Emmanuel Macron ayr\u0131ld\u0131. Zirvede Suriye\u2019nin yan\u0131 s\u0131ra Libya ba\u015fta olmak \u00fczere b\u00f6lgesel geli\u015fmelerin ele al\u0131nd\u0131\u011f\u0131 belirtildi.<\/p>\n<p>Cumhurba\u015fkan\u0131 Erdo\u011fan\u2019a Londra ziyaretinde e\u015fi Emine Erdo\u011fan, D\u0131\u015fi\u015fleri Bakan\u0131 Mevl\u00fct \u00c7avu\u015fo\u011flu, Milli Savunma Bakan\u0131 Hulusi Akar, Hazine ve Maliye Bakan\u0131 Berat Albayrak e\u015flik ediyor.<\/p>\n","protected":false},"excerpt":{"rendered":"<p>CUMHURBA\u015eKANI RECEP TAYY\u0130P ERDO\u011eAN, LONDRA\u2019DA \u0130NG\u0130LTERE, FRANSA VE ALMANYA L\u0130DERLER\u0130N\u0130N KATILIMIYLA SUR\u0130YE KONULU D\u00d6RTL\u00dc Z\u0130RVE\u2019YE KATILDI. CUMHURBA\u015eKANI ERDO\u011eAN, \u201cZ\u0130RVE GAYET \u0130Y\u0130 GE\u00c7T\u0130\u201d DED\u0130.<\/p>\n","protected":false},"author":1,"featured_media":236779,"comment_status":"closed","ping_status":"open","sticky":false,"template":"","format":"standard","meta":{"jetpack_post_was_ever_published":false,"_jetpack_newsletter_access":"","_jetpack_dont_email_post_to_subs":false,"_jetpack_newsletter_tier_id":0,"_jetpack_memberships_contains_paywalled_content":false,"_jetpack_memberships_contains_paid_content":false,"footnotes":"","jetpack_publicize_message":"","jetpack_publicize_feature_enabled":true,"jetpack_social_post_already_shared":true,"jetpack_social_options":{"image_generator_settings":{"template":"highway","default_image_id":0,"font":"","enabled":false},"version":2}},"categories":[10],"tags":[7948,793,9710,21451,792,759],"class_list":["post-236778","post","type-post","status-publish","format-standard","has-post-thumbnail","hentry","category-dunya","tag-dortlu","tag-erdi","tag-kritik","tag-londrada","tag-sona","tag-zirve"],"jetpack_publicize_connections":[],"jetpack_featured_media_url":"https:\/\/i0.wp.com\/www.tvturk.com\/wp-content\/uploads\/2019\/12\/londrada-kritik-dortlu-zirve-sona-erdi_557f5f6.jpg?fit=1000%2C782","jetpack_sharing_enabled":true,"jetpack_shortlink":"https:\/\/wp.me\/paKIfm-ZB0","_links":{"self":[{"href":"http:\/\/www.tvturk.com\/index.php\/wp-json\/wp\/v2\/posts\/236778","targetHints":{"allow":["GET"]}}],"collection":[{"href":"http:\/\/www.tvturk.com\/index.php\/wp-json\/wp\/v2\/posts"}],"about":[{"href":"http:\/\/www.tvturk.com\/index.php\/wp-json\/wp\/v2\/types\/post"}],"author":[{"embeddable":true,"href":"http:\/\/www.tvturk.com\/index.php\/wp-json\/wp\/v2\/users\/1"}],"replies":[{"embeddable":true,"href":"http:\/\/www.tvturk.com\/index.php\/wp-json\/wp\/v2\/comments?post=236778"}],"version-history":[{"count":0,"href":"http:\/\/www.tvturk.com\/index.php\/wp-json\/wp\/v2\/posts\/236778\/revisions"}],"wp:featuredmedia":[{"embeddable":true,"href":"http:\/\/www.tvturk.com\/index.php\/wp-json\/wp\/v2\/media\/236779"}],"wp:attachment":[{"href":"http:\/\/www.tvturk.com\/index.php\/wp-json\/wp\/v2\/media?parent=236778"}],"wp:term":[{"taxonomy":"category","embeddable":true,"href":"http:\/\/www.tvturk.com\/index.php\/wp-json\/wp\/v2\/categories?post=236778"},{"taxonomy":"post_tag","embeddable":true,"href":"http:\/\/www.tvturk.com\/index.php\/wp-json\/wp\/v2\/tags?post=236778"}],"curies":[{"name":"wp","href":"https:\/\/api.w.org\/{rel}","templated":true}]}}