{"id":236787,"date":"2019-12-03T21:01:38","date_gmt":"2019-12-03T18:01:38","guid":{"rendered":"http:\/\/www.tvturk.com\/index.php\/merkelden-dortlu-zirve-sonrasi-aciklama\/"},"modified":"2019-12-03T21:01:38","modified_gmt":"2019-12-03T18:01:38","slug":"merkelden-dortlu-zirve-sonrasi-aciklama","status":"publish","type":"post","link":"http:\/\/www.tvturk.com\/index.php\/merkelden-dortlu-zirve-sonrasi-aciklama\/","title":{"rendered":"Merkel\u2019den D\u00f6rtl\u00fc Zirve sonras\u0131 a\u00e7\u0131klama"},"content":{"rendered":"<p>Almanya Ba\u015fbakan\u0131 Angela Merkel, Londra\u2019da ger\u00e7ekle\u015ftirilen Suriye konulu D\u00f6rtl\u00fc Zirve\u2019nin ard\u0131ndan yapt\u0131\u011f\u0131 a\u00e7\u0131klamada, ittifak\u0131n \u00fcyelerinin t\u00fcm farkl\u0131 d\u00fc\u015f\u00fcncelerine ra\u011fmen yar\u0131n ger\u00e7ekle\u015fecek NATO Liderler Toplant\u0131s\u0131\u2019na iyimser bir duyguyla gidece\u011fini s\u00f6yledi.<\/p>\n<p>Londra\u2019da yar\u0131n ger\u00e7ekle\u015ftirilecek NATO \u0130ttifak\u0131\u2019n\u0131n kurulu\u015funun 70. y\u0131l d\u00f6n\u00fcm\u00fc dolay\u0131s\u0131yla d\u00fczenlenecek NATO Liderler Toplant\u0131s\u0131 \u00f6ncesi 10 Downing Street\u2019te Suriye konulu D\u00f6rtl\u00fc Zirve ger\u00e7ekle\u015ftirildi. Zirveye Cumhurba\u015fkan\u0131 Recep Tayyip Erdo\u011fan, Fransa Cumhurba\u015fkan\u0131 Emmanuel Macron, Almanya Ba\u015fbakan\u0131 Angela Merkel ve \u0130ngiltere Ba\u015fbakan\u0131 Boris Johnson kat\u0131ld\u0131.<\/p>\n<p>Zirveden ayr\u0131l\u0131rken a\u00e7\u0131klama yapan Cumhurba\u015fkan\u0131 Erdo\u011fan, \u201cZirve gayet iyi ge\u00e7ti\u201d dedi.<\/p>\n<p>Almanya Ba\u015fbakan\u0131 Angela Merkel de zirve sonras\u0131 gazetecilere a\u00e7\u0131klamalarda bulundu. Merkel, &#8220;T\u00fcrkiye cumhurba\u015fkan\u0131 Erdo\u011fan ile yapt\u0131\u011f\u0131m\u0131z g\u00f6r\u00fc\u015fme, bu konular\u0131 ele alabilece\u011fimiz toplant\u0131lar\u0131n her zaman iyi ge\u00e7ti\u011fini g\u00f6steriyor&#8221; dedi.<\/p>\n<p>Yar\u0131n ger\u00e7ekle\u015ftirilecek toplant\u0131da NATO\u2019nun gelece\u011fi ve m\u00fcttefiklerin ortak stratejik \u00e7\u0131karlar\u0131 hakk\u0131nda konu\u015fulmas\u0131 gerekti\u011fini s\u00f6yleyen Merkel, ittifak\u0131n \u00fcyelerinin t\u00fcm farkl\u0131 d\u00fc\u015f\u00fcncelerine ra\u011fmen yar\u0131n ger\u00e7ekle\u015fecek NATO Liderler Toplant\u0131s\u0131\u2019na iyimser bir duyguyla gidece\u011fini ifade etti.<\/p>\n","protected":false},"excerpt":{"rendered":"<p>ALMANYA BA\u015eBAKANI ANGELA MERKEL, LONDRA\u2019DA GER\u00c7EKLE\u015eT\u0130R\u0130LEN SUR\u0130YE KONULU D\u00d6RTL\u00dc Z\u0130RVE\u2019N\u0130N ARDINDAN YAPTI\u011eI A\u00c7IKLAMADA, \u0130TT\u0130FAKIN \u00dcYELER\u0130N\u0130N T\u00dcM FARKLI D\u00dc\u015e\u00dcNCELER\u0130NE RA\u011eMEN YARIN GER\u00c7EKLE\u015eECEK NATO L\u0130DERLER TOPLANTISI\u2019NA \u0130Y\u0130MSER B\u0130R DUYGUYLA G\u0130DECE\u011e\u0130N\u0130 S\u00d6YLED\u0130.<\/p>\n","protected":false},"author":1,"featured_media":236788,"comment_status":"closed","ping_status":"open","sticky":false,"template":"","format":"standard","meta":{"jetpack_post_was_ever_published":false,"_jetpack_newsletter_access":"","_jetpack_dont_email_post_to_subs":false,"_jetpack_newsletter_tier_id":0,"_jetpack_memberships_contains_paywalled_content":false,"_jetpack_memberships_contains_paid_content":false,"footnotes":"","jetpack_publicize_message":"","jetpack_publicize_feature_enabled":true,"jetpack_social_post_already_shared":true,"jetpack_social_options":{"image_generator_settings":{"template":"highway","default_image_id":0,"font":"","enabled":false},"version":2}},"categories":[10],"tags":[3349,7948,19636,36,759],"class_list":["post-236787","post","type-post","status-publish","format-standard","has-post-thumbnail","hentry","category-dunya","tag-aciklama","tag-dortlu","tag-merkelden","tag-sonrasi","tag-zirve"],"jetpack_publicize_connections":[],"jetpack_featured_media_url":"https:\/\/i0.wp.com\/www.tvturk.com\/wp-content\/uploads\/2019\/12\/merkelden-dortlu-zirve-sonrasi-aciklama_eddfc68.jpg?fit=920%2C586","jetpack_sharing_enabled":true,"jetpack_shortlink":"https:\/\/wp.me\/paKIfm-ZB9","_links":{"self":[{"href":"http:\/\/www.tvturk.com\/index.php\/wp-json\/wp\/v2\/posts\/236787","targetHints":{"allow":["GET"]}}],"collection":[{"href":"http:\/\/www.tvturk.com\/index.php\/wp-json\/wp\/v2\/posts"}],"about":[{"href":"http:\/\/www.tvturk.com\/index.php\/wp-json\/wp\/v2\/types\/post"}],"author":[{"embeddable":true,"href":"http:\/\/www.tvturk.com\/index.php\/wp-json\/wp\/v2\/users\/1"}],"replies":[{"embeddable":true,"href":"http:\/\/www.tvturk.com\/index.php\/wp-json\/wp\/v2\/comments?post=236787"}],"version-history":[{"count":0,"href":"http:\/\/www.tvturk.com\/index.php\/wp-json\/wp\/v2\/posts\/236787\/revisions"}],"wp:featuredmedia":[{"embeddable":true,"href":"http:\/\/www.tvturk.com\/index.php\/wp-json\/wp\/v2\/media\/236788"}],"wp:attachment":[{"href":"http:\/\/www.tvturk.com\/index.php\/wp-json\/wp\/v2\/media?parent=236787"}],"wp:term":[{"taxonomy":"category","embeddable":true,"href":"http:\/\/www.tvturk.com\/index.php\/wp-json\/wp\/v2\/categories?post=236787"},{"taxonomy":"post_tag","embeddable":true,"href":"http:\/\/www.tvturk.com\/index.php\/wp-json\/wp\/v2\/tags?post=236787"}],"curies":[{"name":"wp","href":"https:\/\/api.w.org\/{rel}","templated":true}]}}